{"id":773,"date":"2025-02-06T22:17:52","date_gmt":"2025-02-07T01:17:52","guid":{"rendered":"https:\/\/www.enorsai.com\/noticias\/?p=773"},"modified":"2025-02-06T22:17:52","modified_gmt":"2025-02-07T01:17:52","slug":"nestle-paraliza-su-produccion-en-cordoba","status":"publish","type":"post","link":"https:\/\/www.enorsai.com\/noticias\/economia\/nestle-paraliza-su-produccion-en-cordoba\/","title":{"rendered":"Nestl\u00e9 paraliza su producci\u00f3n en C\u00f3rdoba"},"content":{"rendered":"Una victimas m\u00e1s del ajuste de Milei<br \/><br \/>La multinacional alimenticia detiene su planta en Villa Nueva, obligando a 183 empleados a tomar vacaciones forzadas. La ca\u00edda del consumo y las pol\u00edticas econ\u00f3micas del Gobierno nacional, en el centro de la escena.<br \/><br \/>En un contexto de baja demanda y sobrestock, Nestl\u00e9 anunci\u00f3 la suspensi\u00f3n temporal de su producci\u00f3n en Villa Nueva, C\u00f3rdoba. Los trabajadores, forzados a tomar vacaciones en marzo, enfrentan un futuro incierto. \u00bfEs este el resultado de las pol\u00edticas de ajuste del Gobierno de Javier Milei?  <br \/><br \/>La noticia sacudi\u00f3 a Villa Nueva, una localidad cordobesa que, parad\u00f3jicamente, hab\u00eda votado masivamente a Javier Milei en las \u00faltimas elecciones. Nestl\u00e9, una de las empresas m\u00e1s emblem\u00e1ticas del sector alimenticio, anunci\u00f3 la paralizaci\u00f3n temporal de su planta, dejando a 183 trabajadores en una situaci\u00f3n de incertidumbre. La medida, justificada por la empresa como una respuesta al sobrestock y la ca\u00edda de las ventas, no hace m\u00e1s que reflejar el deterioro del mercado interno y las consecuencias de un modelo econ\u00f3mico que parece privilegiar la apertura de importaciones sobre la producci\u00f3n local.  <br \/><br \/>Fernando Mart\u00edn P\u00e1ez, secretario general del Sindicato de Trabajadores de la Industria de la Alimentaci\u00f3n (STIA), no dud\u00f3 en se\u00f1alar que la decisi\u00f3n de Nestl\u00e9 es un claro indicio de la crisis que atraviesa el sector. \u201cNo est\u00e1n vendiendo, por ende est\u00e1n sobrestockeados y toman la decisi\u00f3n de parar la producci\u00f3n en marzo y parte de abril\u201d, afirm\u00f3. Pero m\u00e1s all\u00e1 de los n\u00fameros, lo que preocupa es el impacto humano: trabajadores que ven c\u00f3mo sus condiciones laborales se precarizan, mientras el Gobierno nacional insiste en que el ajuste es el \u00fanico camino posible.  <br \/><br \/>Nestl\u00e9 no es la \u00fanica empresa que est\u00e1 sintiendo el golpe. Nissan, General Motors, Puma y Sancor son solo algunas de las firmas que han anunciado medidas de achique en los \u00faltimos meses. La ca\u00edda del consumo interno, agravada por la inflaci\u00f3n y la p\u00e9rdida del poder adquisitivo, ha generado un escenario desolador para la industria nacional. Y en medio de este panorama, las pol\u00edticas impulsadas por el Gobierno de Milei parecen m\u00e1s un obst\u00e1culo que una soluci\u00f3n.  <br \/><br \/>La apertura indiscriminada de las importaciones, una de las banderas del oficialismo, ha puesto en jaque a numerosas empresas locales. Mientras los productos extranjeros inundan el mercado, las f\u00e1bricas argentinas luchan por mantenerse a flote. Nestl\u00e9, que en 2022 hab\u00eda anunciado una inversi\u00f3n de 120 millones de d\u00f3lares para ampliar su infraestructura y aumentar sus exportaciones, hoy se ve obligada a cerrar temporalmente sus puertas. \u00bfEs este el \u201c\u00e9xito\u201d del modelo econ\u00f3mico que promet\u00eda revitalizar la econom\u00eda?  <br \/><br \/>Lo m\u00e1s indignante de esta situaci\u00f3n es que, una vez m\u00e1s, son los trabajadores quienes cargan con las consecuencias. Los empleados de Nestl\u00e9 no solo enfrentan vacaciones forzadas en marzo, sino tambi\u00e9n la presi\u00f3n de firmar notificaciones que legitiman esta medida. \u201cSiempre el ajuste lo pagan los trabajadores\u201d, denunci\u00f3 P\u00e1ez, quien adem\u00e1s sugiri\u00f3 que la empresa deber\u00eda implementar estrategias comerciales m\u00e1s agresivas, como la reducci\u00f3n de precios, para reactivar las ventas.  <br \/><br \/>Pero en un contexto donde el consumo est\u00e1 por el suelo, incluso estas medidas parecen insuficientes. La pregunta que queda flotando en el aire es: \u00bfhasta cu\u00e1ndo podr\u00e1n resistir las empresas y los trabajadores ante un modelo que parece ignorar las necesidades del mercado interno?  <br \/><br \/>La paralizaci\u00f3n de la planta de Villa Nueva no solo afecta a los 183 empleados directos, sino que tambi\u00e9n tiene un impacto en la econom\u00eda local. Nestl\u00e9 es una de las principales productoras de marcas reconocidas como Nido y Nesquik, y su cierre temporal plantea interrogantes sobre el futuro del empleo en la regi\u00f3n.  <br \/><br \/>Mientras tanto, el conflicto laboral ser\u00e1 tratado en el Ministerio de Trabajo de C\u00f3rdoba, donde se espera que las partes lleguen a un acuerdo. Sin embargo, en un escenario donde las pol\u00edticas nacionales parecen ir en contra de la producci\u00f3n local, cualquier soluci\u00f3n parece ser solo un parche temporal.  <br \/><br \/>La decisi\u00f3n de Nestl\u00e9 de paralizar su producci\u00f3n en Villa Nueva es un s\u00edntoma m\u00e1s de una econom\u00eda en crisis. Pero lejos de ser un problema aislado, refleja las consecuencias de un modelo econ\u00f3mico que prioriza el ajuste sobre el crecimiento, las importaciones sobre la producci\u00f3n local y los intereses del mercado sobre las necesidades de los trabajadores.  <br \/><br \/>En un pa\u00eds donde el consumo est\u00e1 en picada y las empresas luchan por mantenerse a flote, resulta dif\u00edcil creer que el camino hacia la recuperaci\u00f3n pase por m\u00e1s ajustes y menos protecci\u00f3n para la industria nacional. Mientras el Gobierno de Milei insiste en que \u201cno hay plata\u201d, son los trabajadores quienes pagan el precio de una crisis que parece no tener fin.  <br \/><br \/>Fuentes:","protected":false},"excerpt":{"rendered":"<p>Una victimas m\u00e1s del ajuste de Milei La multinacional alimenticia detiene su planta en Villa Nueva, obligando a 183 empleados a tomar vacaciones forzadas. La ca\u00edda del consumo y las pol\u00edticas econ\u00f3micas del Gobierno nacional, en el centro de la escena. En un contexto de baja demanda y sobrestock, Nestl\u00e9 anunci\u00f3 la suspensi\u00f3n temporal de&#8230;<\/p>\n","protected":false},"author":1,"featured_media":778,"comment_status":"open","ping_status":"open","sticky":false,"template":"","format":"standard","meta":{"_monsterinsights_skip_tracking":false,"_monsterinsights_sitenote_active":false,"_monsterinsights_sitenote_note":"","_monsterinsights_sitenote_category":0,"footnotes":"","jetpack_publicize_message":"","jetpack_publicize_feature_enabled":true,"jetpack_social_post_already_shared":true,"jetpack_social_options":{"image_generator_settings":{"template":"highway","default_image_id":0,"font":"","enabled":false},"version":2}},"categories":[3],"tags":[],"class_list":["post-773","post","type-post","status-publish","format-standard","has-post-thumbnail","hentry","category-economia"],"jetpack_publicize_connections":[],"_links":{"self":[{"href":"https:\/\/www.enorsai.com\/noticias\/wp-json\/wp\/v2\/posts\/773","targetHints":{"allow":["GET"]}}],"collection":[{"href":"https:\/\/www.enorsai.com\/noticias\/wp-json\/wp\/v2\/posts"}],"about":[{"href":"https:\/\/www.enorsai.com\/noticias\/wp-json\/wp\/v2\/types\/post"}],"author":[{"embeddable":true,"href":"https:\/\/www.enorsai.com\/noticias\/wp-json\/wp\/v2\/users\/1"}],"replies":[{"embeddable":true,"href":"https:\/\/www.enorsai.com\/noticias\/wp-json\/wp\/v2\/comments?post=773"}],"version-history":[{"count":1,"href":"https:\/\/www.enorsai.com\/noticias\/wp-json\/wp\/v2\/posts\/773\/revisions"}],"predecessor-version":[{"id":776,"href":"https:\/\/www.enorsai.com\/noticias\/wp-json\/wp\/v2\/posts\/773\/revisions\/776"}],"wp:featuredmedia":[{"embeddable":true,"href":"https:\/\/www.enorsai.com\/noticias\/wp-json\/wp\/v2\/media\/778"}],"wp:attachment":[{"href":"https:\/\/www.enorsai.com\/noticias\/wp-json\/wp\/v2\/media?parent=773"}],"wp:term":[{"taxonomy":"category","embeddable":true,"href":"https:\/\/www.enorsai.com\/noticias\/wp-json\/wp\/v2\/categories?post=773"},{"taxonomy":"post_tag","embeddable":true,"href":"https:\/\/www.enorsai.com\/noticias\/wp-json\/wp\/v2\/tags?post=773"}],"curies":[{"name":"wp","href":"https:\/\/api.w.org\/{rel}","templated":true}]}}