{"id":7723,"date":"2025-08-20T20:16:16","date_gmt":"2025-08-20T23:16:16","guid":{"rendered":"https:\/\/www.enorsai.com\/noticias\/?p=7723"},"modified":"2025-08-20T20:16:16","modified_gmt":"2025-08-20T23:16:16","slug":"diputados-rechazo-el-veto-de-milei-a-la-ley-de-emergencia-en-discapacidad","status":"publish","type":"post","link":"https:\/\/www.enorsai.com\/noticias\/politica\/diputados-rechazo-el-veto-de-milei-a-la-ley-de-emergencia-en-discapacidad\/","title":{"rendered":"Diputados rechaz\u00f3 el veto de Milei a la ley de emergencia en discapacidad"},"content":{"rendered":"\n<p>Entrevista exclusiva a Fernando Zizzias, presidente del Grupo de Establecimiento de Educaci\u00f3n Especial de Buenos Aires<\/p>\n\n\n\n<p><strong>Diputados rechazaron el veto presidencial a la ley de emergencia en discapacidad<\/strong>&nbsp;con una votaci\u00f3n contundente: 172 votos afirmativos, 73 negativos y dos abstenciones. El d\u00eda fue clave para los prestadores de servicios y educaci\u00f3n especial, quienes llevan a\u00f1os reclamando recursos, financiaci\u00f3n y un di\u00e1logo real con el Estado.<\/p>\n\n\n\n<p>Fernando Zizzias recibi\u00f3 la noticia con \u201calegr\u00eda y esperanza\u201d, porque, seg\u00fan describi\u00f3 a Continental, \u201cera el escollo m\u00e1s complicado; en senadores el camino est\u00e1 m\u00e1s allanado, pero en diputados hab\u00eda muchas dudas\u201d. El dirigente resalt\u00f3 el trabajo de la oposici\u00f3n y la importancia de superar el umbral de dos tercios.<\/p>\n\n\n\n<p>La discusi\u00f3n volvi\u00f3 a poner sobre la mesa los problemas estructurales del sector de la discapacidad: la falta de presupuesto, el retraso de pagos y las dificultades que enfrentan los prestadores para sobrevivir en el actual contexto econ\u00f3mico. Zizzias subray\u00f3: \u201cGlobalmente entendemos el equilibrio fiscal. Lo que hay que discutir es a costa de qu\u00e9 y a qui\u00e9nes afecta\u201d. <\/p>\n\n\n\n<figure class=\"wp-block-embed is-type-wp-embed is-provider-incrustado wp-block-embed-incrustado\"><div class=\"wp-block-embed__wrapper\">\n<blockquote class=\"wp-embedded-content\" data-secret=\"LMZydlFr0q\"><a href=\"https:\/\/www.enorsai.com\/noticias\/politica\/espionaje-opus-dei-y-ambiciones-politicas-los-oscuros-vinculos-del-diputado-santurio\/\">Espionaje, Opus Dei y ambiciones pol\u00edticas: los oscuros v\u00ednculos del diputado Santurio<\/a><\/blockquote><iframe loading=\"lazy\" class=\"wp-embedded-content\" sandbox=\"allow-scripts\" security=\"restricted\" style=\"position: absolute; visibility: hidden;\" title=\"\u00abEspionaje, Opus Dei y ambiciones pol\u00edticas: los oscuros v\u00ednculos del diputado Santurio\u00bb \u2014 \" src=\"https:\/\/www.enorsai.com\/noticias\/politica\/espionaje-opus-dei-y-ambiciones-politicas-los-oscuros-vinculos-del-diputado-santurio\/embed\/#?secret=BTmh06i3zN#?secret=LMZydlFr0q\" data-secret=\"LMZydlFr0q\" width=\"600\" height=\"338\" frameborder=\"0\" marginwidth=\"0\" marginheight=\"0\" scrolling=\"no\"><\/iframe>\n<\/div><\/figure>\n\n\n\n<p>En la charla se abord\u00f3 la cuesti\u00f3n de la corrupci\u00f3n vinculada a la asignaci\u00f3n de pensiones y beneficios. Zizzias diferenci\u00f3 el universo de los prestadores sociales del de las pensiones: \u201cEl dinero de los prestadores no tiene nada que ver con el de las pensiones. Lo que creci\u00f3 fue la gente que accedi\u00f3 a un beneficio, no la cantidad real de personas con discapacidad\u201d.<\/p>\n\n\n\n<p>El dirigente record\u00f3 que los fondos para servicios de discapacidad provienen de prepagas sociales, prepagas, y en menor medida del programa federal Incluir Salud, destinado a quienes no cuentan con cobertura.<\/p>\n\n\n\n<p>Finalmente, Zizzias hizo hincapi\u00e9 en la urgencia de un&nbsp;<strong>di\u00e1logo abierto<\/strong>&nbsp;con el gobierno para abordar soluciones estructurales: \u201cEsto se podr\u00eda haber resuelto antes, sent\u00e1ndonos y ordenando la deuda, los pagos y los planes de financiamiento. Falta di\u00e1logo y hay que reglamentar la ley. Esta historia no termina ac\u00e1\u201d.<\/p>\n","protected":false},"excerpt":{"rendered":"<p>Diputados rechaz\u00f3 el veto de Milei a la ley de emergencia en discapacidad y el sector educativo especial pide m\u00e1s di\u00e1logo y soluciones para la financiaci\u00f3n y los beneficios.<\/p>\n","protected":false},"author":5,"featured_media":7724,"comment_status":"open","ping_status":"open","sticky":false,"template":"","format":"standard","meta":{"_monsterinsights_skip_tracking":false,"_monsterinsights_sitenote_active":false,"_monsterinsights_sitenote_note":"","_monsterinsights_sitenote_category":0,"footnotes":"","jetpack_publicize_message":"Diputados frenan el veto de Milei: esperanza y reclamos del sector discapacidad","jetpack_publicize_feature_enabled":true,"jetpack_social_post_already_shared":false,"jetpack_social_options":{"image_generator_settings":{"template":"highway","default_image_id":0,"font":"","enabled":false},"version":2}},"categories":[2,4],"tags":[93,75,3147,260,900,3148,537,27,3146,1354,3143,45,935,3149,3145,3144,2535],"class_list":["post-7723","post","type-post","status-publish","format-standard","has-post-thumbnail","hentry","category-politica","category-sociedad","tag-argentina","tag-corrupcion","tag-dialogo","tag-diputados","tag-discapacidad","tag-educacion-especial","tag-financiamiento","tag-gobierno","tag-grupo-de-establecimiento-de-educacion-especial","tag-inclusion","tag-ley-de-emergencia","tag-milei","tag-pensiones","tag-prestacion-social","tag-prestaciones","tag-senadores","tag-veto-presidencial"],"jetpack_publicize_connections":[],"_links":{"self":[{"href":"https:\/\/www.enorsai.com\/noticias\/wp-json\/wp\/v2\/posts\/7723","targetHints":{"allow":["GET"]}}],"collection":[{"href":"https:\/\/www.enorsai.com\/noticias\/wp-json\/wp\/v2\/posts"}],"about":[{"href":"https:\/\/www.enorsai.com\/noticias\/wp-json\/wp\/v2\/types\/post"}],"author":[{"embeddable":true,"href":"https:\/\/www.enorsai.com\/noticias\/wp-json\/wp\/v2\/users\/5"}],"replies":[{"embeddable":true,"href":"https:\/\/www.enorsai.com\/noticias\/wp-json\/wp\/v2\/comments?post=7723"}],"version-history":[{"count":1,"href":"https:\/\/www.enorsai.com\/noticias\/wp-json\/wp\/v2\/posts\/7723\/revisions"}],"predecessor-version":[{"id":7725,"href":"https:\/\/www.enorsai.com\/noticias\/wp-json\/wp\/v2\/posts\/7723\/revisions\/7725"}],"wp:featuredmedia":[{"embeddable":true,"href":"https:\/\/www.enorsai.com\/noticias\/wp-json\/wp\/v2\/media\/7724"}],"wp:attachment":[{"href":"https:\/\/www.enorsai.com\/noticias\/wp-json\/wp\/v2\/media?parent=7723"}],"wp:term":[{"taxonomy":"category","embeddable":true,"href":"https:\/\/www.enorsai.com\/noticias\/wp-json\/wp\/v2\/categories?post=7723"},{"taxonomy":"post_tag","embeddable":true,"href":"https:\/\/www.enorsai.com\/noticias\/wp-json\/wp\/v2\/tags?post=7723"}],"curies":[{"name":"wp","href":"https:\/\/api.w.org\/{rel}","templated":true}]}}