{"id":7715,"date":"2025-08-20T15:59:35","date_gmt":"2025-08-20T18:59:35","guid":{"rendered":"https:\/\/www.enorsai.com\/noticias\/?p=7715"},"modified":"2025-08-27T15:17:57","modified_gmt":"2025-08-27T18:17:57","slug":"el-candidato-mimado-por-karina-milei-y-pettovello-llega-a-juicio-oral-por-violencia-de-genero","status":"publish","type":"post","link":"https:\/\/www.enorsai.com\/noticias\/politica\/el-candidato-mimado-por-karina-milei-y-pettovello-llega-a-juicio-oral-por-violencia-de-genero\/","title":{"rendered":"El candidato mimado por Karina Milei y Pettovello llega a juicio oral por violencia de g\u00e9nero"},"content":{"rendered":"\n<p><strong><em>Federico Bojanovich, funcionario del Ministerio de Capital Humano y candidato \u201centrable\u201d a diputado provincial por La Libertad Avanza, enfrentar\u00e1 un juicio oral por violencia de g\u00e9nero tras una denuncia de su expareja. El caso expone la contradicci\u00f3n brutal entre el discurso de los libertarios y la impunidad que protegen dentro de sus propias filas.<\/em><\/strong><\/p>\n\n\n\n<p>El armado pol\u00edtico de Karina Milei en la provincia de Buenos Aires vuelve a mostrar grietas profundas que ya no pueden taparse con frases altisonantes ni con la maquinaria comunicacional que suele blindar a los libertarios. Esta vez, el epicentro de la pol\u00e9mica es Federico Bojanovich, referente de La Libertad Avanza en Ensenada, funcionario del Ministerio de Capital Humano que conduce Sandra Pettovello y candidato a diputado provincial en la tercera secci\u00f3n electoral. Su nombre, que hasta hace poco circulaba en las internas libertarias como un dirigente emergente, ahora se inscribe en los expedientes judiciales bajo una acusaci\u00f3n contundente: lesiones en contexto de violencia de g\u00e9nero y da\u00f1o.<\/p>\n\n\n\n<p>La denuncia, presentada en 2022 por su entonces pareja, detalla una serie de agresiones f\u00edsicas y hostigamientos que tuvieron lugar a la salida de un boliche en La Plata. Seg\u00fan consta en el expediente, Bojanovich la empuj\u00f3, le arrebat\u00f3 el celular y lo destroz\u00f3 arroj\u00e1ndolo contra el suelo. Luego, dentro de un autom\u00f3vil, la golpe\u00f3 en el rostro y lleg\u00f3 a impactar su cabeza contra la puerta del veh\u00edculo. La v\u00edctima fue atendida en el Hospital San Roque, donde recibi\u00f3 asistencia m\u00e9dica, y aport\u00f3 pruebas que incluyen certificados y capturas de mensajes intimidatorios. La crudeza de esos episodios pone en evidencia un patr\u00f3n de violencia que no puede relativizarse.<\/p>\n\n\n\n<p>Lo que agrava a\u00fan m\u00e1s el cuadro es la conducta evasiva del acusado durante la investigaci\u00f3n. Durante meses logr\u00f3 esquivar las notificaciones judiciales, maniobra que retras\u00f3 el avance del proceso. El cerco reci\u00e9n se cerr\u00f3 en noviembre de 2023, cuando personal de Prefectura Naval lo demor\u00f3 en pleno acto electoral, mientras votaba en el balotaje que consagr\u00f3 a Javier Milei como presidente. Ese mismo d\u00eda, la Justicia finalmente pudo notificarlo de la causa que ya pesaba sobre \u00e9l.<\/p>\n\n\n\n<p>Lejos de marginarlo, el espacio libertario decidi\u00f3 ubicarlo en el noveno puesto de la lista de candidatos a diputados provinciales de la tercera secci\u00f3n electoral, una posici\u00f3n \u201centrable\u201d que lo deja a las puertas de una banca y de la inmunidad parlamentaria. El cinismo pol\u00edtico se evidencia en este punto: mientras la sociedad argentina lucha por erradicar la violencia machista y clama por Justicia en cada femicidio, La Libertad Avanza promueve a un dirigente acusado de golpear y hostigar a una mujer.<\/p>\n\n\n\n<p>El juez de Garant\u00edas Mart\u00edn Miguel Rizzo aval\u00f3 en agosto de 2024 el pedido de la fiscal especializada en violencia de g\u00e9nero, Mariana Ruffino, y resolvi\u00f3 que Bojanovich sea sometido a juicio oral. El proceso se desarrollar\u00e1 en el Juzgado Correccional N\u00b02 de La Plata, donde se evaluar\u00e1n pruebas, testigos y pericias m\u00e9dicas. No se trata de una denuncia vaga ni de un rumor amplificado: el expediente judicial est\u00e1 nutrido de evidencia concreta y avalado por resoluciones firmes.<\/p>\n\n\n\n<p>El prontuario pol\u00edtico de Bojanovich tampoco se limita a esta acusaci\u00f3n. En 2023 compiti\u00f3 por la intendencia de Ensenada y perdi\u00f3, pero logr\u00f3 mantenerse en el c\u00edrculo de confianza de Karina Milei y de Pettovello. Desde abril de 2025 ocupa un cargo en la Agencia Territorial Lomas de Zamora, dependiente de la Secretar\u00eda de Trabajo del Ministerio de Capital Humano, puesto renovado por resoluci\u00f3n oficial durante 180 d\u00edas. All\u00ed, en un cargo estatal financiado con recursos p\u00fablicos, se desempe\u00f1a un hombre a punto de enfrentar un juicio por violencia de g\u00e9nero. Una muestra m\u00e1s del doble est\u00e1ndar libertario: hablan de \u201ccasta\u201d y \u201cprivilegios\u201d, pero se protegen entre ellos con cargos y candidaturas.<\/p>\n\n\n\n<figure class=\"wp-block-embed is-type-rich is-provider-twitter wp-block-embed-twitter\"><div class=\"wp-block-embed__wrapper\">\n<blockquote class=\"twitter-tweet\" data-width=\"550\" data-dnt=\"true\"><p lang=\"es\" dir=\"ltr\"><a href=\"https:\/\/twitter.com\/hashtag\/C%C3%B3digoBAIRES?src=hash&amp;ref_src=twsrc%5Etfw\">#C\u00f3digoBAIRES<\/a> |Elevan a juicio una causa por violencia de g\u00e9nero que tiene como principal imputado a un candidato a diputado de La Libertad Avanza en la Tercera Secci\u00f3n. Adem\u00e1s, es funcionario del Ministerio de Capital Humano (<a href=\"https:\/\/twitter.com\/MinCapHum_Ar?ref_src=twsrc%5Etfw\">@MinCapHum_Ar<\/a> ) (<a href=\"https:\/\/twitter.com\/SPareja_?ref_src=twsrc%5Etfw\">@SPareja_<\/a> ) <a href=\"https:\/\/t.co\/hFbHajftL4\">pic.twitter.com\/hFbHajftL4<\/a><\/p>&mdash; Radio La Plata 90.9 (@radiolaplata909) <a href=\"https:\/\/twitter.com\/radiolaplata909\/status\/1957859373373374857?ref_src=twsrc%5Etfw\">August 19, 2025<\/a><\/blockquote><script async src=\"https:\/\/platform.twitter.com\/widgets.js\" charset=\"utf-8\"><\/script>\n<\/div><\/figure>\n\n\n\n<p>La v\u00edctima, que mantuvo con Bojanovich una relaci\u00f3n de tres a\u00f1os, no solo denunci\u00f3 las agresiones sino que adem\u00e1s pidi\u00f3 medidas de restricci\u00f3n perimetral y de cese de hostigamiento. El relato judicial describe con minuciosidad la secuencia de los golpes, insultos y amenazas. El hecho, lejos de ser un episodio aislado, refleja el drama cotidiano de miles de mujeres en la Argentina, que sufren violencia machista mientras las estructuras pol\u00edticas que deber\u00edan representarlas terminan encubriendo a los agresores.<\/p>\n\n\n\n<p>El contraste es brutal: mientras desde el gobierno de Milei se promueven discursos de \u201clibertad\u201d y se recortan programas de asistencia a v\u00edctimas de violencia, en paralelo se alienta a candidatos como Bojanovich, cuyo derrotero judicial desnuda la hipocres\u00eda del relato oficial. La contradicci\u00f3n no es menor: Pettovello, ministra de Capital Humano, encabeza la cartera que deber\u00eda velar por pol\u00edticas de protecci\u00f3n social, y sin embargo sostiene en sus filas a un funcionario denunciado e imputado por violencia de g\u00e9nero.<\/p>\n\n\n\n<p>La elevaci\u00f3n a juicio no es solo un hecho jur\u00eddico, es tambi\u00e9n un s\u00edntoma pol\u00edtico. Expone la fragilidad moral de un espacio que se presenta como \u201crenovador\u201d mientras recicla viejas pr\u00e1cticas de impunidad. Las preguntas se vuelven inevitables: \u00bfqu\u00e9 clase de renovaci\u00f3n pol\u00edtica es esta que incluye en sus listas a hombres denunciados por golpear mujeres? \u00bfQu\u00e9 tipo de \u00e9tica p\u00fablica se defiende cuando la prioridad es garantizar la inmunidad parlamentaria a un imputado antes que dar respuestas a la sociedad?<\/p>\n\n\n\n<p>El caso Bojanovich no es una an\u00e9cdota menor en el armado libertario bonaerense. Es la muestra de un modo de construir poder que ignora deliberadamente los derechos de las mujeres y privilegia el pacto corporativo entre dirigentes. Mientras la Justicia avanza, la pol\u00edtica libertaria retrocede a pasos agigantados en credibilidad. La estrategia de blindaje puede rendirles dividendos electorales en lo inmediato, pero a largo plazo expone un proyecto sin densidad \u00e9tica, que se devora a s\u00ed mismo en su propia contradicci\u00f3n.<\/p>\n\n\n\n<p>En los pr\u00f3ximos meses, el juicio oral pondr\u00e1 frente a frente a las pruebas m\u00e9dicas, los testimonios de testigos y las estrategias de defensa. All\u00ed se jugar\u00e1 una parte importante de la credibilidad del espacio que lideran Javier y Karina Milei. Porque si algo queda claro es que no se trata solo de la conducta de un dirigente en particular, sino del aval pol\u00edtico que le otorgan quienes lo sostienen. Y en ese aval est\u00e1 la verdadera radiograf\u00eda del poder libertario: un poder dispuesto a naturalizar la violencia de g\u00e9nero cuando se trata de proteger a los suyos.<\/p>\n\n\n\n<p>La pregunta de fondo persiste: \u00bfqu\u00e9 significa hablar de \u201clibertad\u201d cuando se la reduce al beneficio de unos pocos y se la niega brutalmente a las v\u00edctimas de violencia?<\/p>\n\n\n\n<p><strong>Fuentes:<\/strong><\/p>\n\n\n\n<ul class=\"wp-block-list\">\n<li><a href=\"https:\/\/www.latecla.info\/160950-candidato-a-diputado-por-la-libertad-avanza-ira-a-juicio-por-violencia-de-genero\">https:\/\/www.latecla.info\/160950-candidato-a-diputado-por-la-libertad-avanza-ira-a-juicio-por-violencia-de-genero<\/a><\/li>\n\n\n\n<li><a href=\"https:\/\/www.newsdigitales.com\/nota\/309809\/el-candidato-de-karina-milei-en-la-plata-ira-a-juicio-por-violencia-de-genero\/\">https:\/\/www.newsdigitales.com\/nota\/309809\/el-candidato-de-karina-milei-en-la-plata-ira-a-juicio-por-violencia-de-genero\/<\/a><\/li>\n\n\n\n<li><a href=\"https:\/\/www.newsdigitales.com\/nota\/309809\/el-candidato-de-karina-milei-en-la-plata-ira-a-juicio-por-violencia-de-genero\/\">https:\/\/www.newsdigitales.com\/nota\/309809\/el-candidato-de-karina-milei-en-la-plata-ira-a-juicio-por-violencia-de-genero\/<\/a><\/li>\n<\/ul>\n","protected":false},"excerpt":{"rendered":"<p>Federico Bojanovich, funcionario de Capital Humano y candidato a diputado provincial por La Libertad Avanza, enfrentar\u00e1 un juicio oral por violencia de g\u00e9nero tras la denuncia de su expareja. El caso revela las contradicciones del armado de Karina Milei y Sandra Pettovello, que prioriza blindar a sus dirigentes antes que proteger a las v\u00edctimas.<\/p>\n","protected":false},"author":11,"featured_media":7716,"comment_status":"open","ping_status":"open","sticky":false,"template":"","format":"standard","meta":{"_monsterinsights_skip_tracking":false,"_monsterinsights_sitenote_active":false,"_monsterinsights_sitenote_note":"","_monsterinsights_sitenote_category":0,"footnotes":"","jetpack_publicize_message":"","jetpack_publicize_feature_enabled":true,"jetpack_social_post_already_shared":true,"jetpack_social_options":{"image_generator_settings":{"template":"highway","default_image_id":0,"font":"","enabled":false},"version":2}},"categories":[2],"tags":[3140,190,3139,748,70,635,45,1043,711],"class_list":["post-7715","post","type-post","status-publish","format-standard","has-post-thumbnail","hentry","category-politica","tag-bojanovich","tag-elecciones","tag-ensenada","tag-genero","tag-justicia","tag-karina","tag-milei","tag-pettovello","tag-violencia"],"jetpack_publicize_connections":[],"_links":{"self":[{"href":"https:\/\/www.enorsai.com\/noticias\/wp-json\/wp\/v2\/posts\/7715","targetHints":{"allow":["GET"]}}],"collection":[{"href":"https:\/\/www.enorsai.com\/noticias\/wp-json\/wp\/v2\/posts"}],"about":[{"href":"https:\/\/www.enorsai.com\/noticias\/wp-json\/wp\/v2\/types\/post"}],"author":[{"embeddable":true,"href":"https:\/\/www.enorsai.com\/noticias\/wp-json\/wp\/v2\/users\/11"}],"replies":[{"embeddable":true,"href":"https:\/\/www.enorsai.com\/noticias\/wp-json\/wp\/v2\/comments?post=7715"}],"version-history":[{"count":1,"href":"https:\/\/www.enorsai.com\/noticias\/wp-json\/wp\/v2\/posts\/7715\/revisions"}],"predecessor-version":[{"id":7717,"href":"https:\/\/www.enorsai.com\/noticias\/wp-json\/wp\/v2\/posts\/7715\/revisions\/7717"}],"wp:featuredmedia":[{"embeddable":true,"href":"https:\/\/www.enorsai.com\/noticias\/wp-json\/wp\/v2\/media\/7716"}],"wp:attachment":[{"href":"https:\/\/www.enorsai.com\/noticias\/wp-json\/wp\/v2\/media?parent=7715"}],"wp:term":[{"taxonomy":"category","embeddable":true,"href":"https:\/\/www.enorsai.com\/noticias\/wp-json\/wp\/v2\/categories?post=7715"},{"taxonomy":"post_tag","embeddable":true,"href":"https:\/\/www.enorsai.com\/noticias\/wp-json\/wp\/v2\/tags?post=7715"}],"curies":[{"name":"wp","href":"https:\/\/api.w.org\/{rel}","templated":true}]}}