{"id":7695,"date":"2025-08-20T08:22:24","date_gmt":"2025-08-20T11:22:24","guid":{"rendered":"https:\/\/www.enorsai.com\/noticias\/?p=7695"},"modified":"2025-08-20T08:22:24","modified_gmt":"2025-08-20T11:22:24","slug":"una-senadora-contra-la-universidad-publica-el-discurso-de-carmen-alvarez-rivero-en-el-plenario-de-educacion-y-presupuesto","status":"publish","type":"post","link":"https:\/\/www.enorsai.com\/noticias\/politica\/una-senadora-contra-la-universidad-publica-el-discurso-de-carmen-alvarez-rivero-en-el-plenario-de-educacion-y-presupuesto\/","title":{"rendered":"Una senadora contra la universidad p\u00fablica: el discurso de Carmen \u00c1lvarez Rivero en el plenario de Educaci\u00f3n y Presupuesto"},"content":{"rendered":"\n<h4 class=\"wp-block-heading\"><em><strong>Entre acusaciones de corrupci\u00f3n, cr\u00edticas a la gratuidad y reclamos de control, la senadora cordobesa se sum\u00f3 al libreto del gobierno de Javier Milei y apunt\u00f3 contra la Universidad Nacional de C\u00f3rdoba, cuestionando su rol hist\u00f3rico, su financiamiento y su v\u00ednculo con la sociedad.<\/strong><\/em><\/h4>\n\n\n\n<p>En el plenario de las comisiones de Educaci\u00f3n y Presupuesto, la senadora por C\u00f3rdoba Carmen \u00c1lvarez Rivero dej\u00f3 en claro su postura respecto al sistema universitario p\u00fablico. Con un tono duro, cargado de acusaciones y juicios de valor, sostuvo que la Universidad Nacional de C\u00f3rdoba \u2014la casa de estudios m\u00e1s antigua del pa\u00eds, fundada en tiempos coloniales por los jesuitas\u2014 se ha convertido en \u201cuna estafa para los cordobeses\u201d. Detr\u00e1s de esas palabras no solo se percibe una cr\u00edtica institucional, sino tambi\u00e9n una clara alineaci\u00f3n con la pol\u00edtica educativa de ajuste y desprestigio que impulsa el gobierno de Javier Milei contra la educaci\u00f3n superior.<\/p>\n\n\n\n<p>El discurso de \u00c1lvarez Rivero estuvo atravesado por la idea de que el problema no es la falta de recursos sino la supuesta \u201cmala gesti\u00f3n\u201d de las universidades. Seg\u00fan ella, el ingreso irrestricto, la ausencia de prioridades claras y las pr\u00e1cticas pol\u00edticas dentro de las casas de estudio ser\u00edan las responsables de la baja tasa de egresos. En un se\u00f1alamiento que busca instalar una agenda de restricci\u00f3n y meritocracia, la senadora denunci\u00f3 que menos del 20% de los estudiantes que ingresan logran graduarse, y sugiri\u00f3 que el problema radica en la gratuidad de la educaci\u00f3n y la masividad de los ingresos. La insinuaci\u00f3n es peligrosa: si la universidad no \u201crinde\u201d, entonces el Estado deber\u00eda condicionar su existencia al mercado laboral y a la rentabilidad de la inversi\u00f3n.<\/p>\n\n\n\n<p>En un pasaje de su intervenci\u00f3n, \u00c1lvarez Rivero acus\u00f3 a la Universidad Nacional de C\u00f3rdoba de funcionar como \u201cuna caja pol\u00edtica sin control, llena de microcorrupciones\u201d, y sostuvo que esas irregularidades ya habr\u00edan sido denunciadas ante la justicia federal. El ejemplo que eligi\u00f3 fue la Facultad de Medicina, donde mencion\u00f3 supuestas \u201cpeque\u00f1as corrupciones\u201d sin precisar pruebas concretas m\u00e1s all\u00e1 de su afirmaci\u00f3n. El recurso discursivo no es casual: al presentar a la universidad como un espacio opaco y plagado de irregularidades, se justifica el avance de auditor\u00edas externas, el condicionamiento presupuestario y la injerencia pol\u00edtica bajo la excusa de la transparencia.<\/p>\n\n\n\n<p>El se\u00f1alamiento no se detuvo en la cuesti\u00f3n acad\u00e9mica. La senadora apunt\u00f3 tambi\u00e9n contra los medios universitarios, como los servicios de radio y televisi\u00f3n que dependen de la UNC, describi\u00e9ndolos como \u201cotra caja pol\u00edtica\u201d y una \u201cplataforma ideol\u00f3gica\u201d sostenida durante dos d\u00e9cadas. Con esa definici\u00f3n busc\u00f3 instalar la idea de que los espacios de comunicaci\u00f3n universitaria no cumplen una funci\u00f3n p\u00fablica ni cultural, sino que ser\u00edan meros refugios de militancia. En esa l\u00f3gica, cualquier voz que escape al discurso oficial se convierte en \u201cideolog\u00eda\u201d mientras que el relato del ajuste aparece como \u201csentido com\u00fan\u201d.<\/p>\n\n\n\n<figure class=\"wp-block-embed is-type-video is-provider-youtube wp-block-embed-youtube wp-embed-aspect-16-9 wp-has-aspect-ratio\"><div class=\"wp-block-embed__wrapper\">\n<iframe loading=\"lazy\" title=\"Una senadora contra la universidad p\u00fablica: el discurso de Carmen \u00c1lvarez Rivero\" width=\"640\" height=\"360\" src=\"https:\/\/www.youtube.com\/embed\/sP7Ndr48PNE?feature=oembed\" frameborder=\"0\" allow=\"accelerometer; autoplay; clipboard-write; encrypted-media; gyroscope; picture-in-picture; web-share\" referrerpolicy=\"strict-origin-when-cross-origin\" allowfullscreen><\/iframe>\n<\/div><\/figure>\n\n\n\n<p>El discurso no estuvo exento de una carga moralizante. \u00c1lvarez Rivero cuestion\u00f3 la existencia de \u201c22 oficinas de g\u00e9nero\u201d en la universidad y remarc\u00f3, con tono cr\u00edtico, que hasta \u201cel Lem\u00f3 Derivados\u201d ten\u00eda una de ellas, pero que no exist\u00eda ni una sola oficina dedicada al tratamiento de adicciones. Para reforzar el argumento, cit\u00f3 un estudio de la propia universidad que se\u00f1ala que el 50% de los estudiantes consume marihuana. En esa comparaci\u00f3n forzada, la senadora instal\u00f3 un falso dilema: mientras se financian espacios vinculados a la igualdad de g\u00e9nero, se descuida la salud estudiantil. En realidad, ambos problemas son relevantes y forman parte de los m\u00faltiples desaf\u00edos que enfrenta la vida universitaria, pero el planteo reduccionista busca instalar que las universidades se preocupan m\u00e1s por la \u201cmilitancia ideol\u00f3gica\u201d que por las necesidades reales de los j\u00f3venes.<\/p>\n\n\n\n<p>Otro de los ejes centrales de su exposici\u00f3n fue la desconexi\u00f3n entre la universidad y el mundo del trabajo. Con frases tajantes, defini\u00f3 a la UNC como \u201cca\u00f3tica, politizada y con cero v\u00ednculo con el sector productivo\u201d. Para ella, el verdadero rol de la educaci\u00f3n superior deber\u00eda ser el de formar trabajadores listos para insertarse en el mercado, sin detenerse en el valor cultural, social y cient\u00edfico que la universidad p\u00fablica ha tenido a lo largo de la historia argentina. Esa reducci\u00f3n de la educaci\u00f3n a mera capacitaci\u00f3n laboral encierra un trasfondo ideol\u00f3gico profundo: despojar a la universidad de su car\u00e1cter emancipador y cr\u00edtico para transformarla en un engranaje m\u00e1s del modelo econ\u00f3mico vigente.<\/p>\n\n\n\n<p>\u00c1lvarez Rivero insisti\u00f3 en que no se trata de \u201cm\u00e1s plata\u201d, sino de \u201cm\u00e1s educaci\u00f3n, m\u00e1s egresados, m\u00e1s excelencia y m\u00e1s inserci\u00f3n laboral\u201d. Pero en esa ecuaci\u00f3n nunca consider\u00f3 las consecuencias del brutal ajuste presupuestario que atraviesan las universidades desde la llegada de Milei a la Casa Rosada. Al omitir deliberadamente la falta de fondos para sostener programas, carreras, investigaci\u00f3n y becas, la senadora desplaza la responsabilidad hacia los propios estudiantes y docentes, como si el fracaso de la pol\u00edtica educativa fuera producto exclusivo de su mala organizaci\u00f3n interna.<\/p>\n\n\n\n<p>El discurso estuvo plagado de expresiones tajantes: habl\u00f3 de universidades que \u201ctrabajan para s\u00ed mismas y no rinden cuentas\u201d, de carreras que \u201csobran\u201d porque no tienen \u201cestrategia\u201d y de un sistema que \u201cno cumple la funci\u00f3n para la que fue creado\u201d. A la hora de proponer soluciones, deline\u00f3 un esquema de control f\u00e9rreo: metas de egreso y empleabilidad, auditor\u00edas externas financieras, portales de compra con transparencia absoluta y cupos de carreras definidos en funci\u00f3n de las \u201cprioridades\u201d que, seg\u00fan su visi\u00f3n, deber\u00eda fijar el Estado. La autonom\u00eda universitaria, pilar de la Reforma de 1918 y orgullo hist\u00f3rico de la Universidad de C\u00f3rdoba, desaparece en este proyecto para dar lugar a una universidad vigilada, restringida y atada a los designios del poder pol\u00edtico de turno.<\/p>\n\n\n\n<p>El mensaje final fue tan categ\u00f3rico como inquietante: \u201cSi la discusi\u00f3n es m\u00e1s educaci\u00f3n, m\u00e1s egresados, m\u00e1s excelencia, m\u00e1s inserci\u00f3n laboral, cuenten conmigo\u201d. La frase revela la esencia del planteo: no se trata de fortalecer la universidad p\u00fablica tal como la conocemos, sino de transformarla en una instituci\u00f3n subordinada al mercado, donde las carreras \u201c\u00fatiles\u201d sobreviven y las \u201cinnecesarias\u201d desaparecen, donde las oficinas de g\u00e9nero son reemplazadas por programas disciplinarios y donde la gratuidad deja de ser un derecho para convertirse en un privilegio condicionado.<\/p>\n\n\n\n<p>El discurso de Carmen \u00c1lvarez Rivero no es un hecho aislado, sino parte de una ofensiva pol\u00edtica m\u00e1s amplia que busca deslegitimar a la universidad p\u00fablica. Bajo el pretexto de la eficiencia y la transparencia, se esconde la intenci\u00f3n de desmontar uno de los pilares de la movilidad social en la Argentina. Una estrategia que coincide con la narrativa del gobierno de Javier Milei: menos Estado, menos derechos, menos igualdad. La universidad p\u00fablica, lejos de ser una estafa, sigue siendo uno de los \u00faltimos bastiones de acceso democr\u00e1tico al conocimiento en un pa\u00eds donde cada vez m\u00e1s se cierran las puertas de la educaci\u00f3n para los sectores populares. Atacar su legitimidad, como lo hizo la senadora cordobesa, es golpear el coraz\u00f3n mismo de la sociedad argentina.<\/p>\n\n\n\n<p><strong>Fuente:<\/strong> <a href=\"https:\/\/www.youtube.com\/watch?v=4s3_jyXlEL0\">https:\/\/www.youtube.com\/watch?v=4s3_jyXlEL0<\/a><\/p>\n","protected":false},"excerpt":{"rendered":"<p>Entre acusaciones de corrupci\u00f3n, cr\u00edticas a la gratuidad y reclamos de control, la senadora cordobesa se sum\u00f3 al libreto del gobierno de Javier Milei y apunt\u00f3 contra la Universidad Nacional de C\u00f3rdoba, cuestionando su rol hist\u00f3rico, su financiamiento y su v\u00ednculo con la sociedad. En el plenario de las comisiones de Educaci\u00f3n y Presupuesto, la&#8230;<\/p>\n","protected":false},"author":11,"featured_media":7696,"comment_status":"open","ping_status":"open","sticky":false,"template":"","format":"standard","meta":{"_monsterinsights_skip_tracking":false,"_monsterinsights_sitenote_active":false,"_monsterinsights_sitenote_note":"","_monsterinsights_sitenote_category":0,"footnotes":"","jetpack_publicize_message":"","jetpack_publicize_feature_enabled":true,"jetpack_social_post_already_shared":true,"jetpack_social_options":{"image_generator_settings":{"template":"highway","default_image_id":0,"font":"","enabled":false},"version":2}},"categories":[2],"tags":[58,3134,204,75,276,45,72,1289,647,1520],"class_list":["post-7695","post","type-post","status-publish","format-standard","has-post-thumbnail","hentry","category-politica","tag-ajuste","tag-autonomia","tag-cordoba","tag-corrupcion","tag-educacion","tag-milei","tag-politica","tag-presupuesto","tag-senado","tag-universidad"],"jetpack_publicize_connections":[],"_links":{"self":[{"href":"https:\/\/www.enorsai.com\/noticias\/wp-json\/wp\/v2\/posts\/7695","targetHints":{"allow":["GET"]}}],"collection":[{"href":"https:\/\/www.enorsai.com\/noticias\/wp-json\/wp\/v2\/posts"}],"about":[{"href":"https:\/\/www.enorsai.com\/noticias\/wp-json\/wp\/v2\/types\/post"}],"author":[{"embeddable":true,"href":"https:\/\/www.enorsai.com\/noticias\/wp-json\/wp\/v2\/users\/11"}],"replies":[{"embeddable":true,"href":"https:\/\/www.enorsai.com\/noticias\/wp-json\/wp\/v2\/comments?post=7695"}],"version-history":[{"count":1,"href":"https:\/\/www.enorsai.com\/noticias\/wp-json\/wp\/v2\/posts\/7695\/revisions"}],"predecessor-version":[{"id":7697,"href":"https:\/\/www.enorsai.com\/noticias\/wp-json\/wp\/v2\/posts\/7695\/revisions\/7697"}],"wp:featuredmedia":[{"embeddable":true,"href":"https:\/\/www.enorsai.com\/noticias\/wp-json\/wp\/v2\/media\/7696"}],"wp:attachment":[{"href":"https:\/\/www.enorsai.com\/noticias\/wp-json\/wp\/v2\/media?parent=7695"}],"wp:term":[{"taxonomy":"category","embeddable":true,"href":"https:\/\/www.enorsai.com\/noticias\/wp-json\/wp\/v2\/categories?post=7695"},{"taxonomy":"post_tag","embeddable":true,"href":"https:\/\/www.enorsai.com\/noticias\/wp-json\/wp\/v2\/tags?post=7695"}],"curies":[{"name":"wp","href":"https:\/\/api.w.org\/{rel}","templated":true}]}}