{"id":7692,"date":"2025-08-20T07:48:51","date_gmt":"2025-08-20T10:48:51","guid":{"rendered":"https:\/\/www.enorsai.com\/noticias\/?p=7692"},"modified":"2025-08-20T07:48:51","modified_gmt":"2025-08-20T10:48:51","slug":"no-creo-que-los-ninos-argentinos-tengan-derecho-a-venir-al-garrahan-brutal-sincericidio-de-la-senadora-libertaria-carmen-alvarez-rivero","status":"publish","type":"post","link":"https:\/\/www.enorsai.com\/noticias\/politica\/no-creo-que-los-ninos-argentinos-tengan-derecho-a-venir-al-garrahan-brutal-sincericidio-de-la-senadora-libertaria-carmen-alvarez-rivero\/","title":{"rendered":"\u201cNo creo que los ni\u00f1os argentinos tengan derecho a venir al Garrahan\u201d: brutal sincericidio de la senadora libertaria Carmen \u00c1lvarez Rivero"},"content":{"rendered":"\n<p><strong><em>La senadora del PRO volvi\u00f3 a quedar en el centro de la pol\u00e9mica al cuestionar el derecho de los ni\u00f1os argentinos a atenderse en el Hospital Garrahan durante el debate por la ley de emergencia pedi\u00e1trica. Sus dichos provocaron un repudio generalizado y exponen el verdadero trasfondo de las pol\u00edticas del gobierno de Javier Milei.<\/em><\/strong><\/p>\n\n\n\n<p>En Argentina, los hospitales p\u00fablicos han sido siempre un s\u00edmbolo de acceso universal, un reflejo de ese pacto social que, aunque tantas veces golpeado, sostiene la idea de que la salud no es un privilegio sino un derecho. Sin embargo, la senadora oficialista Carmen \u00c1lvarez Rivero decidi\u00f3 dinamitar esa noci\u00f3n con una frase que ya qued\u00f3 grabada en la lista de los papelones pol\u00edticos m\u00e1s indignantes de los \u00faltimos tiempos. \u201cNo creo que los ni\u00f1os argentinos tengan derecho a venir al Garrahan a ser curados\u201d, lanz\u00f3 sin titubeos en plena reuni\u00f3n de comisiones del Senado. Bastaron esas pocas palabras para encender la bronca, para desnudar con crudeza la concepci\u00f3n que se esconde detr\u00e1s del discurso oficialista: la idea de que la vida puede fragmentarse en jurisdicciones, que la salud se administra como un negocio y que el Estado nacional puede lavarse las manos cuando se trata de los m\u00e1s vulnerables.<\/p>\n\n\n\n<p>El contexto de la discusi\u00f3n era nada menos que el proyecto de emergencia pedi\u00e1trica, que finalmente obtuvo dictamen y ser\u00e1 tratado en el recinto. Pero mientras el Senado intentaba dar un paso en la direcci\u00f3n de proteger a la infancia frente a la crisis sanitaria que atraviesa el pa\u00eds, \u00c1lvarez Rivero eligi\u00f3 pararse del lado opuesto, negando incluso la existencia de un derecho que la Constituci\u00f3n Nacional y el sentido com\u00fan consideran irrenunciable. No fue un simple error de expresi\u00f3n, como despu\u00e9s intent\u00f3 justificar; fue una declaraci\u00f3n cargada de ideolog\u00eda, de esa mirada que reduce la salud a un problema de gesti\u00f3n provincial, como si el destino de un ni\u00f1o con una enfermedad grave pudiera depender de la frontera de su partida de nacimiento.<\/p>\n\n\n\n<p>La respuesta de sus pares fue inmediata y contundente. Luc\u00eda Corpacci, presidenta de la comisi\u00f3n de Salud, le record\u00f3 que el acceso a la atenci\u00f3n no admite excepciones. Guadalupe Tagliaferri apel\u00f3 directamente a la Constituci\u00f3n, record\u00e1ndole que all\u00ed est\u00e1 consagrado el deber del Estado de garantizar la salud. Y Mart\u00edn Lousteau fue todav\u00eda m\u00e1s gr\u00e1fico: \u201cUn pa\u00eds es injusto cuando el acceso a la atenci\u00f3n depende del lugar donde uno nace. Decir que los ni\u00f1os con patolog\u00edas graves no tienen derecho a ser atendidos en el Garrahan muestra cu\u00e1n proclive a la injusticia es la cabeza de una persona\u201d. El rechazo fue un\u00e1nime, no solo por lo aberrante de la frase sino porque revela un trasfondo alarmante: un oficialismo que no solo no garantiza, sino que empieza a cuestionar, derechos b\u00e1sicos.<\/p>\n\n\n\n<p>La legisladora intent\u00f3 luego retroceder sobre sus pasos. Pidi\u00f3 la palabra para explicar que hab\u00eda sido \u201cmalinterpretada\u201d y trat\u00f3 de despegarse del esc\u00e1ndalo. \u201cLos chicos que se operan en el Garrahan no tienen nada que ver en esta discusi\u00f3n\u201d, dijo con una torpeza que solo logr\u00f3 agravar el malestar. Volvi\u00f3 a insistir en que \u201cla competencia es provincial\u201d y que el hospital, financiado por todos, \u201cle provee m\u00e1s servicios a la Ciudad y al AMBA\u201d. Es decir, se aferr\u00f3 a un argumento contable para deslegitimar la universalidad del Garrahan, como si el derecho a la salud pudiera calcularse en porcentajes de derivaciones. Esa visi\u00f3n reduccionista y burocr\u00e1tica no hace m\u00e1s que reforzar la esencia de su planteo inicial: despojar al Estado nacional de la responsabilidad de cuidar la vida de todos los argentinos.<\/p>\n\n\n\n<p>El problema de fondo no es solo lo que dijo, sino lo que representa. Porque \u00c1lvarez Rivero ya hab\u00eda mostrado su estilo semanas atr\u00e1s, cuando como presidenta de la Comisi\u00f3n de Trabajo intent\u00f3 dar por levantada una reuni\u00f3n para impedir que se discutieran proyectos de moratoria previsional y aumento de haberes jubilatorios. En esa ocasi\u00f3n, se levant\u00f3 de la mesa con la convicci\u00f3n de haber frenado el debate, pero tuvo que volver a su asiento segundos despu\u00e9s, cuando not\u00f3 que sus maniobras autoritarias hab\u00edan fracasado. Lo suyo no parece ser un traspi\u00e9 aislado, sino un patr\u00f3n: obstaculizar, negar derechos, encarnar con una lealtad casi ciega el manual del ajuste oficialista.<\/p>\n\n\n\n<p>El Garrahan no es un hospital m\u00e1s. Es un emblema, un faro de referencia en toda Am\u00e9rica Latina, un espacio que simboliza el esfuerzo colectivo para que la infancia, sin importar origen ni condici\u00f3n social, reciba la mejor atenci\u00f3n posible. Pretender limitar el acceso a esa instituci\u00f3n es golpear en el coraz\u00f3n de la salud p\u00fablica. Es desconocer que detr\u00e1s de cada derivaci\u00f3n hay familias enteras que venden lo poco que tienen para acompa\u00f1ar a sus hijos, que recorren miles de kil\u00f3metros buscando una esperanza. Decirles que no tienen \u201cderecho\u201d a ese lugar es condenarlos a la resignaci\u00f3n, a aceptar que el azar de la geograf\u00eda decida sobre la vida y la muerte.<\/p>\n\n\n\n<p>Lo m\u00e1s alarmante es que la senadora no habl\u00f3 en un vac\u00edo. Sus palabras resuenan con fuerza porque se inscriben en el marco de un gobierno que promueve recortes, que desmantela estructuras del Estado y que concibe la salud como un gasto y no como una inversi\u00f3n social. Lo que \u00c1lvarez Rivero expres\u00f3 de manera brutal es lo que subyace en muchas de las pol\u00edticas del oficialismo: la fragmentaci\u00f3n, la mercantilizaci\u00f3n, la renuncia a la universalidad. No es casualidad que sus dichos hayan despertado tanto rechazo; en ellos se condensa el verdadero rostro de un proyecto pol\u00edtico que desprecia lo p\u00fablico y privilegia lo privado, que convierte derechos en privilegios y privilegios en moneda corriente.<\/p>\n\n\n\n<p>La frase \u201cfui malinterpretada\u201d aparece como una coartada habitual de los funcionarios cuando sus sincericidios dejan al descubierto la crudeza de su pensamiento. Pero en este caso, el da\u00f1o ya estaba hecho. No se trata de un resbal\u00f3n discursivo, sino de una confesi\u00f3n ideol\u00f3gica. Y si algo qued\u00f3 claro en el Senado es que la sociedad argentina, m\u00e1s all\u00e1 de sus diferencias pol\u00edticas, no est\u00e1 dispuesta a retroceder en la defensa de la salud p\u00fablica. El repudio transversal lo demuestra: hay l\u00edmites que no pueden cruzarse sin pagar un costo pol\u00edtico y moral.<\/p>\n\n\n\n<p>El debate por la emergencia pedi\u00e1trica continuar\u00e1 en el recinto, pero lo que ya qued\u00f3 instalado es la necesidad de desenmascarar este tipo de discursos. Porque detr\u00e1s de cada declaraci\u00f3n como la de \u00c1lvarez Rivero se esconde la tentativa de naturalizar la exclusi\u00f3n, de convencernos de que no todo el mundo merece lo mismo, de acostumbrarnos a un pa\u00eds dividido entre los que acceden a la salud y los que quedan librados a su suerte. Esa es la batalla de fondo, y no se resuelve con aclaraciones tard\u00edas ni con excusas de \u201cmalinterpretaci\u00f3n\u201d. Se resuelve defendiendo la universalidad del sistema, enfrentando sin miedo a quienes, como la senadora, pretenden recortar los derechos m\u00e1s elementales. Y sobre todo, recordando que cuando se trata de la vida de los ni\u00f1os, no hay margen para la mezquindad ni para la indiferencia.<\/p>\n\n\n\n<p><strong>Fuente:<\/strong> <a href=\"https:\/\/www.pagina12.com.ar\/850906-no-creo-que-los-ninos-argentinos-tengan-derecho-al-garrahan-\">https:\/\/www.pagina12.com.ar\/850906-no-creo-que-los-ninos-argentinos-tengan-derecho-al-garrahan-<\/a><\/p>\n","protected":false},"excerpt":{"rendered":"<p>La senadora oficialista Carmen \u00c1lvarez Rivero desat\u00f3 un esc\u00e1ndalo al afirmar que los ni\u00f1os argentinos no tienen derecho a atenderse en el Garrahan. Sus dichos, en medio del debate por la emergencia pedi\u00e1trica, generaron un repudio generalizado y exponen el trasfondo de ajuste y exclusi\u00f3n del gobierno de Javier Milei.<\/p>\n","protected":false},"author":12,"featured_media":7693,"comment_status":"open","ping_status":"open","sticky":false,"template":"","format":"standard","meta":{"_monsterinsights_skip_tracking":false,"_monsterinsights_sitenote_active":false,"_monsterinsights_sitenote_note":"","_monsterinsights_sitenote_category":0,"footnotes":"","jetpack_publicize_message":"","jetpack_publicize_feature_enabled":true,"jetpack_social_post_already_shared":true,"jetpack_social_options":{"image_generator_settings":{"template":"highway","default_image_id":0,"font":"","enabled":false},"version":2}},"categories":[2],"tags":[3133,854,1414,45,1562,1855,616,249,647],"class_list":["post-7692","post","type-post","status-publish","format-standard","has-post-thumbnail","hentry","category-politica","tag-alvarezrivero","tag-emergencia","tag-garrahan","tag-milei","tag-pediatria","tag-polemica","tag-pro","tag-salud","tag-senado"],"jetpack_publicize_connections":[],"_links":{"self":[{"href":"https:\/\/www.enorsai.com\/noticias\/wp-json\/wp\/v2\/posts\/7692","targetHints":{"allow":["GET"]}}],"collection":[{"href":"https:\/\/www.enorsai.com\/noticias\/wp-json\/wp\/v2\/posts"}],"about":[{"href":"https:\/\/www.enorsai.com\/noticias\/wp-json\/wp\/v2\/types\/post"}],"author":[{"embeddable":true,"href":"https:\/\/www.enorsai.com\/noticias\/wp-json\/wp\/v2\/users\/12"}],"replies":[{"embeddable":true,"href":"https:\/\/www.enorsai.com\/noticias\/wp-json\/wp\/v2\/comments?post=7692"}],"version-history":[{"count":1,"href":"https:\/\/www.enorsai.com\/noticias\/wp-json\/wp\/v2\/posts\/7692\/revisions"}],"predecessor-version":[{"id":7694,"href":"https:\/\/www.enorsai.com\/noticias\/wp-json\/wp\/v2\/posts\/7692\/revisions\/7694"}],"wp:featuredmedia":[{"embeddable":true,"href":"https:\/\/www.enorsai.com\/noticias\/wp-json\/wp\/v2\/media\/7693"}],"wp:attachment":[{"href":"https:\/\/www.enorsai.com\/noticias\/wp-json\/wp\/v2\/media?parent=7692"}],"wp:term":[{"taxonomy":"category","embeddable":true,"href":"https:\/\/www.enorsai.com\/noticias\/wp-json\/wp\/v2\/categories?post=7692"},{"taxonomy":"post_tag","embeddable":true,"href":"https:\/\/www.enorsai.com\/noticias\/wp-json\/wp\/v2\/tags?post=7692"}],"curies":[{"name":"wp","href":"https:\/\/api.w.org\/{rel}","templated":true}]}}