{"id":769,"date":"2025-02-06T16:58:17","date_gmt":"2025-02-06T19:58:17","guid":{"rendered":"https:\/\/www.enorsai.com\/noticias\/?p=769"},"modified":"2025-02-06T16:58:17","modified_gmt":"2025-02-06T19:58:17","slug":"productor-de-peras-y-manzanas-del-valle-de-rio-negro-voto-a-javier-milei-y-un-ano-despues-su-fe-se-convirtio-en-frustracion","status":"publish","type":"post","link":"https:\/\/www.enorsai.com\/noticias\/economia\/productor-de-peras-y-manzanas-del-valle-de-rio-negro-voto-a-javier-milei-y-un-ano-despues-su-fe-se-convirtio-en-frustracion\/","title":{"rendered":"Productor de peras y manzanas del Valle de R\u00edo Negro vot\u00f3 a Javier Milei y un a\u00f1o despu\u00e9s, su fe se convirti\u00f3 en frustraci\u00f3n"},"content":{"rendered":"\n<p><strong><em>En el coraz\u00f3n del Valle de R\u00edo Negro, un productor frut\u00edcola describe c\u00f3mo las pol\u00edticas de Milei est\u00e1n acabando con su actividad. Con precios imposibles, mercados cerrados y una falta total de apoyo estatal, su desilusi\u00f3n es el reflejo de un sector abandonado.<br><\/em><\/strong><br>Horacio Pierdominici es un hombre de campo, de esos que trabajan la tierra con las manos y el alma. Productor de peras y manzanas en el Valle de R\u00edo Negro y Neuqu\u00e9n, su vida ha estado siempre ligada a los ciclos de la naturaleza y a los vaivenes de la econom\u00eda argentina. Pero hoy, despu\u00e9s de un a\u00f1o de gobierno de Javier Milei, su esperanza se ha convertido en desilusi\u00f3n, su fe en enojo, y su futuro en incertidumbre. \u00abNos est\u00e1n diciendo que no entramos en este modelo de pa\u00eds, que Argentina no es para nosotros\u00bb, afirma con amargura.<br><br>Pierdominici, como muchos otros productores, vot\u00f3 a Milei con la esperanza de un cambio radical. So\u00f1aba con un gobierno que incentivara la producci\u00f3n, que abriera mercados internacionales y que apoyara a quienes, como \u00e9l, llevan d\u00e9cadas sosteniendo la econom\u00eda regional. Pero la realidad ha sido muy distinta. \u00abYo esperaba que este gobierno nos iba a decir: &#8216;Muchachos, produzcan porque el pa\u00eds necesita d\u00f3lares&#8217;. Que nos iba a dar un tipo de cambio diferencial o algo, que se iba a unir al mundo. Pero fue todo para peor\u00bb, lamenta.<br><br>El Valle de R\u00edo Negro, otrora un emblema de la producci\u00f3n frut\u00edcola argentina, hoy es un espejo de la crisis que atraviesa el sector. Pierdominici recuerda con nostalgia los a\u00f1os en que la regi\u00f3n contaba con 60.000 hect\u00e1reas en producci\u00f3n. Hoy, apenas quedan 18.000. Y de los 15.000 productores que alguna vez trabajaron la tierra, solo sobreviven alrededor de 700. \u00abEl dato es alarmante\u00bb, se\u00f1ala, y no exagera. La fruticultura, que fue motor econ\u00f3mico y fuente de empleo para miles de familias, est\u00e1 al borde del colapso.<br><br>Las razones de este declive son m\u00faltiples, pero Pierdominici no duda en se\u00f1alar al gobierno como principal responsable. \u00abA nosotros el gobierno no nos da pelota\u00bb, afirma con crudeza. \u00abSi con toda la polenta que tiene el campo apenas le dieron dos monedas (en referencia a la baja de retenciones), \u00bfqu\u00e9 queda para nosotros? No les importa si le damos trabajo a 60 o 70 mil personas en el Valle. No, eso no importa\u00bb.<br><br>La situaci\u00f3n se agrava con la llegada de la cosecha, un momento que deber\u00eda ser de celebraci\u00f3n pero que este a\u00f1o est\u00e1 te\u00f1ido de angustia. \u00abAhora viene la cosecha y viene un problema. Lo que esper\u00e1s todo el a\u00f1o, pero no sab\u00e9s si cosecharlo porque ni siquiera hay compradores\u00bb, explica Pierdominici. Gran parte de su producci\u00f3n, asegura, quedar\u00e1 en la planta porque no hay quien la compre. Y sin ventas, no hay trabajo para los recolectores, lo que profundiza la crisis social en la regi\u00f3n.<\/p>\n\n\n\n<div class=\"wp-block-jetpack-related-posts\">\n<h2 class=\"wp-block-heading\"><\/h2>\n<\/div>\n\n\n\n<p>Pero el problema no se limita a la falta de compradores. Pierdominici denuncia que las pol\u00edticas del gobierno han favorecido la importaci\u00f3n de frutas m\u00e1s baratas desde pa\u00edses como Chile, mientras que los productores locales enfrentan costos imposibles. \u00abLes dieron todas las facilidades a los productores de los pa\u00edses extranjeros para que vendan mercader\u00eda en la Argentina y nos sacaron las facilidades para acceder a los mercados internacionales a nosotros\u00bb, se\u00f1ala. Esta competencia desleal, sumada a una carga impositiva que llega al 50% de los ingresos, hace inviable la producci\u00f3n local.<br><br>\u00abEl productor en otros pa\u00edses paga 15% de aportes (impuestos) y yo 50%. Ac\u00e1 el sueldo es de 1.000 d\u00f3lares y afuera pagan 500 d\u00f3lares\u00bb, explica Pierdominici, aclarando que no est\u00e1 reclamando pagar menos a los trabajadores, sino se\u00f1alando la insostenibilidad del sistema. \u00abNos dicen que hay que competir, claro, pero \u00bfc\u00f3mo competimos si nos ponen todas las trabas?\u00bb, se pregunta.<br><br>La desilusi\u00f3n de Pierdominici no es solo econ\u00f3mica, sino tambi\u00e9n emocional. Como tercera generaci\u00f3n de una familia dedicada a la fruticultura, siente que sus d\u00edas en el sector est\u00e1n contados. \u00abYo pens\u00e9 que este hombre era otra cosa. \u00bfQu\u00e9 quer\u00e9s que te diga? Yo pens\u00e9 que era otra cosa. Me equivoqu\u00e9\u00bb, confiesa, refiri\u00e9ndose a Milei. Su frustraci\u00f3n es compartida por muchos en el Valle, donde la actividad est\u00e1 \u00abmuy apagada\u00bb y las f\u00e1bricas de enlatados cierran ante la falta de demanda.<br><br>El gobierno, seg\u00fan Pierdominici, parece interesado solo en el gas y el petr\u00f3leo, olvidando que la riqueza de un pa\u00eds tambi\u00e9n est\u00e1 en su tierra y en su gente. \u00abAc\u00e1 parece que solamente importan el gas y el petr\u00f3leo\u00bb, dice con resignaci\u00f3n. Y mientras el Valle se vac\u00eda y los productores desaparecen, la pregunta que queda flotando en el aire es: \u00bfqu\u00e9 futuro le espera a Argentina si abandona a quienes la alimentan?<br><br>Fuente:<br><a href=\"https:\/\/bichosdecampo.com\/horacio-pierdominici-produce-peras-y-manzanas-voto-a-milei-pero-lo-ahoga-la-desilusion-nos-estan-diciendo-que-no-entramos-en-este-modelo-de-pais-que-argentina-no-es-para-nosotros\/?feed_id=17558\n\">https:\/\/bichosdecampo.com\/horacio-pierdominici-produce-peras-y-manzanas-voto-a-milei-pero-lo-ahoga-la-desilusion-nos-estan-diciendo-que-no-entramos-en-este-modelo-de-pais-que-argentina-no-es-para-nosotros\/?feed_id=17558<br><\/a><\/p>\n\n\n","protected":false},"excerpt":{"rendered":"<p>Horacio Pierdominici, productor de peras y manzanas, vot\u00f3 a Milei con esperanza. Un a\u00f1o despu\u00e9s, su fe se convirti\u00f3 en frustraci\u00f3n: \u00abNos dicen que Argentina no es para nosotros\u00bb. Con mercados cerrados y costos imposibles, su desilusi\u00f3n refleja el abandono del sector frut\u00edcola.<\/p>\n","protected":false},"author":1,"featured_media":774,"comment_status":"open","ping_status":"open","sticky":false,"template":"","format":"standard","meta":{"_monsterinsights_skip_tracking":false,"_monsterinsights_sitenote_active":false,"_monsterinsights_sitenote_note":"","_monsterinsights_sitenote_category":0,"footnotes":"","jetpack_publicize_message":"","jetpack_publicize_feature_enabled":true,"jetpack_social_post_already_shared":true,"jetpack_social_options":{"image_generator_settings":{"template":"highway","default_image_id":0,"font":"","enabled":false},"version":2}},"categories":[3,4],"tags":[43,274,272,45,273],"class_list":["post-769","post","type-post","status-publish","format-standard","has-post-thumbnail","hentry","category-economia","category-sociedad","tag-crisis","tag-desilusion","tag-fruticultura","tag-milei","tag-productores"],"jetpack_publicize_connections":[],"_links":{"self":[{"href":"https:\/\/www.enorsai.com\/noticias\/wp-json\/wp\/v2\/posts\/769","targetHints":{"allow":["GET"]}}],"collection":[{"href":"https:\/\/www.enorsai.com\/noticias\/wp-json\/wp\/v2\/posts"}],"about":[{"href":"https:\/\/www.enorsai.com\/noticias\/wp-json\/wp\/v2\/types\/post"}],"author":[{"embeddable":true,"href":"https:\/\/www.enorsai.com\/noticias\/wp-json\/wp\/v2\/users\/1"}],"replies":[{"embeddable":true,"href":"https:\/\/www.enorsai.com\/noticias\/wp-json\/wp\/v2\/comments?post=769"}],"version-history":[{"count":2,"href":"https:\/\/www.enorsai.com\/noticias\/wp-json\/wp\/v2\/posts\/769\/revisions"}],"predecessor-version":[{"id":775,"href":"https:\/\/www.enorsai.com\/noticias\/wp-json\/wp\/v2\/posts\/769\/revisions\/775"}],"wp:featuredmedia":[{"embeddable":true,"href":"https:\/\/www.enorsai.com\/noticias\/wp-json\/wp\/v2\/media\/774"}],"wp:attachment":[{"href":"https:\/\/www.enorsai.com\/noticias\/wp-json\/wp\/v2\/media?parent=769"}],"wp:term":[{"taxonomy":"category","embeddable":true,"href":"https:\/\/www.enorsai.com\/noticias\/wp-json\/wp\/v2\/categories?post=769"},{"taxonomy":"post_tag","embeddable":true,"href":"https:\/\/www.enorsai.com\/noticias\/wp-json\/wp\/v2\/tags?post=769"}],"curies":[{"name":"wp","href":"https:\/\/api.w.org\/{rel}","templated":true}]}}