{"id":7688,"date":"2025-08-20T06:05:57","date_gmt":"2025-08-20T09:05:57","guid":{"rendered":"https:\/\/www.enorsai.com\/noticias\/?p=7688"},"modified":"2025-08-20T06:05:57","modified_gmt":"2025-08-20T09:05:57","slug":"jose-mayans-en-el-senado-milei-amenaza-con-clausurar-el-parlamento-y-destruye-la-educacion-y-la-salud","status":"publish","type":"post","link":"https:\/\/www.enorsai.com\/noticias\/politica\/jose-mayans-en-el-senado-milei-amenaza-con-clausurar-el-parlamento-y-destruye-la-educacion-y-la-salud\/","title":{"rendered":"Jos\u00e9 Mayans en el Senado: \u201cMilei amenaza con clausurar el Parlamento y destruye la educaci\u00f3n y la salud\u201d"},"content":{"rendered":"\n<p><strong><em>El senador cuestion\u00f3 la cadena nacional del presidente, denunci\u00f3 la paralizaci\u00f3n del Parlamento y advirti\u00f3 sobre el vaciamiento del presupuesto en educaci\u00f3n, salud y universidades. Una intervenci\u00f3n cargada de memoria, ejemplos concretos y una cr\u00edtica feroz a la pol\u00edtica de d\u00e9ficit cero.<\/em><\/strong><\/p>\n\n\n\n<p>En el plenario de las comisiones de Educaci\u00f3n y Presupuesto del Senado, Jos\u00e9 Mayans dej\u00f3 al desnudo lo que considera la mayor estafa discursiva del gobierno de Javier Milei: el supuesto \u201cd\u00e9ficit cero\u201d como dogma incuestionable. El senador no se limit\u00f3 a una cr\u00edtica formal, sino que desmenuz\u00f3 la cadena nacional del presidente, la calific\u00f3 como \u201cverdaderamente grave\u201d y revel\u00f3 la profundidad de un plan econ\u00f3mico que, lejos de ordenar las cuentas p\u00fablicas, arrasa con la vida de los argentinos al desfinanciar la educaci\u00f3n, la salud y los servicios esenciales del Estado.<\/p>\n\n\n\n<p>Mayans record\u00f3 que Milei proclam\u00f3 con tono mesi\u00e1nico que \u201cel equilibrio fiscal no se negocia\u201d y que \u201cla emisi\u00f3n cero no se negocia\u201d, pero omiti\u00f3 deliberadamente el d\u00e9ficit financiero, donde se esconde la verdadera \u201cjoda\u201d, como \u00e9l mismo lo defini\u00f3. Esa joda, se\u00f1al\u00f3, no es nueva: naci\u00f3 con Federico Sturzenegger y Luis \u201cToto\u201d Caputo durante el gobierno de Mauricio Macri, cuando duplicaron la base monetaria, multiplicaron las LEBAC y endeudaron al pa\u00eds hasta llevar la deuda al 100% del PBI. Hoy, los mismos protagonistas regresan con el pretexto de \u201cordenar\u201d lo que ellos mismos destrozaron, mientras Milei se convierte en su vocero, disfrazando de \u00e9pica libertaria lo que en realidad es el retorno de la patria financiera.<\/p>\n\n\n\n<p>La explicaci\u00f3n del senador fue clara, hasta pedag\u00f3gica, utilizando ejemplos cotidianos. Record\u00f3 que, como en cualquier familia que recurre a un cr\u00e9dito para salvar a un ser querido en una situaci\u00f3n de emergencia, el Estado tambi\u00e9n tiene la obligaci\u00f3n de acudir al cr\u00e9dito p\u00fablico en circunstancias extraordinarias. As\u00ed se hizo para enfrentar la pandemia, cuando se debi\u00f3 sostener el sistema sanitario y la actividad econ\u00f3mica en medio de una ca\u00edda del 8% del PBI. Pero Milei, lejos de reconocer el rol constitucional del cr\u00e9dito como herramienta de supervivencia, amenaza con c\u00e1rcel a quienes rechacen su visi\u00f3n dogm\u00e1tica del presupuesto, desconociendo el marco legal y el principio b\u00e1sico de la divisi\u00f3n de poderes.<\/p>\n\n\n\n<p>\u201c\u00c9l nunca pens\u00f3 que iba a ser presidente, porque no entiende nada del Estado\u201d, lanz\u00f3 Mayans, sin medias tintas. Y agreg\u00f3 un recordatorio inc\u00f3modo: el propio Milei, antes de abrazar a Patricia Bullrich y encomendarse a Caputo y Sturzenegger, los hab\u00eda insultado en p\u00fablico. A Bullrich la llam\u00f3 \u201cmontonera\u201d y a Caputo lo responsabiliz\u00f3 por \u201cfundir el Banco Central\u201d. Hoy, esos mismos personajes son presentados como parte de un equipo econ\u00f3mico brillante que en realidad solo multiplica el endeudamiento y destruye el patrimonio nacional.<\/p>\n\n\n\n<p>La cr\u00edtica no qued\u00f3 en el terreno de la historia reciente. Mayans apunt\u00f3 directamente contra el presente: el presupuesto est\u00e1 paralizado, la comisi\u00f3n que deber\u00eda tratarlo no funciona y el Congreso es arrastrado a sesiones forzadas, bajo la amenaza presidencial de clausurarlo si no se somete a su voluntad. Esa din\u00e1mica, advirti\u00f3, es \u201clo m\u00e1s parecido a una dictadura\u201d, porque una dictadura se reconoce, entre otras cosas, por paralizar el Parlamento y acallar las discusiones. Y justamente all\u00ed radica el mayor peligro: un Ejecutivo que desprecia la divisi\u00f3n de poderes y utiliza la cadena nacional para insultar, amenazar y condicionar la vida democr\u00e1tica.<\/p>\n\n\n\n<figure class=\"wp-block-embed is-type-video is-provider-youtube wp-block-embed-youtube wp-embed-aspect-16-9 wp-has-aspect-ratio\"><div class=\"wp-block-embed__wrapper\">\n<iframe loading=\"lazy\" title=\"Mayans en el Senado: \u201cMilei amenaza con clausurar el Parlamento y destruye la educaci\u00f3n y la salud\u201d\" width=\"640\" height=\"360\" src=\"https:\/\/www.youtube.com\/embed\/4RZZs_Aeggw?feature=oembed\" frameborder=\"0\" allow=\"accelerometer; autoplay; clipboard-write; encrypted-media; gyroscope; picture-in-picture; web-share\" referrerpolicy=\"strict-origin-when-cross-origin\" allowfullscreen><\/iframe>\n<\/div><\/figure>\n\n\n\n<p>En un tramo de su intervenci\u00f3n, el senador puso sobre la mesa la verdadera magnitud del ajuste. El \u201cgasto primario\u201d, ese que Milei insiste en recortar, incluye nada menos que las universidades, el sistema de salud, la relaci\u00f3n fiscal con las provincias y las jubilaciones. Pero el d\u00e9ficit financiero \u2014el que deber\u00eda ser auditado y discutido\u2014 permanece intocado, porque all\u00ed operan los negocios de la patria financiera. Esa es la trampa: mientras se demoniza el gasto social, se blinda el fest\u00edn de los especuladores.<\/p>\n\n\n\n<p>Mayans fue m\u00e1s all\u00e1 y vincul\u00f3 las decisiones econ\u00f3micas con las consecuencias concretas en la vida de los argentinos. Record\u00f3 el desguace del ANMAT, que deriv\u00f3 en la falta de control de medicamentos y, seg\u00fan denunci\u00f3, en \u201c100 muertos\u201d que podr\u00edan haberse evitado. Critic\u00f3 el vaciamiento de hospitales como el Garrahan, la estigmatizaci\u00f3n de los trabajadores universitarios bajo el mote de \u201c\u00f1oquis\u201d y la indiferencia frente a la crisis sanitaria y educativa que atraviesa el pa\u00eds. Cada recorte no es un n\u00famero en una planilla: es una tragedia social.<\/p>\n\n\n\n<p>La exposici\u00f3n tambi\u00e9n se\u00f1al\u00f3 la improvisaci\u00f3n y la arbitrariedad con la que el gobierno define tasas de inter\u00e9s descomunales, sin consulta ni fundamento econ\u00f3mico s\u00f3lido. Mayans cuestion\u00f3 el salto de las tasas del 40% al 80%, una medida que solo beneficia a los bancos y condena a la producci\u00f3n. \u201c\u00bfDe qui\u00e9n es el negocio? \u00bfQui\u00e9n cobra la comisi\u00f3n?\u201d, pregunt\u00f3 con iron\u00eda, dejando en evidencia el entramado especulativo que se esconde detr\u00e1s del relato oficial.<\/p>\n\n\n\n<p>El senador no esquiv\u00f3 la coyuntura pol\u00edtica. Subray\u00f3 que mientras se discute la composici\u00f3n del Parlamento y el futuro institucional de la Argentina, el oficialismo se dedica a bloquear el funcionamiento del Congreso, a burlar a los legisladores y a insultar desde la tribuna medi\u00e1tica. Una estrategia de desgaste que busca instalar la idea de que el Parlamento es in\u00fatil, para luego justificar su clausura. Una receta conocida, que recuerda a los peores momentos de la historia nacional.<\/p>\n\n\n\n<p>Hacia el final, Mayans fue categ\u00f3rico: su bloque acompa\u00f1ar\u00e1 la iniciativa que lleg\u00f3 desde Diputados porque la considera \u201csumamente importante para el pa\u00eds\u201d, pero rechaz\u00f3 de plano las amenazas de Milei. \u201cEl Parlamento no est\u00e1 para ser clausurado, como pretende una dictadura\u201d, afirm\u00f3. Y apel\u00f3 a la responsabilidad de sus pares: \u201cSesionemos y d\u00e9mosle respuesta al pueblo argentino, aunque sea en lo poco\u201d. Porque lo que est\u00e1 en juego no es solo una ley, sino la supervivencia misma de la democracia frente al avance de un Ejecutivo que gobierna con dogmas, negocios y amenazas.<\/p>\n\n\n\n<p>Las palabras del senador resuenan como advertencia y tambi\u00e9n como diagn\u00f3stico: no se puede construir un pa\u00eds sobre la base de la mentira, el vaciamiento del Estado y el desprecio por la vida. Argentina ya transit\u00f3 caminos de endeudamiento brutal, paralizaci\u00f3n institucional y dictaduras disfrazadas de orden. Repetir esa historia ser\u00eda un error fatal, y Mayans, con su intervenci\u00f3n, dej\u00f3 en claro que la responsabilidad es compartida: el Parlamento debe resistir, debatir y actuar, antes de que sea demasiado tarde.<\/p>\n\n\n\n<p><strong>Fuente:<\/strong> <a href=\"https:\/\/www.youtube.com\/watch?v=BgIUTIbxMsQ\">https:\/\/www.youtube.com\/watch?v=BgIUTIbxMsQ<\/a><\/p>\n","protected":false},"excerpt":{"rendered":"<p>En el plenario del Senado, Jos\u00e9 Mayans critic\u00f3 duramente a Javier Milei por su cadena nacional, denunci\u00f3 amenazas al Parlamento y revel\u00f3 el vaciamiento del presupuesto en salud y educaci\u00f3n. Acus\u00f3 al presidente de gobernar con dogmas y negocios financieros, advirtiendo que su plan econ\u00f3mico recuerda a una dictadura encubierta.<\/p>\n","protected":false},"author":9,"featured_media":7690,"comment_status":"open","ping_status":"open","sticky":false,"template":"","format":"standard","meta":{"_monsterinsights_skip_tracking":false,"_monsterinsights_sitenote_active":false,"_monsterinsights_sitenote_note":"","_monsterinsights_sitenote_category":0,"footnotes":"","jetpack_publicize_message":"","jetpack_publicize_feature_enabled":true,"jetpack_social_post_already_shared":true,"jetpack_social_options":{"image_generator_settings":{"template":"highway","default_image_id":0,"font":"","enabled":false},"version":2}},"categories":[2],"tags":[58,49,207,276,3132,45,1289,249,647,1474],"class_list":["post-7688","post","type-post","status-publish","format-standard","has-post-thumbnail","hentry","category-politica","tag-ajuste","tag-deficit","tag-dictadura","tag-educacion","tag-mayans","tag-milei","tag-presupuesto","tag-salud","tag-senado","tag-universidades"],"jetpack_publicize_connections":[],"_links":{"self":[{"href":"https:\/\/www.enorsai.com\/noticias\/wp-json\/wp\/v2\/posts\/7688","targetHints":{"allow":["GET"]}}],"collection":[{"href":"https:\/\/www.enorsai.com\/noticias\/wp-json\/wp\/v2\/posts"}],"about":[{"href":"https:\/\/www.enorsai.com\/noticias\/wp-json\/wp\/v2\/types\/post"}],"author":[{"embeddable":true,"href":"https:\/\/www.enorsai.com\/noticias\/wp-json\/wp\/v2\/users\/9"}],"replies":[{"embeddable":true,"href":"https:\/\/www.enorsai.com\/noticias\/wp-json\/wp\/v2\/comments?post=7688"}],"version-history":[{"count":1,"href":"https:\/\/www.enorsai.com\/noticias\/wp-json\/wp\/v2\/posts\/7688\/revisions"}],"predecessor-version":[{"id":7691,"href":"https:\/\/www.enorsai.com\/noticias\/wp-json\/wp\/v2\/posts\/7688\/revisions\/7691"}],"wp:featuredmedia":[{"embeddable":true,"href":"https:\/\/www.enorsai.com\/noticias\/wp-json\/wp\/v2\/media\/7690"}],"wp:attachment":[{"href":"https:\/\/www.enorsai.com\/noticias\/wp-json\/wp\/v2\/media?parent=7688"}],"wp:term":[{"taxonomy":"category","embeddable":true,"href":"https:\/\/www.enorsai.com\/noticias\/wp-json\/wp\/v2\/categories?post=7688"},{"taxonomy":"post_tag","embeddable":true,"href":"https:\/\/www.enorsai.com\/noticias\/wp-json\/wp\/v2\/tags?post=7688"}],"curies":[{"name":"wp","href":"https:\/\/api.w.org\/{rel}","templated":true}]}}