{"id":7684,"date":"2025-08-19T21:46:03","date_gmt":"2025-08-20T00:46:03","guid":{"rendered":"https:\/\/www.enorsai.com\/noticias\/politica\/taxistas-lanzan-fuerza-taxi-y-se-manifiestan-en-apoyo-a-cristina-kirchner\/"},"modified":"2025-08-20T10:07:17","modified_gmt":"2025-08-20T13:07:17","slug":"taxistas-lanzan-fuerza-taxi-y-se-manifiestan-en-apoyo-a-cristina-kirchner","status":"publish","type":"post","link":"https:\/\/www.enorsai.com\/noticias\/politica\/taxistas-lanzan-fuerza-taxi-y-se-manifiestan-en-apoyo-a-cristina-kirchner\/","title":{"rendered":"Taxistas lanzan \u201cFuerza Taxi\u201d y se manifiestan en apoyo a Cristina Kirchner"},"content":{"rendered":"\n<p><strong>Taxistas lanzan \u201cFuerza Taxi\u201d y se manifiestan en apoyo a Cristina <\/strong><\/p>\n\n\n\n<figure class=\"wp-block-image size-large\"><img loading=\"lazy\" decoding=\"async\" width=\"1440\" height=\"1440\" src=\"https:\/\/www.enorsai.com\/noticias\/wp-content\/uploads\/2025\/08\/fb_img_17556504368085405079341704779401.jpg\" alt=\"\" class=\"wp-image-7677\" \/><\/figure>\n\n\n\n<p><br \/>En el marco del inicio de la campa\u00f1a hacia las elecciones generales de octubre, un nuevo frente pol\u00edtico-gremial integrado por trabajadores del volante irrumpi\u00f3 en la escena p\u00fablica: \u201cFuerza Taxi\u201d, espacio que nuclea a organizaciones, agrupaciones, paradas y cooperativas de taxi.<\/p>\n\n\n\n<figure class=\"wp-block-video\"><video height=\"480\" style=\"aspect-ratio: 848 \/ 480;\" width=\"848\" controls src=\"https:\/\/www.enorsai.com\/noticias\/wp-content\/uploads\/2025\/08\/VID-20250819-WA0070-1.mp4\"><\/video><\/figure>\n\n\n\n<p><br>Como primera acci\u00f3n, este domingo por la ma\u00f1ana, realizaron una intervenci\u00f3n en las inmediaciones del domicilio de Cristina Fern\u00e1ndez de Kirchner. All\u00ed, en la intersecci\u00f3n de las calles Independencia y Santiago del Estero (CABA), decenas de taxis se dispusieron con carteles en sus techos formando la consigna \u201c<strong>Cristina Libre porque es inocente\u201d<\/strong>,\u00a0en rechazo a la condena judicial contra la ex mandataria.<br><br>Seg\u00fan expresaron en un comunicado, el objetivo de la agrupaci\u00f3n fue \u201creivindicar los mejores a\u00f1os que el taxi tuvo en la historia, que fueron bajo los mandatos de Cristina, en sus dos periodos presidenciales\u201d.<\/p>\n\n\n\n<p>Adem\u00e1s, recordaron \u00abdurante aquellas gestiones los trabajadores taxistas est\u00e1bamos empezando a recomponernos todos, en todos los \u00e1mbitos\u201d.<br \/><br \/>Durante la acci\u00f3n, los taxistas mantuvieron un breve cruce con la polic\u00eda, aunque aseguraron que la actividad pudo desarrollarse sin mayores inconvenientes.<br \/><br \/>En un gesto que sorprendi\u00f3 a los presentes, Cristina sali\u00f3 al balc\u00f3n de su domicilio para saludar y dialogar con los trabajadores durante varios minutos. Entre los intercambios, los taxistas le recordaron que le hab\u00edan obsequiado el libro \u00abEconom\u00eda de Plataformas\u00bb, a lo que la vicepresidenta respondi\u00f3 que lo hab\u00eda le\u00eddo, aunque destac\u00f3 haber disfrutado a\u00fan m\u00e1s la carta manuscrita que lo acompa\u00f1aba.<\/p>\n\n\n\n<figure class=\"wp-block-image size-large\"><img loading=\"lazy\" decoding=\"async\" width=\"2000\" height=\"1334\" src=\"https:\/\/www.enorsai.com\/noticias\/wp-content\/uploads\/2025\/08\/img-20250818-wa00437717213307517088931.jpg\" alt=\"\" class=\"wp-image-7679\" \/><\/figure>\n\n\n\n<figure class=\"wp-block-image\"><img loading=\"lazy\" decoding=\"async\" width=\"2000\" height=\"1334\" src=\"https:\/\/www.enorsai.com\/noticias\/wp-content\/uploads\/2025\/08\/img-20250818-wa00401288712475870672659.jpg\" alt=\"\" class=\"wp-image-7681\" \/><\/figure>\n\n\n\n<figure class=\"wp-block-image\"><img loading=\"lazy\" decoding=\"async\" width=\"2000\" height=\"1334\" src=\"https:\/\/www.enorsai.com\/noticias\/wp-content\/uploads\/2025\/08\/img-20250818-wa00397017490473699077897.jpg\" alt=\"\" class=\"wp-image-7680\" \/><\/figure>\n\n\n\n<p>\u201cSe abrazaba ella misma como abraz\u00e1ndonos a nosotros, a lo Diego Armando Maradona, y estuvimos cerca de siete minutos dialogando as\u00ed, desde la calle con ella en el balc\u00f3n\u201d, contaron los integrantes de Fuerza Taxi.<\/p>\n\n\n\n<figure class=\"wp-block-image size-large\"><img loading=\"lazy\" decoding=\"async\" width=\"2000\" height=\"1334\" src=\"https:\/\/www.enorsai.com\/noticias\/wp-content\/uploads\/2025\/08\/img-20250818-wa0038939584758222412592.jpg\" alt=\"\" class=\"wp-image-7683\" \/><\/figure>\n\n\n\n<p>Adem\u00e1s, desde <strong>Fuerza Taxi<\/strong> remarcaron que su nacimiento no se limita a la coyuntura electoral ni al acompa\u00f1amiento a Cristina Kirchner, sino que apunta a consolidarse como un espacio de representaci\u00f3n gremial. En ese sentido, adelantaron que <strong>trabajan en propuestas y proyectos destinados a \u201csalvar la actividad\u201d,<\/strong> entre ellas pol\u00edticas de protecci\u00f3n al trabajo registrado y programas de modernizaci\u00f3n de la flota. \u201cQueremos recuperar la dignidad del oficio, mejorar las condiciones de los choferes y defender al taxi como servicio p\u00fablico esencial\u201d, subray\u00f3 Pablo Villarruel, miembro de la cooperativa 7 de Mayo que tiene como presidente a Pablo P\u00e9rez.<\/p>\n\n\n\n<p>Y agreg\u00f3 \u00abB\u00e1sicamente somos un <strong>Frente Nuevo Gremial<\/strong> dispuesto a mejorar con ideas, propuestas y proyectos. Tenemos como objeto n\u00famero UNO salvar al taxi sin desprestigiar la pol\u00edtica sabiendo que la misma es per se, la herramienta de la transformaci\u00f3n de las cosas.\u00bb<\/p>\n\n\n\n<figure class=\"wp-block-image size-large\"><img loading=\"lazy\" decoding=\"async\" width=\"1333\" height=\"2000\" src=\"https:\/\/www.enorsai.com\/noticias\/wp-content\/uploads\/2025\/08\/img-20250818-wa00585845055117523453661.jpg\" alt=\"\" class=\"wp-image-7709\"><\/figure>\n\n\n\n<p>Con esta intervenci\u00f3n, el flamante frente busca consolidar su espacio pol\u00edtico y sindical, instalando en la campa\u00f1a electoral un mensaje de apoyo expl\u00edcito a la figura de Cristina Kirchner y de reclamo por su libertad.<\/p>\n","protected":false},"excerpt":{"rendered":"<p>Taxistas lanzan \u201cFuerza Taxi\u201d y se manifiestan en apoyo a Cristina En el marco del inicio de la campa\u00f1a hacia las elecciones generales de octubre, un nuevo frente pol\u00edtico-gremial integrado por trabajadores del volante irrumpi\u00f3 en la escena p\u00fablica: \u201cFuerza Taxi\u201d, espacio que nuclea a organizaciones, agrupaciones, paradas y cooperativas de taxi. Como primera acci\u00f3n,&#8230;<\/p>\n","protected":false},"author":15,"featured_media":0,"comment_status":"open","ping_status":"open","sticky":false,"template":"","format":"standard","meta":{"_monsterinsights_skip_tracking":false,"_monsterinsights_sitenote_active":false,"_monsterinsights_sitenote_note":"","_monsterinsights_sitenote_category":0,"footnotes":"","jetpack_publicize_message":"","jetpack_publicize_feature_enabled":true,"jetpack_social_post_already_shared":true,"jetpack_social_options":{"image_generator_settings":{"template":"highway","default_image_id":0,"font":"","enabled":false},"version":2}},"categories":[2],"tags":[72],"class_list":["post-7684","post","type-post","status-publish","format-standard","hentry","category-politica","tag-politica"],"jetpack_publicize_connections":[],"_links":{"self":[{"href":"https:\/\/www.enorsai.com\/noticias\/wp-json\/wp\/v2\/posts\/7684","targetHints":{"allow":["GET"]}}],"collection":[{"href":"https:\/\/www.enorsai.com\/noticias\/wp-json\/wp\/v2\/posts"}],"about":[{"href":"https:\/\/www.enorsai.com\/noticias\/wp-json\/wp\/v2\/types\/post"}],"author":[{"embeddable":true,"href":"https:\/\/www.enorsai.com\/noticias\/wp-json\/wp\/v2\/users\/15"}],"replies":[{"embeddable":true,"href":"https:\/\/www.enorsai.com\/noticias\/wp-json\/wp\/v2\/comments?post=7684"}],"version-history":[{"count":6,"href":"https:\/\/www.enorsai.com\/noticias\/wp-json\/wp\/v2\/posts\/7684\/revisions"}],"predecessor-version":[{"id":7710,"href":"https:\/\/www.enorsai.com\/noticias\/wp-json\/wp\/v2\/posts\/7684\/revisions\/7710"}],"wp:attachment":[{"href":"https:\/\/www.enorsai.com\/noticias\/wp-json\/wp\/v2\/media?parent=7684"}],"wp:term":[{"taxonomy":"category","embeddable":true,"href":"https:\/\/www.enorsai.com\/noticias\/wp-json\/wp\/v2\/categories?post=7684"},{"taxonomy":"post_tag","embeddable":true,"href":"https:\/\/www.enorsai.com\/noticias\/wp-json\/wp\/v2\/tags?post=7684"}],"curies":[{"name":"wp","href":"https:\/\/api.w.org\/{rel}","templated":true}]}}