{"id":7672,"date":"2025-08-19T21:38:34","date_gmt":"2025-08-20T00:38:34","guid":{"rendered":"https:\/\/www.enorsai.com\/noticias\/?p=7672"},"modified":"2025-08-20T05:52:00","modified_gmt":"2025-08-20T08:52:00","slug":"el-pais-de-milei-un-prestamista-amenazo-a-los-deudores-con-una-ametralladora","status":"publish","type":"post","link":"https:\/\/www.enorsai.com\/noticias\/sociedad\/el-pais-de-milei-un-prestamista-amenazo-a-los-deudores-con-una-ametralladora\/","title":{"rendered":"El pa\u00eds de Milei: un prestamista amenaz\u00f3 a los deudores con una ametralladora"},"content":{"rendered":"\n<h3 class=\"wp-block-heading\">La violencia como m\u00e9todo de cobro en un partido bonaerense libertario. En Tres de Febrero, un prestamista sali\u00f3 a la calle armado con una ametralladora para presionar a los vecinos endeudados. El caso desnuda la naturalizaci\u00f3n del miedo y el vac\u00edo del Estado en los barrios bajo el gobierno de Javier Milei.<\/h3>\n\n\n\n<p>En un barrio del partido bonaerense de Tres de Febrero, la escena fue tan brutal como simb\u00f3lica. Un prestamista, convertido en un peque\u00f1o se\u00f1or feudal del miedo, decidi\u00f3 salir a la calle con una ametralladora en mano para exigir el pago de las deudas. No fue un rumor, no fue un susurro entre vecinos. El hombre se pase\u00f3 con el arma a plena luz del d\u00eda, frente a todos, como si la intimidaci\u00f3n violenta hubiera pasado a ser un recurso leg\u00edtimo en la Argentina del presente.<\/p>\n\n\n\n<p>El hecho ocurri\u00f3 en la intersecci\u00f3n de Boulevard Finca y Aviador Immelman. Los vecinos, aterrados y al mismo tiempo conscientes de que la impunidad se alimenta del silencio, registraron el momento en video. All\u00ed qued\u00f3 grabada la figura de este prestamista que, en lugar de buscar abogados o tribunales, eligi\u00f3 el camino de las balas como argumento de cobro. No se trataba de un delincuente com\u00fan acechando en las sombras, sino de alguien que se presentaba como parte de un entramado cotidiano en el que la violencia se convierte en norma.<\/p>\n\n\n\n<p>La denuncia lleg\u00f3 a la Comisar\u00eda 11\u00b0 de Remedios de Escalada de San Mart\u00edn. La fiscal Gabriela Viviana Disnan, de la UFI N\u00b0 5 del Departamento Judicial San Mart\u00edn, dispuso un allanamiento inmediato en la vivienda del sospechoso, ubicada en la calle Uspallata al 10.300. La polic\u00eda actu\u00f3 y detuvo tanto al prestamista como a su hermano, quienes quedaron bajo custodia. En el operativo se secuestraron tres municiones calibre .38, cuatro tel\u00e9fonos celulares y hojas impresas con amenazas expl\u00edcitas, verdaderos manuales del terror con los que se disciplinaba a quienes no pod\u00edan pagar.<\/p>\n\n\n\n<p>La imputaci\u00f3n fue clara: amenazas agravadas por el uso de arma de fuego. Una acusaci\u00f3n que, m\u00e1s all\u00e1 de la letra judicial, revela un trasfondo social cargado de desesperaci\u00f3n y fractura. En un pa\u00eds donde el cr\u00e9dito formal se vuelve inaccesible y la inflaci\u00f3n devora los bolsillos, cada vez m\u00e1s familias terminan atrapadas en manos de prestamistas que operan en la clandestinidad. Y lo que deber\u00eda ser una relaci\u00f3n financiera se convierte en una cadena de sometimiento basada en el miedo.<\/p>\n\n\n\n<figure class=\"wp-block-embed is-type-rich is-provider-twitter wp-block-embed-twitter\"><div class=\"wp-block-embed__wrapper\">\n<blockquote class=\"twitter-tweet\" data-width=\"550\" data-dnt=\"true\"><p lang=\"es\" dir=\"ltr\"><a href=\"https:\/\/twitter.com\/hashtag\/TresdeFebrero?src=hash&amp;ref_src=twsrc%5Etfw\">#TresdeFebrero<\/a> CAY\u00d3 EL PRESTAMISTA DE LA AMETRALLADORA: SALI\u00d3 A LA CALLE CON UN ARMA LARGA PARA AMENAZAR A LAS PERSONAS QUE LE DEB\u00cdAN PLATA <br><br>Los vecinos lo grabaron desde una terraza cuando caminaba armado para ir a buscar a los deudores. Javier Julio Santa Cruz, de 44 a\u00f1os, fue\u2026 <a href=\"https:\/\/t.co\/ZRTPK6iV51\">pic.twitter.com\/ZRTPK6iV51<\/a><\/p>&mdash; 24con (@24conurbano) <a href=\"https:\/\/twitter.com\/24conurbano\/status\/1957773343404281975?ref_src=twsrc%5Etfw\">August 19, 2025<\/a><\/blockquote><script async src=\"https:\/\/platform.twitter.com\/widgets.js\" charset=\"utf-8\"><\/script>\n<\/div><\/figure>\n\n\n\n<p>El caso no es solo un episodio policial. Es un espejo inc\u00f3modo de un pa\u00eds en el que la ley se convierte en un lujo distante y la justicia en una moneda escasa. \u00bfQu\u00e9 tan naturalizado est\u00e1 que un vecino salga con una ametralladora a la calle sin que antes suene una alarma social contundente? La respuesta se encuentra en la precarizaci\u00f3n sistem\u00e1tica del tejido social, en el abandono estatal y en el clima de violencia que crece al amparo de un gobierno que reduce su rol a un simple auditor de gastos.<\/p>\n\n\n\n<p>Mientras Javier Milei recorta, ajusta y celebra cada peso que se le niega a la educaci\u00f3n, la salud o la seguridad, la vida real en los barrios se deteriora al ritmo de la inflaci\u00f3n y del miedo. Lo sucedido en Tres de Febrero no puede leerse como un hecho aislado, sino como un s\u00edntoma de un modelo que abandona a la poblaci\u00f3n a su suerte. En la ausencia de pol\u00edticas de inclusi\u00f3n, proliferan los prestamistas, los punteros, los due\u00f1os del miedo que administran a su manera la desesperaci\u00f3n ajena.<\/p>\n\n\n\n<p>Las im\u00e1genes del prestamista con el arma son m\u00e1s que una an\u00e9cdota policial: son un retrato de la Argentina rota. Ese hombre caminando con una ametralladora encarna la degradaci\u00f3n de un orden social en el que el poder ya no se mide por la legitimidad de la ley, sino por la capacidad de imponer terror. Que los vecinos hayan tenido que recurrir al registro casero para denunciarlo demuestra tambi\u00e9n la fragilidad institucional que atraviesa al conurbano bonaerense, donde la justicia llega tarde y la polic\u00eda act\u00faa solo cuando el esc\u00e1ndalo se hace p\u00fablico.<\/p>\n\n\n\n<p>En este contexto, hablar de seguridad se vuelve una burla. El gobierno nacional insiste en discursos abstractos sobre la libertad y el ajuste, mientras en la pr\u00e1ctica los barrios conviven con la arbitrariedad de los que empu\u00f1an un arma. El miedo se convierte en la moneda de cambio y la violencia en un lenguaje corriente. Cada amenaza, cada hoja con intimidaciones impresas, cada bala incautada en el allanamiento cuenta una historia de desesperanza.<\/p>\n\n\n\n<p>Este caso interpela directamente a quienes defienden el achicamiento del Estado como soluci\u00f3n m\u00e1gica. Porque lo que se observa en Tres de Febrero no es la ausencia de problemas, sino todo lo contrario: es la multiplicaci\u00f3n de pr\u00e1cticas mafiosas en el vac\u00edo que dejan las instituciones debilitadas. En lugar de un Estado que garantice cr\u00e9dito accesible, asistencia social y seguridad real, lo que queda es un territorio donde la ley es reemplazada por el terror armado de un prestamista.<\/p>\n\n\n\n<p>La imagen es cruda y contundente. Un hombre con una ametralladora en medio de un barrio popular, exigiendo dinero a vecinos empobrecidos, mientras un gobierno central festeja la reducci\u00f3n del gasto p\u00fablico como si de un triunfo \u00e9pico se tratara. La desconexi\u00f3n entre el relato oficial y la vida cotidiana de los argentinos alcanza niveles obscenos. Y lo ocurrido en Tres de Febrero deber\u00eda ser suficiente para comprender que detr\u00e1s de cada recorte, de cada ajuste, se esconde una trama de violencia social que solo puede crecer.<\/p>\n\n\n\n<p>El pa\u00eds de Milei no es el de la libertad prometida. Es el pa\u00eds donde la desesperaci\u00f3n abre la puerta a prestamistas que amenazan con ametralladoras, donde la justicia corre detr\u00e1s de los hechos, donde la seguridad se terceriza en los vecinos que se animan a grabar lo que ven porque saben que, de otro modo, todo quedar\u00eda en la impunidad. Es un pa\u00eds donde la violencia se instala como un m\u00e9todo m\u00e1s de supervivencia y donde la pol\u00edtica, lejos de ofrecer soluciones, celebra la precariedad como si fuera una virtud.<\/p>\n\n\n\n<p>La detenci\u00f3n del prestamista y de su hermano no borra la postal que queda grabada en la memoria de los vecinos de Tres de Febrero. Esa postal es la met\u00e1fora m\u00e1s cruda de lo que significa vivir en un pa\u00eds que se vac\u00eda de Estado, que se refugia en slogans libertarios y que entrega a su gente a la ley del m\u00e1s fuerte.<\/p>\n\n\n\n<p>Fuente: <a href=\"https:\/\/www.mdzol.com\/policiales\/terror-tres-febrero-un-prestamista-amenazo-los-deudores-una-ametralladora-n1317280\">https:\/\/www.mdzol.com\/policiales\/terror-tres-febrero-un-prestamista-amenazo-los-deudores-una-ametralladora-n1317280<\/a><\/p>\n","protected":false},"excerpt":{"rendered":"<p>En Tres de Febrero, un prestamista sali\u00f3 a la calle con una ametralladora para amenazar a los vecinos endeudados. La justicia lo detuvo, pero el caso refleja el vac\u00edo estatal y la violencia creciente en la Argentina de Milei, donde la libertad prometida se traduce en miedo y precariedad cotidiana.<\/p>\n","protected":false},"author":1,"featured_media":7673,"comment_status":"open","ping_status":"open","sticky":false,"template":"","format":"standard","meta":{"_monsterinsights_skip_tracking":false,"_monsterinsights_sitenote_active":false,"_monsterinsights_sitenote_note":"","_monsterinsights_sitenote_category":0,"footnotes":"","jetpack_publicize_message":"","jetpack_publicize_feature_enabled":true,"jetpack_social_post_already_shared":true,"jetpack_social_options":{"image_generator_settings":{"template":"highway","default_image_id":0,"font":"","enabled":false},"version":2}},"categories":[4],"tags":[817,3131,93,1590,43,132,70,45,3130,711],"class_list":["post-7672","post","type-post","status-publish","format-standard","has-post-thumbnail","hentry","category-sociedad","tag-amenazas","tag-ametralladora","tag-argentina","tag-conurbano","tag-crisis","tag-inseguridad","tag-justicia","tag-milei","tag-prestamista","tag-violencia"],"jetpack_publicize_connections":[],"_links":{"self":[{"href":"https:\/\/www.enorsai.com\/noticias\/wp-json\/wp\/v2\/posts\/7672","targetHints":{"allow":["GET"]}}],"collection":[{"href":"https:\/\/www.enorsai.com\/noticias\/wp-json\/wp\/v2\/posts"}],"about":[{"href":"https:\/\/www.enorsai.com\/noticias\/wp-json\/wp\/v2\/types\/post"}],"author":[{"embeddable":true,"href":"https:\/\/www.enorsai.com\/noticias\/wp-json\/wp\/v2\/users\/1"}],"replies":[{"embeddable":true,"href":"https:\/\/www.enorsai.com\/noticias\/wp-json\/wp\/v2\/comments?post=7672"}],"version-history":[{"count":2,"href":"https:\/\/www.enorsai.com\/noticias\/wp-json\/wp\/v2\/posts\/7672\/revisions"}],"predecessor-version":[{"id":7676,"href":"https:\/\/www.enorsai.com\/noticias\/wp-json\/wp\/v2\/posts\/7672\/revisions\/7676"}],"wp:featuredmedia":[{"embeddable":true,"href":"https:\/\/www.enorsai.com\/noticias\/wp-json\/wp\/v2\/media\/7673"}],"wp:attachment":[{"href":"https:\/\/www.enorsai.com\/noticias\/wp-json\/wp\/v2\/media?parent=7672"}],"wp:term":[{"taxonomy":"category","embeddable":true,"href":"https:\/\/www.enorsai.com\/noticias\/wp-json\/wp\/v2\/categories?post=7672"},{"taxonomy":"post_tag","embeddable":true,"href":"https:\/\/www.enorsai.com\/noticias\/wp-json\/wp\/v2\/tags?post=7672"}],"curies":[{"name":"wp","href":"https:\/\/api.w.org\/{rel}","templated":true}]}}