{"id":7669,"date":"2025-08-19T14:59:55","date_gmt":"2025-08-19T17:59:55","guid":{"rendered":"https:\/\/www.enorsai.com\/noticias\/?p=7669"},"modified":"2025-08-19T14:59:55","modified_gmt":"2025-08-19T17:59:55","slug":"catastrofe-cientifica-carta-del-conicet-santa-fe-denuncia-exodo-masivo-ajuste-salvaje-y-el-riesgo-de-perder-la-investigacion-argentina","status":"publish","type":"post","link":"https:\/\/www.enorsai.com\/noticias\/politica\/catastrofe-cientifica-carta-del-conicet-santa-fe-denuncia-exodo-masivo-ajuste-salvaje-y-el-riesgo-de-perder-la-investigacion-argentina\/","title":{"rendered":"Cat\u00e1strofe cient\u00edfica: Carta del CONICET Santa Fe denuncia \u00e9xodo masivo, ajuste salvaje y el riesgo de perder la investigaci\u00f3n argentina"},"content":{"rendered":"\n<p>19 de agosto de 2025 | Por Redacci\u00f3n Enorsai<\/p>\n\n\n\n<figure class=\"wp-block-image\"><img decoding=\"async\" src=\"https:\/\/tuservidor.com\/imagenes\/conicet-santa-fe-carta-exodo-ajuste-2025.jpg\" alt=\"CONICET Santa Fe carta ajuste falta de inversi\u00f3n y \u00e9xodo cient\u00edfico\"\/><figcaption class=\"wp-element-caption\">Santa Fe: carta oficial del CONICET denuncia cierre de l\u00edneas de investigaci\u00f3n, fuga de talento y un futuro sin recambio cient\u00edfico ni innovaci\u00f3n nacional.<\/figcaption><\/figure>\n\n\n\n<h2 class=\"wp-block-heading\">Una advertencia un\u00e1nime: \u201cDestruir la ciencia lleva poco tiempo; reconstruirla puede ser imposible\u201d<\/h2>\n\n\n\n<p>Las m\u00e1ximas autoridades del <strong>CONICET Santa Fe<\/strong> lanzaron una carta sin precedentes para denunciar la \u201ccat\u00e1strofe\u201d que provoca el ajuste nacional en el sistema cient\u00edfico. El documento, firmado por todos los investigadores superiores y difundido por <strong>Rub\u00e9n Spies<\/strong> (director CONICET Santa Fe), alerta sobre la fuga de talento (m\u00e1s de 45 investigadores y t\u00e9cnicos emigrados en los \u00faltimos dos a\u00f1os), la par\u00e1lisis de proyectos y la falta absoluta de inversi\u00f3n en ciencia y tecnolog\u00eda.<\/p>\n\n\n\n<p>La carta subraya: \u201cEn Santa Fe est\u00e1n cerrando proyectos hist\u00f3ricos en el INALI y el INTEC; vaciar el sistema deja un da\u00f1o irrecuperable, porque reconstruir un capital humano de excelencia puede llevar d\u00e9cadas \u2014si es que se logra.\u201d<\/p>\n\n\n\n<h2 class=\"wp-block-heading\">Santa Fe: de cuna del CONICET a frontera del ajuste<\/h2>\n\n\n\n<p>Santa Fe ha sido un motor estrat\u00e9gico para la ciencia argentina: el primer instituto del CONICET nacional, el INALI, naci\u00f3 all\u00ed en 1962, y el INTEC fue clave en tecnolog\u00edas para el agro, el agua pesada y la industria alimentaria. El INCAPE, desde 1978, es referente en qu\u00edmica aplicada.<\/p>\n\n\n\n<p>Hoy, esa red est\u00e1 devastada: el \u00e9xodo supera los 45 profesionales y se agrava con la inminente jubilaci\u00f3n de al menos 8 m\u00e1s, sin reemplazo ni ingresos de j\u00f3venes doctores ni t\u00e9cnicos de apoyo. \u201cPor primera vez en d\u00e9cadas, las becas doctorales y las convocatorias de carrera investigadora caen 40%. El ingreso al CONICET, que era un sue\u00f1o para cientos de j\u00f3venes, ahora est\u00e1 vac\u00edo\u201d, afirma Spies.<\/p>\n\n\n\n<h2 class=\"wp-block-heading\">Exportamos cerebros y perdemos tecnolog\u00eda local<\/h2>\n\n\n\n<p>El desfinanciamiento ya provoca efectos concretos: l\u00edneas de investigaci\u00f3n en medicina, bioagro, litio, vacunas y tecnolog\u00eda alimentaria quedan truncas; empresas de base tecnol\u00f3gica ven frenada su expansi\u00f3n y Santa Fe pierde la oportunidad de crear productos exportables con alto valor agregado.<\/p>\n\n\n\n<p>\u201cM\u00e1s del 45% de lo que exporta la ciudad de Santa Fe sale del Parque Tecnol\u00f3gico Litoral; son empresas cient\u00edfico-tecnol\u00f3gicas formadas por CONICET y universidades. Sin renovaci\u00f3n y sin inversi\u00f3n, s\u00f3lo queda importar ciencia extranjera y resignar el futuro productivo argentino\u201d, advierte Spies.<\/p>\n\n\n\n<h2 class=\"wp-block-heading\">Raquel Chan y el dolor de ser tratada como \u2018\u00f1oqui\u2019<\/h2>\n\n\n\n<p>La multipremiada investigadora Raquel Chan \u2014referente mundial en transg\u00e9nicos y pionera en biotecnolog\u00eda vegetal\u2014 tambi\u00e9n puso el grito en el cielo: \u201cEl ajuste no distingue y destruye lo mejor de nuestro conocimiento. Duele ver a nuestros j\u00f3venes resignando la vocaci\u00f3n cient\u00edfica. Nos tratan como \u00f1oquis y nos tumban los brazos.\u201d<\/p>\n\n\n\n<p>La carta tambi\u00e9n advierte sobre el efecto desmoralizador: la motosierra oficial no distingue entre quienes tienen trayectoria global y quienes son verdaderos \u00f1oquis. El resultado es el mismo: cierre de grupos, abandono de carreras y un pa\u00eds dedicado a exportar materia prima y c\u00e9rebros.<\/p>\n\n\n\n<h2 class=\"wp-block-heading\">El peligro de perder una generaci\u00f3n entera para la ciencia argentina<\/h2>\n\n\n\n<p>El documento y los especialistas alertan: para Santa Fe y Argentina, el peligro es perder una generaci\u00f3n de investigadores y la posibilidad de liderar proyectos soberanos en agricultura, vacuna, litio, sustentabilidad y salud p\u00fablica. \u201cEl Congreso debe escuchar: ninguna sociedad pr\u00f3spera sacrifica su sistema cient\u00edfico sin pagar un precio hist\u00f3rico.\u201d<\/p>\n\n\n\n<h3 class=\"wp-block-heading\">Fuentes y ampliaciones recomendadas<\/h3>\n\n\n\n<ul class=\"wp-block-list\">\n<li>Radio 10 \u2013 Ma\u00f1ana Sylvestre: entrevista a Rub\u00e9n Spies y lectura de la carta del CONICET Santa Fe (19\/8\/2025)<\/li>\n\n\n\n<li>CONICET Santa Fe \/ Carta oficial de investigadores superiores<\/li>\n\n\n\n<li><a href=\"https:\/\/www.lt10.com.ar\/noticia\/2025-08-18-carta-abierta-conicet-santa-fe-catastrofe-ciencia-ajuste\" target=\"_blank\" rel=\"noreferrer noopener\">LT10 Universidad \u2013 \u201cLa carta que denuncia la cat\u00e1strofe del ajuste cient\u00edfico\u201d<\/a><\/li>\n\n\n\n<li><a href=\"https:\/\/www.pagina12.com.ar\/ciencia\/849615-ciencia-argentina-exodo-catastrofe-conicet\" target=\"_blank\" rel=\"noreferrer noopener\">P\u00e1gina\/12 \u2013 \u201cEl \u00e9xodo y el ajuste arrasan el sistema cient\u00edfico\u201d<\/a><\/li>\n<\/ul>\n\n\n\n<p>Fuente: Radio 10, CONICET Santa Fe, LT10 Universidad, redacci\u00f3n y verificaci\u00f3n Enorsai 2025.<\/p>\n","protected":false},"excerpt":{"rendered":"<p>El CONICET Santa Fe denuncia la cat\u00e1strofe del ajuste: cierre masivo de l\u00edneas de investigaci\u00f3n, fuga de cerebros y desmoralizaci\u00f3n de referentes como Raquel Chan. La ciencia argentina peligra y reclaman acci\u00f3n urgente para no perder el futuro del pa\u00eds.<\/p>\n","protected":false},"author":4,"featured_media":7670,"comment_status":"open","ping_status":"open","sticky":false,"template":"","format":"standard","meta":{"_monsterinsights_skip_tracking":false,"_monsterinsights_sitenote_active":false,"_monsterinsights_sitenote_note":"","_monsterinsights_sitenote_category":0,"footnotes":"","jetpack_publicize_message":"\ud83d\udea8 Carta del CONICET Santa Fe: \u00e9xodo cient\u00edfico, ajuste salvaje y el riesgo de perder una generaci\u00f3n de investigadores","jetpack_publicize_feature_enabled":true,"jetpack_social_post_already_shared":false,"jetpack_social_options":{"image_generator_settings":{"template":"highway","default_image_id":0,"font":"","enabled":false},"version":2}},"categories":[6,2],"tags":[58,2383,3123,1230,2589,3121,3122,3127,3128,313,3126,1289,3125,3124,1265,167,3129],"class_list":["post-7669","post","type-post","status-publish","format-standard","has-post-thumbnail","hentry","category-ciencia-y-tecnologia","category-politica","tag-ajuste","tag-ajuste-milei","tag-carta-abierta","tag-catastrofe","tag-ciencia-argentina","tag-conicet-santa-fe","tag-exodo-cientifico","tag-fuga-de-cerebros","tag-inversion-ciencia","tag-investigacion","tag-investigadores","tag-presupuesto","tag-raquel-chan","tag-ruben-spies","tag-santa-fe","tag-tecnologia","tag-universitarios"],"jetpack_publicize_connections":[],"_links":{"self":[{"href":"https:\/\/www.enorsai.com\/noticias\/wp-json\/wp\/v2\/posts\/7669","targetHints":{"allow":["GET"]}}],"collection":[{"href":"https:\/\/www.enorsai.com\/noticias\/wp-json\/wp\/v2\/posts"}],"about":[{"href":"https:\/\/www.enorsai.com\/noticias\/wp-json\/wp\/v2\/types\/post"}],"author":[{"embeddable":true,"href":"https:\/\/www.enorsai.com\/noticias\/wp-json\/wp\/v2\/users\/4"}],"replies":[{"embeddable":true,"href":"https:\/\/www.enorsai.com\/noticias\/wp-json\/wp\/v2\/comments?post=7669"}],"version-history":[{"count":1,"href":"https:\/\/www.enorsai.com\/noticias\/wp-json\/wp\/v2\/posts\/7669\/revisions"}],"predecessor-version":[{"id":7671,"href":"https:\/\/www.enorsai.com\/noticias\/wp-json\/wp\/v2\/posts\/7669\/revisions\/7671"}],"wp:featuredmedia":[{"embeddable":true,"href":"https:\/\/www.enorsai.com\/noticias\/wp-json\/wp\/v2\/media\/7670"}],"wp:attachment":[{"href":"https:\/\/www.enorsai.com\/noticias\/wp-json\/wp\/v2\/media?parent=7669"}],"wp:term":[{"taxonomy":"category","embeddable":true,"href":"https:\/\/www.enorsai.com\/noticias\/wp-json\/wp\/v2\/categories?post=7669"},{"taxonomy":"post_tag","embeddable":true,"href":"https:\/\/www.enorsai.com\/noticias\/wp-json\/wp\/v2\/tags?post=7669"}],"curies":[{"name":"wp","href":"https:\/\/api.w.org\/{rel}","templated":true}]}}