{"id":7655,"date":"2025-08-18T20:55:01","date_gmt":"2025-08-18T23:55:01","guid":{"rendered":"https:\/\/www.enorsai.com\/noticias\/derechos-humanos\/el-cuidado-como-derecho-humano-autonomo-hacia-la-institucionalizacion-de-las-tareas-de-cuidados\/"},"modified":"2025-08-18T20:57:16","modified_gmt":"2025-08-18T23:57:16","slug":"el-cuidado-como-derecho-humano-autonomo-hacia-la-institucionalizacion-de-las-tareas-de-cuidados","status":"publish","type":"post","link":"https:\/\/www.enorsai.com\/noticias\/derechos-humanos\/el-cuidado-como-derecho-humano-autonomo-hacia-la-institucionalizacion-de-las-tareas-de-cuidados\/","title":{"rendered":"El cuidado como derecho humano aut\u00f3nomo: Hacia la Institucionalizaci\u00f3n de las Tareas de Cuidados"},"content":{"rendered":"\n<p><br><br><br>Por Noelia LEZCANO<br>Docente UBA Abogada Laboralista Presidenta Asociaci\u00f3n Civil L\u00edderar Mujer e integrante del Movimiento Productivo 25 de Mayo <br><br><br><br>La OC-31\/25 reconoce, por primera vez, que el cuidado es un derecho humano aut\u00f3nomo, con car\u00e1cter exigible y con obligaciones concretas para los Estados. Este reconocimiento implica un cambio de paradigma: el cuidado deja de ser visto como una responsabilidad privada o meramente familiar para convertirse en un asunto de justicia social, de igualdad de g\u00e9nero y de derechos humanos universales.<br><br>La Corte identifica tres dimensiones esenciales de este derecho<br><br>Ser cuidado: garantizar que todas las personas reciban la atenci\u00f3n y el apoyo que necesitan para vivir con dignidad.<br>Cuidar: reconocer y proteger a quienes asumen tareas de cuidado, muchas veces de forma invisibilizada y no remunerada.<br>Autocuidado: asegurar que cada persona pueda atender su propia salud f\u00edsica, mental y emocional, como base para su autonom\u00eda. Asimismo, en cada una de estas dimensiones, la Corte subraya principios que deben guiar la acci\u00f3n estatal: autonom\u00eda, dignidad y participaci\u00f3n plena de las personas.<br><br>La relevancia de esta Opini\u00f3n Consultiva no se agota en la declaraci\u00f3n del derecho. La Corte establece que los Estados tienen la obligaci\u00f3n de garantizar pol\u00edticas p\u00fablicas integrales que reconozcan, redistribuyan y remuneren el trabajo de cuidados. <br><br>Esto implica derribar desigualdades de g\u00e9nero arraigadas, romper con estructuras que relegan el cuidado al \u00e1mbito privado y avanzar hacia sistemas que lo consideren un pilar del desarrollo humano y econ\u00f3mico.<br><br>Desde Liderar Mujer subrayamos que es medular hacer dialogar la categor\u00eda de cuidados con la producci\u00f3n. El cuidado no es una carga improductiva, sino un engranaje esencial de la econom\u00eda: sostiene la fuerza laboral, reduce desigualdades y crea las condiciones para el desarrollo sostenible. Incorporar esta visi\u00f3n en las pol\u00edticas p\u00fablicas significa reconocer que cuidar tambi\u00e9n es producir, y que ambos ejes \u2014cuidado y producci\u00f3n\u2014 son interdependientes y estrat\u00e9gicos para el futuro de nuestras sociedades.<br><br>En L\u00edderar Mujer, recibimos este avance como un logro colectivo que refleja d\u00e9cadas de lucha de los movimientos feministas, de derechos humanos y de organizaciones comunitarias. La OC-31\/25 no es solo un pronunciamiento jur\u00eddico: es una hoja de ruta para transformar nuestras sociedades, poniendo el cuidado en el centro del modelo de desarrollo y garantizando que ninguna persona quede atr\u00e1s.<br><br>El desaf\u00edo que tenemos por delante es pol\u00edtico, cultural y econ\u00f3mico. Implica institucionalizar las tareas cuidado como un derecho, dise\u00f1ar sistemas nacionales con enfoque de g\u00e9nero, y asumir que cuidar tambi\u00e9n es producir: genera bienestar, fortalece el tejido social y dinamiza la econom\u00eda.<br><br>Este reconocimiento hist\u00f3rico abre un nuevo cap\u00edtulo para Am\u00e9rica Latina y el Caribe. Desde L\u00edderar Mujer reafirmamos nuestra convicci\u00f3n de que el cuidado es un pilar de la democracia y un motor para la igualdad real por eso #CuidarEsProducir<\/p>\n\n\n\n<figure class=\"wp-block-image size-large\"><img loading=\"lazy\" decoding=\"async\" width=\"1080\" height=\"1350\" src=\"https:\/\/www.enorsai.com\/noticias\/wp-content\/uploads\/2025\/08\/img-20250808-wa01022737397742346740056.jpg\" alt=\"\" class=\"wp-image-7654\" \/><\/figure>\n","protected":false},"excerpt":{"rendered":"<p>Por Noelia LEZCANODocente UBA Abogada Laboralista Presidenta Asociaci\u00f3n Civil L\u00edderar Mujer e integrante del Movimiento Productivo 25 de Mayo La OC-31\/25 reconoce, por primera vez, que el cuidado es un derecho humano aut\u00f3nomo, con car\u00e1cter exigible y con obligaciones concretas para los Estados. Este reconocimiento implica un cambio de paradigma: el cuidado deja de ser&#8230;<\/p>\n","protected":false},"author":15,"featured_media":0,"comment_status":"open","ping_status":"open","sticky":false,"template":"","format":"standard","meta":{"_monsterinsights_skip_tracking":false,"_monsterinsights_sitenote_active":false,"_monsterinsights_sitenote_note":"","_monsterinsights_sitenote_category":0,"footnotes":"","jetpack_publicize_message":"","jetpack_publicize_feature_enabled":true,"jetpack_social_post_already_shared":true,"jetpack_social_options":{"image_generator_settings":{"template":"highway","default_image_id":0,"font":"","enabled":false},"version":2}},"categories":[1908],"tags":[3113,432],"class_list":["post-7655","post","type-post","status-publish","format-standard","hentry","category-derechos-humanos","tag-cuidar-es-producir","tag-ddhh"],"jetpack_publicize_connections":[],"_links":{"self":[{"href":"https:\/\/www.enorsai.com\/noticias\/wp-json\/wp\/v2\/posts\/7655","targetHints":{"allow":["GET"]}}],"collection":[{"href":"https:\/\/www.enorsai.com\/noticias\/wp-json\/wp\/v2\/posts"}],"about":[{"href":"https:\/\/www.enorsai.com\/noticias\/wp-json\/wp\/v2\/types\/post"}],"author":[{"embeddable":true,"href":"https:\/\/www.enorsai.com\/noticias\/wp-json\/wp\/v2\/users\/15"}],"replies":[{"embeddable":true,"href":"https:\/\/www.enorsai.com\/noticias\/wp-json\/wp\/v2\/comments?post=7655"}],"version-history":[{"count":1,"href":"https:\/\/www.enorsai.com\/noticias\/wp-json\/wp\/v2\/posts\/7655\/revisions"}],"predecessor-version":[{"id":7656,"href":"https:\/\/www.enorsai.com\/noticias\/wp-json\/wp\/v2\/posts\/7655\/revisions\/7656"}],"wp:attachment":[{"href":"https:\/\/www.enorsai.com\/noticias\/wp-json\/wp\/v2\/media?parent=7655"}],"wp:term":[{"taxonomy":"category","embeddable":true,"href":"https:\/\/www.enorsai.com\/noticias\/wp-json\/wp\/v2\/categories?post=7655"},{"taxonomy":"post_tag","embeddable":true,"href":"https:\/\/www.enorsai.com\/noticias\/wp-json\/wp\/v2\/tags?post=7655"}],"curies":[{"name":"wp","href":"https:\/\/api.w.org\/{rel}","templated":true}]}}