{"id":7643,"date":"2025-08-18T08:03:01","date_gmt":"2025-08-18T11:03:01","guid":{"rendered":"https:\/\/www.enorsai.com\/noticias\/?p=7643"},"modified":"2025-08-18T08:19:33","modified_gmt":"2025-08-18T11:19:33","slug":"quienes-son-los-famosos-convocados-por-la-libertad-avanza-candidatos-insolitos-polemicas-y-show-electoral-en-las-listas-de-2025","status":"publish","type":"post","link":"https:\/\/www.enorsai.com\/noticias\/politica\/quienes-son-los-famosos-convocados-por-la-libertad-avanza-candidatos-insolitos-polemicas-y-show-electoral-en-las-listas-de-2025\/","title":{"rendered":"\u00bfQui\u00e9nes son los famosos convocados por La Libertad Avanza? Candidatos ins\u00f3litos, pol\u00e9micas y show electoral en las listas de 2025"},"content":{"rendered":"\n<p>18 de agosto de 2025 | Por Redacci\u00f3n Enorsai<\/p>\n\n\n\n<figure class=\"wp-block-image\"><img decoding=\"async\" src=\"https:\/\/tuservidor.com\/imagenes\/famosos-libertad-avanza-candidatos-2025.jpg\" alt=\"Famosos en las listas de La Libertad Avanza para las elecciones 2025\"\/><figcaption class=\"wp-element-caption\">Las listas de 2025 suman m\u00e1s celebridades, influencers y personajes medi\u00e1ticos convocados para representar La Libertad Avanza en el Congreso y las legislaturas.<\/figcaption><\/figure>\n\n\n\n<h2 class=\"wp-block-heading\">Un casting electoral: famosos y medi\u00e1ticos en busca de bancas<\/h2>\n\n\n\n<p>Las listas de <strong>La Libertad Avanza<\/strong> para las elecciones 2025 sorprendieron con la inclusi\u00f3n de varias figuras medi\u00e1ticas, influencers y celebridades del espect\u00e1culo. El columnista Ignacio Rodr\u00edguez revel\u00f3 en <strong>Radio 10 \u2013 Ma\u00f1ana Sylvestre<\/strong> qui\u00e9nes son los candidatos que dar\u00e1n que hablar en las urnas:<\/p>\n\n\n\n<ul class=\"wp-block-list\">\n<li><strong>Jorge Porcel Jr.<\/strong>: hijo del famoso humorista, se postula por el movimiento plural del dirigente gremial Marcelo Peretta\u2014quien antes estuvo cerca de Patricia Bullrich.<\/li>\n\n\n\n<li><strong>Virginia Gallardo<\/strong>: panelista de Indomables (C5N) y actriz. Compite por el partido en Corrientes.<\/li>\n\n\n\n<li><strong>Karen Raychard<\/strong>: ex chica Playboy, conductora TV y \u201cinfluencer libertaria\u201d. Va como candidata a diputada, segundo t\u00e9rmino, y cuenta con presencia medi\u00e1tica en la TV p\u00fablica y el canal \u201cNo hay plata\u201d. Amiga personal de Milei.<\/li>\n\n\n\n<li><strong>Turco Garc\u00eda<\/strong>: ex futbolista, postulado a diputado nacional por la ciudad de Buenos Aires por el partido Integrar.<\/li>\n\n\n\n<li><strong>Laura Soldano<\/strong>: campeona nacional e internacional de bikini fitness, candidata de La Libertad Avanza en C\u00f3rdoba.<\/li>\n\n\n\n<li><strong>Evelyn Bonbrock<\/strong>: ex pareja de Fabi\u00e1n Doman, figura medi\u00e1tica que tambi\u00e9n integra las listas.<\/li>\n<\/ul>\n\n\n\n<figure class=\"wp-block-embed is-type-rich is-provider-twitter wp-block-embed-twitter\"><div class=\"wp-block-embed__wrapper\">\n<blockquote class=\"twitter-tweet\" data-width=\"550\" data-dnt=\"true\"><p lang=\"es\" dir=\"ltr\">Hace unos meses a Tronco (candidato a Diputado Nacional por La Libertad Avanza) lo rajaron a la mierda de Neura por pasar al aire un chiste PED0FILO. Cuando la gente se olvid\u00f3 hasta lo pusieron de DIPUTADO<a href=\"https:\/\/t.co\/aHLwYR3ayZ\">pic.twitter.com\/aHLwYR3ayZ<\/a><\/p>&mdash; Arrepentidos de Milei (@ArrepentidosLLA) <a href=\"https:\/\/twitter.com\/ArrepentidosLLA\/status\/1957256405779697882?ref_src=twsrc%5Etfw\">August 18, 2025<\/a><\/blockquote><script async src=\"https:\/\/platform.twitter.com\/widgets.js\" charset=\"utf-8\"><\/script>\n<\/div><\/figure>\n\n\n\n<h2 class=\"wp-block-heading\">Show pol\u00edtico, listas abiertas y la pol\u00e9mica por la \u201crepresentatividad\u201d<\/h2>\n\n\n\n<p>El desembarco de famosos en la disputa electoral no es nuevo, pero en 2025 se magnifica: nombres del espect\u00e1culo y el deporte ganan espacio en la pol\u00edtica y generan debate sobre la calidad de representaci\u00f3n, la preparaci\u00f3n y el show por encima de los problemas reales. Algunos candidatos llegaron a estar \u201carriba\u201d de pol\u00edticos tradicionales (como Santilli o De Loredo), lo que despert\u00f3 cr\u00edticas y asombro en los partidos y los medios. <\/p>\n\n\n\n<figure class=\"wp-block-embed is-type-wp-embed is-provider-incrustado wp-block-embed-incrustado\"><div class=\"wp-block-embed__wrapper\">\n<blockquote class=\"wp-embedded-content\" data-secret=\"fVXn7tQ51P\"><a href=\"https:\/\/www.enorsai.com\/noticias\/politica\/elecciones-y-manipulacion-milei-crece-solo-en-las-encuestas-oficialistas-la-imagen-nacional-se-enfria-y-la-pelea-es-voto-a-voto\/\">Elecciones y manipulaci\u00f3n: Milei crece solo en las encuestas oficialistas, la imagen nacional se enfr\u00eda y la pelea es voto a voto<\/a><\/blockquote><iframe loading=\"lazy\" class=\"wp-embedded-content\" sandbox=\"allow-scripts\" security=\"restricted\" style=\"position: absolute; visibility: hidden;\" title=\"\u00abElecciones y manipulaci\u00f3n: Milei crece solo en las encuestas oficialistas, la imagen nacional se enfr\u00eda y la pelea es voto a voto\u00bb \u2014 \" src=\"https:\/\/www.enorsai.com\/noticias\/politica\/elecciones-y-manipulacion-milei-crece-solo-en-las-encuestas-oficialistas-la-imagen-nacional-se-enfria-y-la-pelea-es-voto-a-voto\/embed\/#?secret=M33so2tEEn#?secret=fVXn7tQ51P\" data-secret=\"fVXn7tQ51P\" width=\"600\" height=\"338\" frameborder=\"0\" marginwidth=\"0\" marginheight=\"0\" scrolling=\"no\"><\/iframe>\n<\/div><\/figure>\n\n\n\n<p>En el trasfondo, la estrategia parece ser ampliar alcance y sumar votos con caras conocidas, aunque surgen dudas sobre la idoneidad, el trabajo legislativo y el sentido profundo de la democracia representativa. Las listas de La Libertad Avanza marcan el pulso de una campa\u00f1a donde la fama y la viralidad pesan tanto como los proyectos de ley.<\/p>\n\n\n\n<h2 class=\"wp-block-heading\">\u00bfQui\u00e9n falta y qui\u00e9n queda afuera?<\/h2>\n\n\n\n<p>Destacan los nombres que no fueron incluidos: De Loredo, a pesar de haber intentado entrar en la lista cordobesa, qued\u00f3 afuera. Se especula si nuevas figuras medi\u00e1ticas pueden sumarse antes del cierre. <\/p>\n\n\n\n<figure class=\"wp-block-embed is-type-wp-embed is-provider-incrustado wp-block-embed-incrustado\"><div class=\"wp-block-embed__wrapper\">\n<blockquote class=\"wp-embedded-content\" data-secret=\"l1sMRbEcsm\"><a href=\"https:\/\/www.enorsai.com\/noticias\/politica\/mario-riorda-el-antimileismo-supera-al-antikirchnerismo-y-el-discurso-agresivo-de-milei-pierde-peso-esperanza-y-moderacion-los-nuevos-motores-del-voto\/\">Mario Riorda: \u201cEl antimile\u00edsmo supera al antikirchnerismo y el discurso agresivo de Milei pierde peso: esperanza y moderaci\u00f3n, los nuevos motores del voto\u201d<\/a><\/blockquote><iframe loading=\"lazy\" class=\"wp-embedded-content\" sandbox=\"allow-scripts\" security=\"restricted\" style=\"position: absolute; visibility: hidden;\" title=\"\u00abMario Riorda: \u201cEl antimile\u00edsmo supera al antikirchnerismo y el discurso agresivo de Milei pierde peso: esperanza y moderaci\u00f3n, los nuevos motores del voto\u201d\u00bb \u2014 \" src=\"https:\/\/www.enorsai.com\/noticias\/politica\/mario-riorda-el-antimileismo-supera-al-antikirchnerismo-y-el-discurso-agresivo-de-milei-pierde-peso-esperanza-y-moderacion-los-nuevos-motores-del-voto\/embed\/#?secret=FqwrhI8z6N#?secret=l1sMRbEcsm\" data-secret=\"l1sMRbEcsm\" width=\"600\" height=\"338\" frameborder=\"0\" marginwidth=\"0\" marginheight=\"0\" scrolling=\"no\"><\/iframe>\n<\/div><\/figure>\n\n\n\n<h3 class=\"wp-block-heading\">Fuentes<\/h3>\n\n\n\n<ul class=\"wp-block-list\">\n<li>Radio 10 \u2013 Ma\u00f1ana Sylvestre: columna de Ignacio Rodr\u00edguez sobre famosos y listas de LLA (18 de agosto 2025)<\/li>\n\n\n\n<li>Monitor electoral y sitios especializados en candidaturas nacionales y provinciales (2025)<\/li>\n<\/ul>\n\n\n\n<p>Fuente: Radio 10 \u2013 Ma\u00f1ana Sylvestre | Redacci\u00f3n Enorsai | S\u00edntesis, verificaci\u00f3n y listado actualizado a las \u00faltimas novedades de campa\u00f1a.<\/p>\n","protected":false},"excerpt":{"rendered":"<p>18 de agosto de 2025 | Por Redacci\u00f3n Enorsai Un casting electoral: famosos y medi\u00e1ticos en busca de bancas Las listas de La Libertad Avanza para las elecciones 2025 sorprendieron con la inclusi\u00f3n de varias figuras medi\u00e1ticas, influencers y celebridades del espect\u00e1culo. El columnista Ignacio Rodr\u00edguez revel\u00f3 en Radio 10 \u2013 Ma\u00f1ana Sylvestre qui\u00e9nes son&#8230;<\/p>\n","protected":false},"author":4,"featured_media":7644,"comment_status":"open","ping_status":"open","sticky":false,"template":"","format":"standard","meta":{"_monsterinsights_skip_tracking":false,"_monsterinsights_sitenote_active":false,"_monsterinsights_sitenote_note":"","_monsterinsights_sitenote_category":0,"footnotes":"","jetpack_publicize_message":"\ud83c\udf1f Famosos en las listas de La Libertad Avanza: el casting electoral que sorprendi\u00f3 en la campa\u00f1a 2025","jetpack_publicize_feature_enabled":true,"jetpack_social_post_already_shared":false,"jetpack_social_options":{"image_generator_settings":{"template":"highway","default_image_id":0,"font":"","enabled":false},"version":2}},"categories":[2,4],"tags":[1458,3104,257,209,1411,3111,3103,367,3106,3109,197,3112,45,72,3105,3110,3108,3107],"class_list":["post-7643","post","type-post","status-publish","format-standard","has-post-thumbnail","hentry","category-politica","category-sociedad","tag-candidatos","tag-celebridades","tag-congreso","tag-democracia","tag-elecciones-2025","tag-evelyn-bonbrock","tag-famosos","tag-influencers","tag-karen-raychard","tag-laura-soldano","tag-libertad-avanza","tag-listas-polemicas","tag-milei","tag-politica","tag-porcel-jr","tag-show-electoral","tag-turco-garcia","tag-virginia-gallardo"],"jetpack_publicize_connections":[],"_links":{"self":[{"href":"https:\/\/www.enorsai.com\/noticias\/wp-json\/wp\/v2\/posts\/7643","targetHints":{"allow":["GET"]}}],"collection":[{"href":"https:\/\/www.enorsai.com\/noticias\/wp-json\/wp\/v2\/posts"}],"about":[{"href":"https:\/\/www.enorsai.com\/noticias\/wp-json\/wp\/v2\/types\/post"}],"author":[{"embeddable":true,"href":"https:\/\/www.enorsai.com\/noticias\/wp-json\/wp\/v2\/users\/4"}],"replies":[{"embeddable":true,"href":"https:\/\/www.enorsai.com\/noticias\/wp-json\/wp\/v2\/comments?post=7643"}],"version-history":[{"count":3,"href":"https:\/\/www.enorsai.com\/noticias\/wp-json\/wp\/v2\/posts\/7643\/revisions"}],"predecessor-version":[{"id":7647,"href":"https:\/\/www.enorsai.com\/noticias\/wp-json\/wp\/v2\/posts\/7643\/revisions\/7647"}],"wp:featuredmedia":[{"embeddable":true,"href":"https:\/\/www.enorsai.com\/noticias\/wp-json\/wp\/v2\/media\/7644"}],"wp:attachment":[{"href":"https:\/\/www.enorsai.com\/noticias\/wp-json\/wp\/v2\/media?parent=7643"}],"wp:term":[{"taxonomy":"category","embeddable":true,"href":"https:\/\/www.enorsai.com\/noticias\/wp-json\/wp\/v2\/categories?post=7643"},{"taxonomy":"post_tag","embeddable":true,"href":"https:\/\/www.enorsai.com\/noticias\/wp-json\/wp\/v2\/tags?post=7643"}],"curies":[{"name":"wp","href":"https:\/\/api.w.org\/{rel}","templated":true}]}}