{"id":7599,"date":"2025-08-16T23:21:10","date_gmt":"2025-08-17T02:21:10","guid":{"rendered":"https:\/\/www.enorsai.com\/noticias\/?p=7599"},"modified":"2025-08-16T23:21:10","modified_gmt":"2025-08-17T02:21:10","slug":"echarri-vs-francella-polemica-por-el-privilegio-de-ser-pobre-y-el-cine-que-incomoda-entre-estereotipos-y-silencios-del-gobierno-milei","status":"publish","type":"post","link":"https:\/\/www.enorsai.com\/noticias\/politica\/echarri-vs-francella-polemica-por-el-privilegio-de-ser-pobre-y-el-cine-que-incomoda-entre-estereotipos-y-silencios-del-gobierno-milei\/","title":{"rendered":"Echarri vs Francella: Pol\u00e9mica por el \u201cprivilegio de ser pobre\u201d y el cine que incomoda, entre estereotipos y silencios del gobierno Milei"},"content":{"rendered":"\n<p>16 de agosto de 2025 | Por Redacci\u00f3n Enorsai<\/p>\n\n\n\n<figure class=\"wp-block-image\"><img decoding=\"async\" src=\"https:\/\/tuservidor.com\/imagenes\/francella-echarri-pelicula-pobreza-polemica-cine-2025.jpg\" alt=\"Pablo Echarri y Guillermo Francella polemizan sobre cine argentino y pobreza\"\/><figcaption class=\"wp-element-caption\">El cine argentino en debate: Echarri y cr\u00edticos responden al \u201cprivilegio de ser pobre\u201d y la mirada pol\u00e9mica de Francella sobre cultura, pobreza y el rol estatal.<\/figcaption><\/figure>\n\n\n\n<h2 class=\"wp-block-heading\">\u00abEl privilegio de ser pobre\u00bb: \u00bfromantizaci\u00f3n, denuncia o provocaci\u00f3n?<\/h2>\n\n\n\n<p><strong>Pablo Echarri<\/strong> sali\u00f3 al cruce del mensaje que Guillermo Francella encarna en su nueva pel\u00edcula: un cura villero que sugiere que la pobreza es \u201cvirtuosa\u201d, porque quienes la padecen no se esclavizan por el consumo. La escena, viralizada y rechazada por sectores populares, para Echarri y muchos cr\u00edticos evoca la <strong>\u201cromantizaci\u00f3n\u201d de la pobreza<\/strong> y choca de frente con la realidad dolorosa de millones de argentinos.<\/p>\n\n\n\n<p>El impacto de frases como \u201cel privilegio de ser pobre\u201d gener\u00f3 respuestas incendiarias: desde curas reales en barrios humildes como Paco Loera hasta analistas y artistas que denuncian la mirada distorsionada y peligrosa del cine y la comunicaci\u00f3n cuando \u201cse hace arte con el hambre ajeno\u201d. En tiempos de ajuste y recortes bajo Milei, la provocaci\u00f3n remueve el debate sobre qui\u00e9nes cuentan la historia nacional y desde qu\u00e9 lugar. <\/p>\n\n\n\n<figure class=\"wp-block-embed is-type-wp-embed is-provider-incrustado wp-block-embed-incrustado\"><div class=\"wp-block-embed__wrapper\">\n<blockquote class=\"wp-embedded-content\" data-secret=\"qcF6k0yEjd\"><a href=\"https:\/\/www.enorsai.com\/noticias\/politica\/corrupcion-libertaria-alerta-por-operacion-sospechosa-de-zefico-s-a-la-empresa-ligada-al-cerebro-de-milei\/\">CORRUPCI\u00d3N LIBERTARIA: Alerta por operaci\u00f3n sospechosa de Zefico S.A., la empresa ligada al \u201ccerebro\u201d de Milei<\/a><\/blockquote><iframe loading=\"lazy\" class=\"wp-embedded-content\" sandbox=\"allow-scripts\" security=\"restricted\" style=\"position: absolute; visibility: hidden;\" title=\"\u00abCORRUPCI\u00d3N LIBERTARIA: Alerta por operaci\u00f3n sospechosa de Zefico S.A., la empresa ligada al \u201ccerebro\u201d de Milei\u00bb \u2014 \" src=\"https:\/\/www.enorsai.com\/noticias\/politica\/corrupcion-libertaria-alerta-por-operacion-sospechosa-de-zefico-s-a-la-empresa-ligada-al-cerebro-de-milei\/embed\/#?secret=erD9M8ul30#?secret=qcF6k0yEjd\" data-secret=\"qcF6k0yEjd\" width=\"600\" height=\"338\" frameborder=\"0\" marginwidth=\"0\" marginheight=\"0\" scrolling=\"no\"><\/iframe>\n<\/div><\/figure>\n\n\n\n<h2 class=\"wp-block-heading\">El cine argentino y el ataque oficial: Francella, la cultura y la resistencia<\/h2>\n\n\n\n<p>La pel\u00edcula, dirigida por los creadores de El Encargado, multiplica estereotipos sobre lo argentino, alternando historias tr\u00e1gicas, s\u00e1tiras y sketchs. Pero la controversia revive el clima de <strong>cr\u00edtica oficialista al cine argentino<\/strong>, con Francella afirmando que \u201cel p\u00fablico le da la espalda a las pel\u00edculas nacionales.\u201d Echarri responde: \u201cEl cine necesita del Estado para financiar historias, incluso las fallidas, porque es as\u00ed como crecen los grandes cineastas. Defender el INCAA y la cultura es resistir la pol\u00edtica de destrucci\u00f3n que impulsa el gobierno.\u201d<\/p>\n\n\n\n<p>Los directores insisten en el derecho a provocar y experimentar: \u201cEl cine debe incomodar.\u201d Pero cr\u00edticos como Lusich disparan contra Francella por apoyar el recorte al teatro y la cultura estatal, acusando que \u201cuna industria sin apoyo p\u00fablico desaparece y deja fuera a los pobres y a las voces nuevas de la Argentina\u201d.<\/p>\n\n\n\n<h2 class=\"wp-block-heading\">Entre estereotipos y la mirada social: \u00bfa qui\u00e9n incomoda el cine?<\/h2>\n\n\n\n<p>Los cortos en la pel\u00edcula alternan entre la provocaci\u00f3n, el humor y el drama, pero dividen al p\u00fablico. \u00bfSon historias argentinas o humanos universales? Mientras Francella avanza en roles dram\u00e1ticos, los productores defienden la libertad de explorar la identidad nacional, a\u00fan a riesgo de pol\u00e9micas y furia gremial. El repaso cr\u00edtico se\u00f1ala que muchos sketches \u201cno tienen desarrollo ni desenlace\u201d, y la comparaci\u00f3n inmediata es Relatos Salvajes: historias intensas que trascienden lo argentino y conectan con la humanidad. <\/p>\n\n\n\n<figure class=\"wp-block-embed is-type-wp-embed is-provider-incrustado wp-block-embed-incrustado\"><div class=\"wp-block-embed__wrapper\">\n<blockquote class=\"wp-embedded-content\" data-secret=\"anm3RaWPkz\"><a href=\"https:\/\/www.enorsai.com\/noticias\/politica\/caso-libra-confirman-el-tarifario-millonario-de-karina-milei-para-reuniones-y-posteos-con-el-presidente\/\">Caso Libra: Confirman el tarifario millonario de Karina Milei para reuniones y posteos con el presidente<\/a><\/blockquote><iframe loading=\"lazy\" class=\"wp-embedded-content\" sandbox=\"allow-scripts\" security=\"restricted\" style=\"position: absolute; visibility: hidden;\" title=\"\u00abCaso Libra: Confirman el tarifario millonario de Karina Milei para reuniones y posteos con el presidente\u00bb \u2014 \" src=\"https:\/\/www.enorsai.com\/noticias\/politica\/caso-libra-confirman-el-tarifario-millonario-de-karina-milei-para-reuniones-y-posteos-con-el-presidente\/embed\/#?secret=NXTyrBUGBE#?secret=anm3RaWPkz\" data-secret=\"anm3RaWPkz\" width=\"600\" height=\"338\" frameborder=\"0\" marginwidth=\"0\" marginheight=\"0\" scrolling=\"no\"><\/iframe>\n<\/div><\/figure>\n\n\n\n<p>El debate est\u00e1 servido: \u00bfdebe el cine argentino ser disruptivo y autobiogr\u00e1fico, aunque provoque incomodidad, o tiene el deber de construir empat\u00eda real con quienes padecen el ajuste econ\u00f3mico y el vac\u00edo estatal? En la era Milei, el arte se vuelve campo de batalla cultural.<\/p>\n\n\n\n<h2 class=\"wp-block-heading\">Invitaci\u00f3n al espectador: opinar, criticar y defender el cine argentino<\/h2>\n\n\n\n<p>M\u00e1s all\u00e1 de los ataques, Echarri llama a que la sociedad \u201cse apropie del cine nacional\u201d y lo defienda. \u201cEl ajuste no puede silenciar al arte ni convertir la pobreza en privilegio. El cine debe ser puente de voces, no herramienta para justificar el sufrimiento de los que menos tienen.\u201d<\/p>\n\n\n\n<p>El mensaje final: ante la pol\u00e9mica, el p\u00fablico tiene la \u00faltima palabra. Ir a ver, opinar, criticar y exigir m\u00e1s y mejor cine argentino: una invitaci\u00f3n a formar opini\u00f3n y resistir los embates del neoliberalismo sobre la cultura y la empat\u00eda nacional.<\/p>\n\n\n\n<h3 class=\"wp-block-heading\">Fuentes y datos para ampliar<\/h3>\n\n\n\n<ul class=\"wp-block-list\">\n<li>C5N \u2013 La Voz de la Calle \u2013 Edici\u00f3n S\u00e1bado: repercusiones del cruce Echarri-Francella (16 de agosto 2025)<\/li>\n\n\n\n<li><a href=\"https:\/\/www.pagina12.com.ar\/cultura\/849441-polemica-francella-echarri-cine-argentino\" target=\"_blank\" rel=\"noreferrer noopener\">P\u00e1gina\/12 \u2013 Pol\u00e9mica Francella-Echarri y el cine argentino<\/a><\/li>\n\n\n\n<li><a href=\"https:\/\/www.clarin.com\/espectaculos\/francella-echarri-polemica-cultura-2025-nid16082025.html\" target=\"_blank\" rel=\"noreferrer noopener\">Clar\u00edn \u2013 Debate por cine, cultura estatal y pobreza<\/a><\/li>\n\n\n\n<li><a href=\"https:\/\/www.infobae.com\/cultura\/2025\/08\/16\/la-pelicula-francella-polemica-pobreza-privilegio-represion-cultura\/\" target=\"_blank\" rel=\"noreferrer noopener\">Infobae \u2013 Pol\u00e9mica Francella; pobreza y narrativa oficial<\/a><\/li>\n<\/ul>\n\n\n\n<p>Fuente: C5N \u2013 La Voz de la Calle | Relevamiento y s\u00edntesis original Enorsai, con verificaci\u00f3n en medios especializados.<\/p>\n","protected":false},"excerpt":{"rendered":"<p>16 de agosto de 2025 | Por Redacci\u00f3n Enorsai \u00abEl privilegio de ser pobre\u00bb: \u00bfromantizaci\u00f3n, denuncia o provocaci\u00f3n? Pablo Echarri sali\u00f3 al cruce del mensaje que Guillermo Francella encarna en su nueva pel\u00edcula: un cura villero que sugiere que la pobreza es \u201cvirtuosa\u201d, porque quienes la padecen no se esclavizan por el consumo. La escena,&#8230;<\/p>\n","protected":false},"author":5,"featured_media":7600,"comment_status":"open","ping_status":"open","sticky":false,"template":"","format":"standard","meta":{"_monsterinsights_skip_tracking":false,"_monsterinsights_sitenote_active":false,"_monsterinsights_sitenote_note":"","_monsterinsights_sitenote_category":0,"footnotes":"","jetpack_publicize_message":"\ud83c\udfac Echarri vs Francella: la pel\u00edcula que romantiza la pobreza y enciende el debate por el cine y la cultura bajo Milei","jetpack_publicize_feature_enabled":true,"jetpack_social_post_already_shared":false,"jetpack_social_options":{"image_generator_settings":{"template":"highway","default_image_id":0,"font":"","enabled":false},"version":2}},"categories":[2,4],"tags":[2383,3077,3072,983,663,796,3074,3076,2000,3075,3078,475,1855,3073,1686,3079],"class_list":["post-7599","post","type-post","status-publish","format-standard","has-post-thumbnail","hentry","category-politica","category-sociedad","tag-ajuste-milei","tag-arte-nacional","tag-cine-argentino","tag-critica","tag-cultura","tag-estado","tag-guillermo-francella","tag-incaa","tag-narrativa","tag-pablo-echarri","tag-peliculas-argentinas","tag-pobreza","tag-polemica","tag-privilegio-de-ser-pobre","tag-provocacion","tag-voces-populares"],"jetpack_publicize_connections":[],"_links":{"self":[{"href":"https:\/\/www.enorsai.com\/noticias\/wp-json\/wp\/v2\/posts\/7599","targetHints":{"allow":["GET"]}}],"collection":[{"href":"https:\/\/www.enorsai.com\/noticias\/wp-json\/wp\/v2\/posts"}],"about":[{"href":"https:\/\/www.enorsai.com\/noticias\/wp-json\/wp\/v2\/types\/post"}],"author":[{"embeddable":true,"href":"https:\/\/www.enorsai.com\/noticias\/wp-json\/wp\/v2\/users\/5"}],"replies":[{"embeddable":true,"href":"https:\/\/www.enorsai.com\/noticias\/wp-json\/wp\/v2\/comments?post=7599"}],"version-history":[{"count":1,"href":"https:\/\/www.enorsai.com\/noticias\/wp-json\/wp\/v2\/posts\/7599\/revisions"}],"predecessor-version":[{"id":7601,"href":"https:\/\/www.enorsai.com\/noticias\/wp-json\/wp\/v2\/posts\/7599\/revisions\/7601"}],"wp:featuredmedia":[{"embeddable":true,"href":"https:\/\/www.enorsai.com\/noticias\/wp-json\/wp\/v2\/media\/7600"}],"wp:attachment":[{"href":"https:\/\/www.enorsai.com\/noticias\/wp-json\/wp\/v2\/media?parent=7599"}],"wp:term":[{"taxonomy":"category","embeddable":true,"href":"https:\/\/www.enorsai.com\/noticias\/wp-json\/wp\/v2\/categories?post=7599"},{"taxonomy":"post_tag","embeddable":true,"href":"https:\/\/www.enorsai.com\/noticias\/wp-json\/wp\/v2\/tags?post=7599"}],"curies":[{"name":"wp","href":"https:\/\/api.w.org\/{rel}","templated":true}]}}