{"id":755,"date":"2025-02-06T16:44:20","date_gmt":"2025-02-06T19:44:20","guid":{"rendered":"https:\/\/www.enorsai.com\/noticias\/?p=755"},"modified":"2025-02-06T16:44:20","modified_gmt":"2025-02-06T19:44:20","slug":"ficha-limpia-es-un-plan-autoritario-que-busca-controlar-la-politica-la-justicia-y-los-medios-de-comunicacion","status":"publish","type":"post","link":"https:\/\/www.enorsai.com\/noticias\/politica\/ficha-limpia-es-un-plan-autoritario-que-busca-controlar-la-politica-la-justicia-y-los-medios-de-comunicacion\/","title":{"rendered":"Ficha Limpia es un plan autoritario que busca controlar la pol\u00edtica, la Justicia y los medios de comunicaci\u00f3n"},"content":{"rendered":"\n<p><strong><em>En una sesi\u00f3n de comisi\u00f3n en el Congreso, el diputado de Uni\u00f3n por la Patria, Germ\u00e1n Mart\u00ednez, critic\u00f3 duramente el proyecto de Ficha Limpia, se\u00f1alando que busca perseguir pol\u00edticamente a dirigentes opositores y consolidar un poder autoritario. \u00bfEs este el fin de la democracia pluralista en Argentina?<br><\/em><\/strong><br>El proyecto de Ficha Limpia, presentado por el gobierno de Javier Milei, ha generado un intenso debate en el Congreso. Sin embargo, lejos de ser una herramienta para garantizar la transparencia en la funci\u00f3n p\u00fablica, como lo promociona el oficialismo, el diputado Germ\u00e1n Mart\u00ednez de Uni\u00f3n por la Patria lo ha calificado como un instrumento de persecuci\u00f3n pol\u00edtica y control autoritario. En una sesi\u00f3n de comisi\u00f3n conjunta realizada el 5 de febrero de 2025, Mart\u00ednez no solo expuso los riesgos del proyecto, sino que tambi\u00e9n denunci\u00f3 la consolidaci\u00f3n de un sistema que busca proscribir a la oposici\u00f3n y concentrar el poder en manos de un grupo reducido de actores pol\u00edticos y judiciales.<br><br>Mart\u00ednez comenz\u00f3 su intervenci\u00f3n se\u00f1alando la falta de voluntad del oficialismo para debatir seriamente el proyecto. \u00abLamento que no se quiera efectivamente debatir\u00bb, afirm\u00f3, criticando la actitud de quienes prefieren imponer leyes sin di\u00e1logo ni consenso. Este tono cr\u00edtico marc\u00f3 el ritmo de su exposici\u00f3n, en la que no solo cuestion\u00f3 el contenido del proyecto, sino tambi\u00e9n el contexto pol\u00edtico en el que se enmarca: un gobierno que, seg\u00fan el diputado, ha demostrado rasgos autoritarios y antidemocr\u00e1ticos desde su llegada al poder.<br><br>Uno de los puntos m\u00e1s destacados de su intervenci\u00f3n fue la advertencia sobre el uso de la Ficha Limpia como herramienta de persecuci\u00f3n pol\u00edtica. Mart\u00ednez record\u00f3 que el proyecto establece un l\u00edmite temporal para evaluar las causas judiciales de los candidatos, fijando como fecha tope el 31 de diciembre del a\u00f1o anterior. \u00abEs irrisorio\u00bb, afirm\u00f3, se\u00f1alando que esta cl\u00e1usula parece dise\u00f1ada espec\u00edficamente para afectar a dirigentes opositores, en particular a Cristina Fern\u00e1ndez de Kirchner, quien ha sido blanco constante de causas judiciales y medi\u00e1ticas desde hace a\u00f1os.<br><br>Pero el diputado no se limit\u00f3 a criticar el proyecto en s\u00ed. Tambi\u00e9n alert\u00f3 sobre el contexto en el que se est\u00e1 discutiendo: un gobierno que ha anunciado la salida de la Organizaci\u00f3n Mundial de la Salud (OMS) y que busca eliminar organismos clave del Estado mediante decretos delegados. \u00abHoy el presidente anuncia la salida de la OMS, y no es casualidad\u00bb, dijo Mart\u00ednez, vinculando estas decisiones con el discurso de Davos y el ajuste econ\u00f3mico que est\u00e1 afectando a millones de argentinos. Para el diputado, estas medidas forman parte de un plan m\u00e1s amplio de desmantelamiento del Estado y concentraci\u00f3n de poder.<br><br>Mart\u00ednez tambi\u00e9n se refiri\u00f3 a la situaci\u00f3n en Rosario, donde una tormenta reciente dej\u00f3 graves consecuencias y puso en evidencia el desfinanciamiento de las pol\u00edticas de prevenci\u00f3n y gesti\u00f3n de riesgos. \u00abHoy en Rosario hay una situaci\u00f3n grav\u00edsima\u00bb, afirm\u00f3, conectando esta crisis con el desmantelamiento de programas sociales y la falta de inversi\u00f3n en infraestructura. Este ejemplo, seg\u00fan el diputado, ilustra c\u00f3mo las pol\u00edticas del gobierno de Milei est\u00e1n afectando directamente la vida de los argentinos, mientras se priorizan proyectos como la Ficha Limpia, que poco tienen que ver con las necesidades urgentes de la poblaci\u00f3n.<br><br>Uno de los momentos m\u00e1s incisivos de su intervenci\u00f3n fue cuando Mart\u00ednez denunci\u00f3 la creciente autonomizaci\u00f3n de organismos como la AFIP, la UIF y la Justicia Federal, que, seg\u00fan \u00e9l, est\u00e1n siendo utilizados como herramientas de persecuci\u00f3n pol\u00edtica. \u00abEst\u00e1n gestando un complejo de relaciones orquestadas por Santiago Caputo\u00bb, afirm\u00f3, refiri\u00e9ndose al asesor presidencial que, seg\u00fan el diputado, est\u00e1 detr\u00e1s de este entramado de poder. Mart\u00ednez advirti\u00f3 que este sistema no solo afecta a su espacio pol\u00edtico, sino que tambi\u00e9n puede condicionar a toda la dirigencia pol\u00edtica del pa\u00eds. \u00abLo que quieren es que estos poderes oscuros sean los que digiten la pol\u00edtica\u00bb, sentenci\u00f3.<\/p>\n\n\n\n<div class=\"wp-block-jetpack-related-posts\">\n<h2 class=\"wp-block-heading\"><\/h2>\n<\/div>\n\n\n\n<p><br>El diputado tambi\u00e9n critic\u00f3 la mezcla de cargos electivos con funcionarios p\u00fablicos en el proyecto de Ficha Limpia, se\u00f1alando que se trata de un error conceptual que busca legitimar una iniciativa profundamente antidemocr\u00e1tica. \u00abEst\u00e1n mezclando peras con manzanas\u00bb, afirm\u00f3, y advirti\u00f3 que el verdadero objetivo del gobierno es consolidar un sistema en el que los cargos p\u00fablicos sean ocupados por personas afines a sus intereses, mientras se excluye a quienes piensan distinto.<br><br>Mart\u00ednez cerr\u00f3 su intervenci\u00f3n con una advertencia contundente: \u00abEste proyecto no solo es un error pol\u00edtico, sino que va a generar un grave perjuicio al pueblo argentino\u00bb. Para el diputado, la Ficha Limpia no es m\u00e1s que la punta del iceberg de un plan autoritario que busca controlar la pol\u00edtica, la Justicia y los medios de comunicaci\u00f3n. \u00abEstamos ante un intento de proscribir no solo a Cristina Fern\u00e1ndez de Kirchner, sino a cualquier argentino que desee participar de la pol\u00edtica\u00bb, afirm\u00f3.<br><br>En un contexto de ajuste econ\u00f3mico, desmantelamiento del Estado y concentraci\u00f3n de poder, el proyecto de Ficha Limpia se presenta como una amenaza para la democracia argentina. Las palabras de Germ\u00e1n Mart\u00ednez no solo exponen los riesgos de esta iniciativa, sino que tambi\u00e9n interpelan a la sociedad a defender un sistema pluralista y participativo. \u00bfEstamos dispuestos a permitir que la pol\u00edtica se convierta en un campo de batalla donde solo unos pocos tienen derecho a jugar? La respuesta a esta pregunta definir\u00e1 el futuro de la democracia en Argentina.<\/p>\n\n\n\n<p><br><\/p>\n\n\n","protected":false},"excerpt":{"rendered":"<p>El diputado Germ\u00e1n Mart\u00ednez denuncia que el proyecto de Ficha Limpia es un intento del gobierno de Milei para perseguir a la oposici\u00f3n y consolidar un sistema autoritario. Con cr\u00edticas al desfinanciamiento estatal y la autonomizaci\u00f3n de organismos, advierte sobre el riesgo de proscripci\u00f3n pol\u00edtica.<\/p>\n","protected":false},"author":1,"featured_media":770,"comment_status":"open","ping_status":"open","sticky":false,"template":"","format":"standard","meta":{"_monsterinsights_skip_tracking":false,"_monsterinsights_sitenote_active":false,"_monsterinsights_sitenote_note":"","_monsterinsights_sitenote_category":0,"footnotes":"","jetpack_publicize_message":"","jetpack_publicize_feature_enabled":true,"jetpack_social_post_already_shared":true,"jetpack_social_options":{"image_generator_settings":{"template":"highway","default_image_id":0,"font":"","enabled":false},"version":2}},"categories":[2],"tags":[209,265,266,45,267],"class_list":["post-755","post","type-post","status-publish","format-standard","has-post-thumbnail","hentry","category-politica","tag-democracia","tag-fichalimpia","tag-martinez","tag-milei","tag-persecucion"],"jetpack_publicize_connections":[],"_links":{"self":[{"href":"https:\/\/www.enorsai.com\/noticias\/wp-json\/wp\/v2\/posts\/755","targetHints":{"allow":["GET"]}}],"collection":[{"href":"https:\/\/www.enorsai.com\/noticias\/wp-json\/wp\/v2\/posts"}],"about":[{"href":"https:\/\/www.enorsai.com\/noticias\/wp-json\/wp\/v2\/types\/post"}],"author":[{"embeddable":true,"href":"https:\/\/www.enorsai.com\/noticias\/wp-json\/wp\/v2\/users\/1"}],"replies":[{"embeddable":true,"href":"https:\/\/www.enorsai.com\/noticias\/wp-json\/wp\/v2\/comments?post=755"}],"version-history":[{"count":2,"href":"https:\/\/www.enorsai.com\/noticias\/wp-json\/wp\/v2\/posts\/755\/revisions"}],"predecessor-version":[{"id":771,"href":"https:\/\/www.enorsai.com\/noticias\/wp-json\/wp\/v2\/posts\/755\/revisions\/771"}],"wp:featuredmedia":[{"embeddable":true,"href":"https:\/\/www.enorsai.com\/noticias\/wp-json\/wp\/v2\/media\/770"}],"wp:attachment":[{"href":"https:\/\/www.enorsai.com\/noticias\/wp-json\/wp\/v2\/media?parent=755"}],"wp:term":[{"taxonomy":"category","embeddable":true,"href":"https:\/\/www.enorsai.com\/noticias\/wp-json\/wp\/v2\/categories?post=755"},{"taxonomy":"post_tag","embeddable":true,"href":"https:\/\/www.enorsai.com\/noticias\/wp-json\/wp\/v2\/tags?post=755"}],"curies":[{"name":"wp","href":"https:\/\/api.w.org\/{rel}","templated":true}]}}