{"id":7549,"date":"2025-08-15T14:39:11","date_gmt":"2025-08-15T17:39:11","guid":{"rendered":"https:\/\/www.enorsai.com\/noticias\/?p=7549"},"modified":"2025-08-15T14:39:11","modified_gmt":"2025-08-15T17:39:11","slug":"desesperacion-y-parches-financieros-bercovich-revela-la-bomba-de-tasas-dolar-y-deuda-que-puede-estallar-en-cualquier-momento","status":"publish","type":"post","link":"https:\/\/www.enorsai.com\/noticias\/politica\/desesperacion-y-parches-financieros-bercovich-revela-la-bomba-de-tasas-dolar-y-deuda-que-puede-estallar-en-cualquier-momento\/","title":{"rendered":"\u201cDesesperaci\u00f3n y parches financieros: Bercovich revela la bomba de tasas, d\u00f3lar y deuda que puede estallar en cualquier momento\u201d"},"content":{"rendered":"\n<p>15 de agosto de 2025 | Por Redacci\u00f3n Enorsai<\/p>\n\n\n\n<figure class=\"wp-block-image\"><img decoding=\"async\" src=\"https:\/\/tuservidor.com\/imagenes\/bercovich-tenembaum-tasas-dolar-crisis-2025.jpg\" alt=\"Alejandro Bercovich advierte sobre las tasas y el d\u00f3lar en la econom\u00eda argentina\"\/><figcaption class=\"wp-element-caption\">Bercovich: \u201cLa monta\u00f1a de intereses por deuda en pesos ya supera el gasto en jubilaciones: solo parches desesperados sostienen el modelo financiero\u201d.<\/figcaption><\/figure>\n\n\n\n<h2 class=\"wp-block-heading\">La l\u00f3gica desesperada de Caputo y Milei: tasas al 70% para frenar el d\u00f3lar\u2026 \u00bfhasta cu\u00e1ndo?<\/h2>\n\n\n\n<p>En una charla con <strong>Ernesto Tenembaum<\/strong> (<a href=\"https:\/\/youtu.be\/DasV5yxZ508\" target=\"_blank\" rel=\"noreferrer noopener\">ver video completo<\/a>), el economista y periodista <strong>Alejandro Bercovich<\/strong> desmenuza los riesgos del ciclo actual: \u201cLas medidas del gobierno son parches sobre parches, movidas desesperadas y muy dram\u00e1ticas: la tasa est\u00e1 al 70% \u2014nunca vista\u2014 para evitar la corrida al d\u00f3lar y contener una inflaci\u00f3n que ya repunta semana a semana\u201d.<\/p>\n\n\n\n<p>La explicaci\u00f3n de Bercovich es contundente: \u201cEl gobierno no tiene reservas para defender el d\u00f3lar si sube m\u00e1s all\u00e1 de la banda establecida, los d\u00f3lares que usa son prestados y calzan solo con pagos futuros de deuda. Cada vez gasta m\u00e1s en intereses por renovar la bicicleta financiera que en jubilaciones y pensiones, y a\u00fan as\u00ed, en la \u00faltima licitaci\u00f3n, logr\u00f3 renovar apenas el 60% de la deuda en pesos.\u201d<\/p>\n\n\n\n<figure class=\"wp-block-embed is-type-wp-embed is-provider-incrustado wp-block-embed-incrustado\"><div class=\"wp-block-embed__wrapper\">\n<blockquote class=\"wp-embedded-content\" data-secret=\"uKBVqecwZV\"><a href=\"https:\/\/www.enorsai.com\/noticias\/politica\/alerta-melconian-la-pelea-entre-el-dolar-y-la-tasa-es-insostenible-y-el-gobierno-va-directo-a-un-shock-de-recesion-tasas-explosivas-y-default-de-credito\/\">ALERTA MELCONIAN: \u201cLa pelea entre el d\u00f3lar y la tasa es insostenible y el gobierno va directo a un shock de recesi\u00f3n, tasas explosivas y default de cr\u00e9dito\u201d<\/a><\/blockquote><iframe loading=\"lazy\" class=\"wp-embedded-content\" sandbox=\"allow-scripts\" security=\"restricted\" style=\"position: absolute; visibility: hidden;\" title=\"\u00abALERTA MELCONIAN: \u201cLa pelea entre el d\u00f3lar y la tasa es insostenible y el gobierno va directo a un shock de recesi\u00f3n, tasas explosivas y default de cr\u00e9dito\u201d\u00bb \u2014 \" src=\"https:\/\/www.enorsai.com\/noticias\/politica\/alerta-melconian-la-pelea-entre-el-dolar-y-la-tasa-es-insostenible-y-el-gobierno-va-directo-a-un-shock-de-recesion-tasas-explosivas-y-default-de-credito\/embed\/#?secret=T5DB8znpwQ#?secret=uKBVqecwZV\" data-secret=\"uKBVqecwZV\" width=\"600\" height=\"338\" frameborder=\"0\" marginwidth=\"0\" marginheight=\"0\" scrolling=\"no\"><\/iframe>\n<\/div><\/figure>\n\n\n\n<h2 class=\"wp-block-heading\">Corralito 2.0, encajes y la bomba de los bonos: \u00bfcu\u00e1nto tiempo puede durar?<\/h2>\n\n\n\n<p>\u201cLa sopa de letras con Lecap, letras del Tesoro y pases pasivos solo refleja el ciclo de endeudamiento de Caputo y la incapacidad de renegociar,\u201d advierte Bercovich. El gobierno crea nuevas \u201ctrampas monetarias\u201d para inmovilizar los pesos y evitar que vayan al d\u00f3lar, pero cada vez m\u00e1s bancos prefieren no prestarle al Estado y los fondos fugan. Como resultado, \u201cse est\u00e1 gastando m\u00e1s en intereses capitalizables de las letras que en jubilaciones y pensiones; es insostenible.\u201d<\/p>\n\n\n\n<p>Caputo, acosado por la inflaci\u00f3n y la falta de d\u00f3lares, pone tasas imposibles para \u201csecar\u201d el mercado y que la masa de pesos no presione m\u00e1s sobre la divisa. Pero esto encarece dram\u00e1ticamente el cr\u00e9dito, paraliza el consumo, afecta a las empresas que necesitan capital de trabajo y puede quebrar la cadena de pagos. <\/p>\n\n\n\n<p><\/p>\n\n\n\n<h2 class=\"wp-block-heading\">Inflaci\u00f3n con dos semanas calientes: alimentos y servicios vuelan<\/h2>\n\n\n\n<p>Bercovich muestra datos de \u201cscraping de supermercados\u201d: en agosto ya hay dos semanas seguidas donde los alimentos subieron 2% y 1,1%. Los servicios regulados por el Estado aumentaron a\u00fan m\u00e1s, arrastrando hacia arriba el IPC, con proyecciones de inflaci\u00f3n mensual que pueden acercarse al 10% si la tensi\u00f3n no cede.<\/p>\n\n\n\n<p>\u201cNunca hubo dos semanas consecutivas tan inflacionarias en lo que va del a\u00f1o. El gobierno interviene sobre el d\u00f3lar futuro, apuesta masivamente a que pueda contener el tipo de cambio hasta las elecciones y pierde miles de millones en el intento: es una bomba a punto de explotar\u201d, advierte.<\/p>\n\n\n\n<h2 class=\"wp-block-heading\">\u00bfY la vida real? La tasa destruye a empresas, financiamiento y empleo<\/h2>\n\n\n\n<p>Seg\u00fan Bercovich, el impacto de tasas alt\u00edsimas es letal: \u201cComercios y empresas ya suspenden actividades, echan trabajadores o directamente quiebran porque no pueden financiar el giro comercial al 70%. El cr\u00e9dito desaparece, los m\u00e1rgenes se achican y el consumo toma la l\u00f3gica de la supervivencia\u201d. Por cada f\u00e1brica que necesita endeudarse para pagar sueldos o comprar insumos, el costo es inviable; subir precios es la \u00fanica opci\u00f3n, pero los salarios no acompa\u00f1an y el mercado se achica a un ritmo angustiante.<\/p>\n\n\n\n<h2 class=\"wp-block-heading\">Pobreza estructural y asistencialismo r\u00e9cord: el \u201cplan no plan\u201d para los m\u00e1s vulnerables<\/h2>\n\n\n\n<p>Bercovich remarca un dato demoledor: hoy casi el 30% del ingreso de los hogares indigentes depende de planes, subsidios y transferencias estatales, r\u00e9cord absoluto fuera de lo que fue la pandemia. \u201cEl Estado contiene la crisis con asistencia, porque el sector privado no genera oportunidades ni absorbe empleo. Lejos queda la promesa de \u2018dar la ca\u00f1a\u2019 para pescar; lo que hay son planes para sobrevivir a la tormenta de ajustes e inflaci\u00f3n.\u201d<\/p>\n\n\n\n<h2 class=\"wp-block-heading\">El modelo se sostiene en el aire: \u00bfqu\u00e9 puede detonar la bomba?<\/h2>\n\n\n\n<p>Gobierno y mercado financiero juegan con fuego. Si los pesos liberados no se inmovilizan en bonos o encajes, pueden ir directo al d\u00f3lar y disparar el tipo de cambio, la inflaci\u00f3n y la recesi\u00f3n. \u00abApostar a que todo sigue igual hasta las elecciones es ingenuo: la bomba puede estallar mucho antes, porque las se\u00f1ales de tensi\u00f3n son cada vez m\u00e1s evidentes y el presente es de incertidumbre absoluta\u00bb, sentencia Bercovich.<\/p>\n\n\n\n<p>El ciclo de parches y desesperaci\u00f3n esquiva las preguntas de fondo: \u00bfqu\u00e9 pasa despu\u00e9s de septiembre? \u00bfPuede sostenerse una econom\u00eda con tasas y deuda infinitas, sin reservas ni proyecto productivo? Para Bercovich, \u201cla angustia que hoy recorre el pa\u00eds es real y la historia muestra que los ciclos se repiten: cuando la confianza se pierde, puede detonarse todo en cuesti\u00f3n de d\u00edas\u201d.<\/p>\n\n\n\n<h3 class=\"wp-block-heading\">Fuentes econ\u00f3micas y period\u00edsticas para profundizar:<\/h3>\n\n\n\n<ul class=\"wp-block-list\">\n<li><a href=\"https:\/\/youtu.be\/DasV5yxZ508\" target=\"_blank\" rel=\"noreferrer noopener\">Video completo \u2013 Tenembaum con Bercovich<\/a><\/li>\n\n\n\n<li><a href=\"https:\/\/www.infobae.com\/economia\/2025\/08\/12\/el-banco-central-recibe-presion-con-la-tasa-y-el-dolar\/\" target=\"_blank\" rel=\"noreferrer noopener\">Infobae \u2013 Presi\u00f3n sobre tasas y el d\u00f3lar<\/a><\/li>\n\n\n\n<li><a href=\"https:\/\/www.pagina12.com.ar\/849231-consumo-en-caida-modelo-milei\" target=\"_blank\" rel=\"noreferrer noopener\">P\u00e1gina\/12 \u2013 Consumo frenado y empresas golpeadas<\/a><\/li>\n\n\n\n<li><a href=\"https:\/\/www.lanacion.com.ar\/economia\/crisis-tasas-dolar-pobreza-modelo-milei-nid14082025\/\" target=\"_blank\" rel=\"noreferrer noopener\">La Naci\u00f3n \u2013 Crisis de tasas y modelaje desesperado<\/a><\/li>\n<\/ul>\n\n\n\n<p>Fuente: Radio Con Vos 89.9 \u2013 Tenembaum y Alejandro Bercovich | An\u00e1lisis y redacci\u00f3n original Enorsai, con verificaci\u00f3n en medios y consultoras l\u00edderes.<\/p>\n","protected":false},"excerpt":{"rendered":"<p>15 de agosto de 2025 | Por Redacci\u00f3n Enorsai La l\u00f3gica desesperada de Caputo y Milei: tasas al 70% para frenar el d\u00f3lar\u2026 \u00bfhasta cu\u00e1ndo? En una charla con Ernesto Tenembaum (ver video completo), el economista y periodista Alejandro Bercovich desmenuza los riesgos del ciclo actual: \u201cLas medidas del gobierno son parches sobre parches, movidas&#8230;<\/p>\n","protected":false},"author":5,"featured_media":7550,"comment_status":"open","ping_status":"open","sticky":false,"template":"","format":"standard","meta":{"_monsterinsights_skip_tracking":false,"_monsterinsights_sitenote_active":false,"_monsterinsights_sitenote_note":"","_monsterinsights_sitenote_category":0,"footnotes":"","jetpack_publicize_message":"\u26a0\ufe0f Bercovich revela la bomba financiera: tasas imposibles y d\u00f3lar contenido, la econom\u00eda argentina al borde del colapso","jetpack_publicize_feature_enabled":true,"jetpack_social_post_already_shared":false,"jetpack_social_options":{"image_generator_settings":{"template":"highway","default_image_id":0,"font":"","enabled":false},"version":2}},"categories":[3,2],"tags":[3029,3033,184,38,44,26,282,225,1411,223,3032,227,2985,3031,475,101,2387,3030],"class_list":["post-7549","post","type-post","status-publish","format-standard","has-post-thumbnail","hentry","category-economia","category-politica","tag-alejandro-bercovich","tag-bomba-economica","tag-caputo","tag-crisis-financiera","tag-default","tag-deuda","tag-dolar","tag-economia-argentina","tag-elecciones-2025","tag-empresas","tag-encajes","tag-inflacion","tag-modelo-milei","tag-planes-sociales","tag-pobreza","tag-recesion","tag-tasas-de-interes","tag-tenembaum"],"jetpack_publicize_connections":[],"_links":{"self":[{"href":"https:\/\/www.enorsai.com\/noticias\/wp-json\/wp\/v2\/posts\/7549","targetHints":{"allow":["GET"]}}],"collection":[{"href":"https:\/\/www.enorsai.com\/noticias\/wp-json\/wp\/v2\/posts"}],"about":[{"href":"https:\/\/www.enorsai.com\/noticias\/wp-json\/wp\/v2\/types\/post"}],"author":[{"embeddable":true,"href":"https:\/\/www.enorsai.com\/noticias\/wp-json\/wp\/v2\/users\/5"}],"replies":[{"embeddable":true,"href":"https:\/\/www.enorsai.com\/noticias\/wp-json\/wp\/v2\/comments?post=7549"}],"version-history":[{"count":1,"href":"https:\/\/www.enorsai.com\/noticias\/wp-json\/wp\/v2\/posts\/7549\/revisions"}],"predecessor-version":[{"id":7551,"href":"https:\/\/www.enorsai.com\/noticias\/wp-json\/wp\/v2\/posts\/7549\/revisions\/7551"}],"wp:featuredmedia":[{"embeddable":true,"href":"https:\/\/www.enorsai.com\/noticias\/wp-json\/wp\/v2\/media\/7550"}],"wp:attachment":[{"href":"https:\/\/www.enorsai.com\/noticias\/wp-json\/wp\/v2\/media?parent=7549"}],"wp:term":[{"taxonomy":"category","embeddable":true,"href":"https:\/\/www.enorsai.com\/noticias\/wp-json\/wp\/v2\/categories?post=7549"},{"taxonomy":"post_tag","embeddable":true,"href":"https:\/\/www.enorsai.com\/noticias\/wp-json\/wp\/v2\/tags?post=7549"}],"curies":[{"name":"wp","href":"https:\/\/api.w.org\/{rel}","templated":true}]}}