{"id":7545,"date":"2025-08-15T13:50:23","date_gmt":"2025-08-15T16:50:23","guid":{"rendered":"https:\/\/www.enorsai.com\/noticias\/?p=7545"},"modified":"2025-08-15T13:50:23","modified_gmt":"2025-08-15T16:50:23","slug":"alerta-melconian-la-pelea-entre-el-dolar-y-la-tasa-es-insostenible-y-el-gobierno-va-directo-a-un-shock-de-recesion-tasas-explosivas-y-default-de-credito","status":"publish","type":"post","link":"https:\/\/www.enorsai.com\/noticias\/politica\/alerta-melconian-la-pelea-entre-el-dolar-y-la-tasa-es-insostenible-y-el-gobierno-va-directo-a-un-shock-de-recesion-tasas-explosivas-y-default-de-credito\/","title":{"rendered":"ALERTA MELCONIAN: \u201cLa pelea entre el d\u00f3lar y la tasa es insostenible y el gobierno va directo a un shock de recesi\u00f3n, tasas explosivas y default de cr\u00e9dito\u201d"},"content":{"rendered":"\n<p>15 de agosto de 2025 | Por Redacci\u00f3n Enorsai<\/p>\n\n\n\n<figure class=\"wp-block-image\"><img decoding=\"async\" src=\"https:\/\/tuservidor.com\/imagenes\/melconian-dolar-tasa-warn-2025.jpg\" alt=\"Carlos Melconian advierte sobre el choque entre tasas de inter\u00e9s y d\u00f3lar en la econom\u00eda de Milei\"\/><figcaption class=\"wp-element-caption\">Melconian: \u201cLa tasa est\u00e1 en niveles explosivos y as\u00ed frenan el d\u00f3lar, pero destruyen el cr\u00e9dito y la econom\u00eda real\u201d.<\/figcaption><\/figure>\n\n\n\n<h2 class=\"wp-block-heading\">Una guerra autodestructiva: tasas imposibles, d\u00f3lar artificial y econom\u00eda anestesiada<\/h2>\n\n\n\n<p>En una de sus intervenciones m\u00e1s filosas (<a href=\"https:\/\/youtu.be\/dW7e7qD8aPg\" target=\"_blank\" rel=\"noreferrer noopener\">ver entrevista completa<\/a>), el economista <strong>Carlos Melconian<\/strong> desarma el operativo financiero del gobierno libertario: \u201cLa lucha entre la tasa explosiva y el d\u00f3lar pisado puede contener la inflaci\u00f3n algunas semanas m\u00e1s, pero est\u00e1n dejando a toda la econom\u00eda anestesiada. Nadie invierte, las pymes sobreviven de milagro y el consumo cae como nunca\u201d.<\/p>\n\n\n\n<p>Melconian advierte que la estrategia de sostener un d\u00f3lar bajo a costa de tasas al 80% es una fantas\u00eda insostenible: <strong>\u201cLo \u00fanico que logran es encarecer el cr\u00e9dito, empujar a la econom\u00eda a un shock de recesi\u00f3n y asfixiar cualquier atisbo de recuperaci\u00f3n\u201d<\/strong>. Incluso, ironiza: \u201cNo es batalla bancos-gobierno, es historia repetida: tasa o d\u00f3lar, y Milei eligi\u00f3 la anestesia total antes de las elecciones, con un costo macro que puede ser devastador despu\u00e9s\u201d.<\/p>\n\n\n\n<h2 class=\"wp-block-heading\">El tecnol\u00f3gico error: c\u00f3mo licu\u00f3 el ahorro privado y ahora dispara la tasa<\/h2>\n\n\n\n<p>Melconian explica que el gobierno primero eligi\u00f3 licuar a los ahorristas con tasas negativas, permitiendo una \u2018licuaci\u00f3n\u2019 de los dep\u00f3sitos. Luego, tras problemas para renovar la deuda emitida, recurrieron a una suba brutal de tasas para evitar el salto del d\u00f3lar: \u201cLa tasa explot\u00f3 porque no pudieron rolear toda la deuda; nadie renueva su plata en pesos m\u00e1s all\u00e1 de octubre esperando qu\u00e9 pase tras las elecciones.\u201d<\/p>\n\n\n\n<p>\u201cEl resultado,\u201d detalla Melconian, \u201ces que la actividad entra en coma: el cr\u00e9dito bancario es inviable, el costo financiero para producir o vender electrodom\u00e9sticos o alimentos es imposible, y el modelo s\u00f3lo resiste dopado hasta las elecciones.\u201d<\/p>\n\n\n\n<h2 class=\"wp-block-heading\">Morosidad, consumo hundido y el gran fraude de la paz financiera<\/h2>\n\n\n\n<p>\u201cCon tasas del 80% y un d\u00f3lar sin flotaci\u00f3n real, lo \u00fanico \u2018tranquilo\u2019 es la plaza financiera, pero toda la econom\u00eda real est\u00e1 en velorio\u201d, subraya Melconian. \u201cEl rebote estad\u00edstico del PBI ser\u00e1 una ilusi\u00f3n. El cr\u00e9dito privado se congel\u00f3, las exportaciones no despegan y el consumo masivo s\u00f3lo sobrevive por cuotas, pero ya ni eso: la tasa duplicada termin\u00f3 con las ventas en cuotas y el poder de compra est\u00e1 destruido.\u201d<\/p>\n\n\n\n<p>Seg\u00fan el ex presidente del Banco Naci\u00f3n, despu\u00e9s de las elecciones, la presi\u00f3n insostenible entre tasas y d\u00f3lar puede volar por los aires: \u201cCuando le saquen el \u2018tramadol\u2019 al d\u00f3lar y a la tasa, se viene el shock: subir\u00e1 el d\u00f3lar y el cr\u00e9dito no existir\u00e1. La recesi\u00f3n puede profundizarse hasta niveles desconocidos.\u201d<\/p>\n\n\n\n<h2 class=\"wp-block-heading\">No hay milagros: la advertencia cruda de Melconian<\/h2>\n\n\n\n<p>Melconian rompe con el discurso optimista de la mesa libertaria: \u201cNo se puede tener todo al mismo tiempo. Quieren inflaci\u00f3n baja, d\u00f3lar bajo, actividad frenada y tasas demenciales. El que est\u00e1 al volante tiene que dejar el dogmatismo y tener un timing milim\u00e9trico en la pr\u00f3xima movida, o el pa\u00eds se va a una crisis in\u00e9dita de actividad, d\u00f3lar y cr\u00e9dito.\u201d<\/p>\n\n\n\n<p>Con un poder de s\u00edntesis brutal, remata: \u201cQue no crean que ajustando todo por precio van a evitar el colapso, porque la econom\u00eda Argentina no fluye de esa manera. Despu\u00e9s de octubre, los efectos de esta guerra financiera pueden pegar muy duro en la calle y el empleo.\u201d<\/p>\n\n\n\n<h3 class=\"wp-block-heading\">Fuentes econ\u00f3micas y period\u00edsticas para profundizar:<\/h3>\n\n\n\n<ul class=\"wp-block-list\">\n<li><a href=\"https:\/\/youtu.be\/dW7e7qD8aPg\" target=\"_blank\" rel=\"noreferrer noopener\">Video completo \u2013 Carlos Melconian<\/a><\/li>\n\n\n\n<li><a href=\"https:\/\/www.ambito.com\/finanzas\/argentina-vencimientos-deuda-2026-n5895431\" target=\"_blank\" rel=\"noreferrer noopener\">\u00c1mbito \u2013 Deuda, tasas y default crediticio<\/a><\/li>\n\n\n\n<li><a href=\"https:\/\/www.infobae.com\/economia\/2025\/08\/06\/consumo-crediticio-en-caida-tasas-y-dolar\/\" target=\"_blank\" rel=\"noreferrer noopener\">Infobae \u2013 Cr\u00e9ditos, tasas altas y crash de consumo<\/a><\/li>\n\n\n\n<li><a href=\"https:\/\/www.pagina12.com.ar\/849231-consumo-en-caida-modelo-milei\" target=\"_blank\" rel=\"noreferrer noopener\">P\u00e1gina\/12 \u2013 Consumo destruido y pymes en alerta<\/a><\/li>\n<\/ul>\n\n\n\n<p>Fuente: Canal Contexto Econ\u00f3mico \u2013 YouTube | Entrevista a Carlos Melconian | Redacci\u00f3n y s\u00edntesis original Enorsai, verificada con datos de medios y organismos l\u00edderes.<\/p>\n","protected":false},"excerpt":{"rendered":"<p>Carlos Melconian sentencia que el modelo financiero de Milei es insostenible: tasas explosivas y d\u00f3lar pisado s\u00f3lo anestesian el desastre, mientras la recesi\u00f3n y el default de cr\u00e9dito est\u00e1n cada vez m\u00e1s cerca. El ajuste extremo puede implosionar tras las elecciones, dejando una econom\u00eda real destrozada.<\/p>\n","protected":false},"author":5,"featured_media":7547,"comment_status":"open","ping_status":"open","sticky":false,"template":"","format":"standard","meta":{"_monsterinsights_skip_tracking":false,"_monsterinsights_sitenote_active":false,"_monsterinsights_sitenote_note":"","_monsterinsights_sitenote_category":0,"footnotes":"","jetpack_publicize_message":"\ud83d\udea8 Melconian: \u201cLa pelea tasa-d\u00f3lar anestesia la econom\u00eda y el shock post elecciones puede ser letal\u201d","jetpack_publicize_feature_enabled":true,"jetpack_social_post_already_shared":false,"jetpack_social_options":{"image_generator_settings":{"template":"highway","default_image_id":0,"font":"","enabled":false},"version":2}},"categories":[3,2],"tags":[3028,184,2473,1635,2786,2384,44,282,2991,1411,3026,227,45,2185,301,101,3027,2387],"class_list":["post-7545","post","type-post","status-publish","format-standard","has-post-thumbnail","hentry","category-economia","category-politica","tag-advertencia-melconian","tag-caputo","tag-carlos-melconian","tag-consumo","tag-credito","tag-crisis-argentina","tag-default","tag-dolar","tag-economia-milei","tag-elecciones-2025","tag-guerra-financiera","tag-inflacion","tag-milei","tag-politica-economica","tag-pymes","tag-recesion","tag-shock-macroeconomico","tag-tasas-de-interes"],"jetpack_publicize_connections":[],"_links":{"self":[{"href":"https:\/\/www.enorsai.com\/noticias\/wp-json\/wp\/v2\/posts\/7545","targetHints":{"allow":["GET"]}}],"collection":[{"href":"https:\/\/www.enorsai.com\/noticias\/wp-json\/wp\/v2\/posts"}],"about":[{"href":"https:\/\/www.enorsai.com\/noticias\/wp-json\/wp\/v2\/types\/post"}],"author":[{"embeddable":true,"href":"https:\/\/www.enorsai.com\/noticias\/wp-json\/wp\/v2\/users\/5"}],"replies":[{"embeddable":true,"href":"https:\/\/www.enorsai.com\/noticias\/wp-json\/wp\/v2\/comments?post=7545"}],"version-history":[{"count":1,"href":"https:\/\/www.enorsai.com\/noticias\/wp-json\/wp\/v2\/posts\/7545\/revisions"}],"predecessor-version":[{"id":7548,"href":"https:\/\/www.enorsai.com\/noticias\/wp-json\/wp\/v2\/posts\/7545\/revisions\/7548"}],"wp:featuredmedia":[{"embeddable":true,"href":"https:\/\/www.enorsai.com\/noticias\/wp-json\/wp\/v2\/media\/7547"}],"wp:attachment":[{"href":"https:\/\/www.enorsai.com\/noticias\/wp-json\/wp\/v2\/media?parent=7545"}],"wp:term":[{"taxonomy":"category","embeddable":true,"href":"https:\/\/www.enorsai.com\/noticias\/wp-json\/wp\/v2\/categories?post=7545"},{"taxonomy":"post_tag","embeddable":true,"href":"https:\/\/www.enorsai.com\/noticias\/wp-json\/wp\/v2\/tags?post=7545"}],"curies":[{"name":"wp","href":"https:\/\/api.w.org\/{rel}","templated":true}]}}