{"id":7526,"date":"2025-08-14T12:20:17","date_gmt":"2025-08-14T15:20:17","guid":{"rendered":"https:\/\/www.enorsai.com\/noticias\/?p=7526"},"modified":"2025-08-14T12:20:17","modified_gmt":"2025-08-14T15:20:17","slug":"nutricionistas-bonaerenses-denuncian-a-santiago-maratea-por-intrusismo-publicidad-ilegal-y-promocion-de-productos-peligrosos","status":"publish","type":"post","link":"https:\/\/www.enorsai.com\/noticias\/sociedad\/nutricionistas-bonaerenses-denuncian-a-santiago-maratea-por-intrusismo-publicidad-ilegal-y-promocion-de-productos-peligrosos\/","title":{"rendered":"Nutricionistas bonaerenses denuncian a Santiago Maratea por intrusismo, publicidad ilegal y promoci\u00f3n de productos peligrosos"},"content":{"rendered":"\n<p>14 de agosto de 2025 | Por Redacci\u00f3n Enorsai<\/p>\n\n\n\n<figure class=\"wp-block-image\"><img decoding=\"async\" src=\"https:\/\/tuservidor.com\/imagenes\/maratea-nutricionistas-denuncia-publicidad-oculta-2025.jpg\" alt=\"Santiago Maratea denunciado por nutricionistas bonaerenses por recomendaci\u00f3n de productos dietarios\"\/><figcaption class=\"wp-element-caption\">El Colegio de Nutricionistas bonaerense denuncia al influencer Santiago Maratea: \u201cNo se puede sugerir productos para bajar de peso sin matr\u00edcula profesional, es un riesgo para la salud p\u00fablica\u201d.<\/figcaption><\/figure>\n\n\n\n<h2 class=\"wp-block-heading\">El caso: carta documento y advertencia formal al influencer m\u00e1s pol\u00e9mico del pa\u00eds<\/h2>\n\n\n\n<p><strong>El Colegio de Nutricionistas de la Provincia de Buenos Aires denunci\u00f3 y notific\u00f3 legalmente a Santiago Maratea<\/strong> tras una serie de promociones y recomendaciones del influencer sobre productos para bajar de peso. Las y los profesionales acusan a Maratea de <strong>\u201cintrusismo profesional, accionar agraviante, irresponsable e ilegal\u201d<\/strong> por sugerir en sus redes la compra y consumo de t\u00e9s diet\u00e9ticos con supuestos efectos sobre la glucosa y las grasas, violando la <strong>Ley de Trastornos de la Conducta Alimentaria<\/strong> (<a href=\"https:\/\/www.lanacion.com.ar\/sociedad\/maratea-denuncia-nutricionistas-ley-anmat-nid13082025\/\" target=\"_blank\" rel=\"noreferrer noopener\">La Naci\u00f3n<\/a>).<\/p>\n\n\n\n<p>\u201cTomamos esta decisi\u00f3n porque, como establece el art\u00edculo 12, <strong>no se puede sugerir el consumo de productos dietarios si no sos profesional habilitado<\/strong>\u201d, sostuvo Laura Salzman, presidenta del Colegio. Y remarc\u00f3: \u201cLas experiencias personales no reemplazan la formaci\u00f3n y la \u00e9tica; la promoci\u00f3n irresponsable puede poner en riesgo a personas vulnerables.\u201d<\/p>\n\n\n\n<h2 class=\"wp-block-heading\">Publicidad encubierta, desinformaci\u00f3n y posibles riesgos para la salud p\u00fablica<\/h2>\n\n\n\n<p>En uno de los reels cuestionados, Maratea sostiene: \u201c<em>De este t\u00e9 es la primera vez que te hablo y s\u00ed, ayuda a bajar de peso. Ayuda a tu cuerpo a usar los carbohidratos mejor y evita picos de glucosa que te dan hambre a la media hora<\/em>.\u201d Luego, arremete directamente: \u201c<em>Si lo quieren probar, h\u00e1ganlo con informaci\u00f3n y no como ciertos nutricionistas arrogantes que, a pesar de tener un t\u00edtulo, desinforman<\/em>\u201d (<a href=\"https:\/\/www.perfil.com\/noticias\/sociedad\/polemica-maratea-recomienda-productos-dietarios-denuncia-pba.phtml\" target=\"_blank\" rel=\"noreferrer noopener\">Perfil<\/a>). <\/p>\n\n\n\n<p><a href=\"https:\/\/www.enorsai.com.ar\/politica\/39158-patricia-bullrich-defendio-a-su-pollo-maratea-criticando-el-fallo-de-la-igj-y-nissen-la-cruzo-duramente.html\"><strong>Patricia Bullrich defendi\u00f3 a su pollo Maratea<\/strong> criticando el fallo de la IGJ y Nissen la cruz\u00f3 duramente<\/a><\/p>\n\n\n\n<p>Para el Colegio, esto <strong>denigra la profesi\u00f3n y viola su marco legal<\/strong>. \u201cParece inocente recomendar un t\u00e9, una vitamina, pero puede ser muy peligroso si no se tiene en cuenta la situaci\u00f3n particular y la salud de cada persona. Ah\u00ed radica nuestro deber como matriculados\u201d, sostuvo Salzman. <\/p>\n\n\n\n<figure class=\"wp-block-embed is-type-wp-embed is-provider-incrustado wp-block-embed-incrustado\"><div class=\"wp-block-embed__wrapper\">\n<blockquote class=\"wp-embedded-content\" data-secret=\"BObaz7PFvJ\"><a href=\"https:\/\/www.enorsai.com\/noticias\/politica\/insolito-milei-defiende-su-posteo-contra-ian-moche-alegando-que-en-sus-redes-no-es-el-presidente\/\">\u00a1Ins\u00f3lito! Milei defiende su posteo contra Ian Moche alegando que en sus redes \u201cno es el Presidente\u201d<\/a><\/blockquote><iframe loading=\"lazy\" class=\"wp-embedded-content\" sandbox=\"allow-scripts\" security=\"restricted\" style=\"position: absolute; visibility: hidden;\" title=\"\u00ab\u00a1Ins\u00f3lito! Milei defiende su posteo contra Ian Moche alegando que en sus redes \u201cno es el Presidente\u201d\u00bb \u2014 \" src=\"https:\/\/www.enorsai.com\/noticias\/politica\/insolito-milei-defiende-su-posteo-contra-ian-moche-alegando-que-en-sus-redes-no-es-el-presidente\/embed\/#?secret=xVLvUN1KzJ#?secret=BObaz7PFvJ\" data-secret=\"BObaz7PFvJ\" width=\"600\" height=\"338\" frameborder=\"0\" marginwidth=\"0\" marginheight=\"0\" scrolling=\"no\"><\/iframe>\n<\/div><\/figure>\n\n\n\n<p>La carta documento exige retractaci\u00f3n y cese de la \u201c<strong>publicidad encubierta<\/strong>\u201d, reclamando que detr\u00e1s de los influencers hay <strong>empresas farmac\u00e9uticas y alimenticias<\/strong> que los eligen por su llegada viral y su capacidad para saltarse todos los controles sanitarios. \u201c<em>Tenemos la responsabilidad social y \u00e9tica de denunciar estas conductas<\/em>\u201d, remataron.<\/p>\n\n\n\n<h2 class=\"wp-block-heading\">Antecedentes: denuncias previas y ties con la dirigencia ultraliberal<\/h2>\n\n\n\n<p>El nombre de <strong>Santiago Maratea<\/strong> no es nuevo en la pol\u00e9mica medi\u00e1tica. Ya ha sido se\u00f1alado por <strong>manejar colectas sin control transparente<\/strong> y est\u00e1 vinculado p\u00fablicamente a figuras del liberalismo, el PRO y la extrema derecha. No es la primera vez que lo denuncian por <strong>publicidad encubierta, manipulaci\u00f3n de informaci\u00f3n y promoci\u00f3n de productos no avalados por la ANMAT<\/strong> (<a href=\"https:\/\/www.clarin.com\/sociedad\/la-polemica-colecta-maratea-cuestionamientos-quejas-sociedad-civil_0_VFQ2T1n0B.html\" target=\"_blank\" rel=\"noreferrer noopener\">Clar\u00edn<\/a>, <a href=\"https:\/\/www.pagina12.com.ar\/841077-maratea-productos-propaganda-nutricionistas\" target=\"_blank\" rel=\"noreferrer noopener\">P\u00e1gina\/12<\/a>).<\/p>\n\n\n\n<p>Distintas ONG, nutricionistas y hasta ex funcionarios afines al kirchnerismo y la salud p\u00fablica han reclamado por la \u201cfalta de controles sobre los influencers que promueven productos milagro\u201d sin respaldo cient\u00edfico y ligados a empresas del espectro neoliberal.<\/p>\n\n\n\n<p>Maratea mantiene contacto frecuente con personalidades de la derecha, como el ex diputado <strong>Fernando Iglesias<\/strong>, y fue invitado a eventos organizados por think tanks alineados al macrismo y Milei (<a href=\"https:\/\/www.perfil.com\/noticias\/politica\/santiago-maratea-cruces-redes-derecha-pro-proyectos-influencer.phtml\" target=\"_blank\" rel=\"noreferrer noopener\">Perfil<\/a>).<\/p>\n\n\n\n<h2 class=\"wp-block-heading\">\u00bfPor qu\u00e9 es peligroso? Leyes y advertencias para el p\u00fablico<\/h2>\n\n\n\n<p>La <strong>Ley de Trastornos de la Conducta Alimentaria<\/strong> (TCA) y la legislaci\u00f3n sanitaria proh\u00edben sugerir productos o tratamientos sin matr\u00edcula. Los influencers que lo hacen pueden ser sancionados civil y penalmente, m\u00e1s a\u00fan si viralizan publicidades de riesgo.<\/p>\n\n\n\n<p>La Asociaci\u00f3n Argentina de Dietistas y Nutricionistas tambi\u00e9n reclam\u00f3 controles estrictos a las plataformas y al Estado para evitar nuevas \u201cestafas a la vulnerabilidad\u201d. Los consumidores deben desconfiar de <strong>soluciones m\u00e1gicas<\/strong> o promesas f\u00e1ciles que no tengan aval profesional y sanitario (<a href=\"https:\/\/www.telam.com.ar\/notas\/202508\/653421-ley-nutricionistas-influencers-riesgos.html\" target=\"_blank\" rel=\"noreferrer noopener\">T\u00e9lam<\/a>).<\/p>\n\n\n\n<p>Fuente: Gacetilla Colegio de Nutricionistas PBA | Testimonios de Laura Salzman | Relevamiento original Enorsai y verificaci\u00f3n en medios l\u00edderes: La Naci\u00f3n, Perfil, Clar\u00edn, P\u00e1gina\/12, T\u00e9lam. <\/p>\n\n\n\n<figure class=\"wp-block-image size-full\"><img loading=\"lazy\" decoding=\"async\" width=\"375\" height=\"469\" src=\"https:\/\/www.enorsai.com\/noticias\/wp-content\/uploads\/2025\/08\/MARATEA.jpg\" alt=\"La denuncia a Santiago Maratea\" class=\"wp-image-7528\"\/><\/figure>\n","protected":false},"excerpt":{"rendered":"<p>14 de agosto de 2025 | Por Redacci\u00f3n Enorsai El caso: carta documento y advertencia formal al influencer m\u00e1s pol\u00e9mico del pa\u00eds El Colegio de Nutricionistas de la Provincia de Buenos Aires denunci\u00f3 y notific\u00f3 legalmente a Santiago Maratea tras una serie de promociones y recomendaciones del influencer sobre productos para bajar de peso. Las&#8230;<\/p>\n","protected":false},"author":4,"featured_media":7527,"comment_status":"open","ping_status":"open","sticky":false,"template":"","format":"standard","meta":{"_monsterinsights_skip_tracking":false,"_monsterinsights_sitenote_active":false,"_monsterinsights_sitenote_note":"","_monsterinsights_sitenote_category":0,"footnotes":"","jetpack_publicize_message":"","jetpack_publicize_feature_enabled":true,"jetpack_social_post_already_shared":true,"jetpack_social_options":{"image_generator_settings":{"template":"highway","default_image_id":0,"font":"","enabled":false},"version":2}},"categories":[4],"tags":[1439,3011,2961,3008,1592,3010,367,3013,3006,45,616,3009,1149,3012,554,3007,323],"class_list":["post-7526","post","type-post","status-publish","format-standard","has-post-thumbnail","hentry","category-sociedad","tag-anmat","tag-colecta-maratea","tag-corrupcion-libertaria","tag-denuncia-nutricionistas","tag-derecha","tag-dieta","tag-influencers","tag-intrusismo","tag-ley-tca","tag-milei","tag-pro","tag-publicidad-encubierta","tag-redes-sociales","tag-riesgos-salud","tag-salud-publica","tag-santiago-maratea","tag-ultraderecha"],"jetpack_publicize_connections":[],"_links":{"self":[{"href":"https:\/\/www.enorsai.com\/noticias\/wp-json\/wp\/v2\/posts\/7526","targetHints":{"allow":["GET"]}}],"collection":[{"href":"https:\/\/www.enorsai.com\/noticias\/wp-json\/wp\/v2\/posts"}],"about":[{"href":"https:\/\/www.enorsai.com\/noticias\/wp-json\/wp\/v2\/types\/post"}],"author":[{"embeddable":true,"href":"https:\/\/www.enorsai.com\/noticias\/wp-json\/wp\/v2\/users\/4"}],"replies":[{"embeddable":true,"href":"https:\/\/www.enorsai.com\/noticias\/wp-json\/wp\/v2\/comments?post=7526"}],"version-history":[{"count":1,"href":"https:\/\/www.enorsai.com\/noticias\/wp-json\/wp\/v2\/posts\/7526\/revisions"}],"predecessor-version":[{"id":7529,"href":"https:\/\/www.enorsai.com\/noticias\/wp-json\/wp\/v2\/posts\/7526\/revisions\/7529"}],"wp:featuredmedia":[{"embeddable":true,"href":"https:\/\/www.enorsai.com\/noticias\/wp-json\/wp\/v2\/media\/7527"}],"wp:attachment":[{"href":"https:\/\/www.enorsai.com\/noticias\/wp-json\/wp\/v2\/media?parent=7526"}],"wp:term":[{"taxonomy":"category","embeddable":true,"href":"https:\/\/www.enorsai.com\/noticias\/wp-json\/wp\/v2\/categories?post=7526"},{"taxonomy":"post_tag","embeddable":true,"href":"https:\/\/www.enorsai.com\/noticias\/wp-json\/wp\/v2\/tags?post=7526"}],"curies":[{"name":"wp","href":"https:\/\/api.w.org\/{rel}","templated":true}]}}