{"id":7508,"date":"2025-08-14T05:41:38","date_gmt":"2025-08-14T08:41:38","guid":{"rendered":"https:\/\/www.enorsai.com\/noticias\/?p=7508"},"modified":"2025-08-14T05:53:05","modified_gmt":"2025-08-14T08:53:05","slug":"cuando-ser-ser-policia-da-verguenza-detienen-a-dos-trabajadoras-de-prensa-en-la-marcha-de-jubilados","status":"publish","type":"post","link":"https:\/\/www.enorsai.com\/noticias\/politica\/cuando-ser-ser-policia-da-verguenza-detienen-a-dos-trabajadoras-de-prensa-en-la-marcha-de-jubilados\/","title":{"rendered":"Cuando ser ser polic\u00eda da verg\u00fcenza: Detienen a dos trabajadoras de prensa en la marcha de jubilados"},"content":{"rendered":"\n<p><strong>La represi\u00f3n se volvi\u00f3 rutina. En la marcha de los jubilados frente al Congreso, la Polic\u00eda de la Ciudad y la Federal ejecutaron otro operativo desmedido y arbitrario. El saldo: dos trabajadoras de prensa esposadas, tiradas en el piso y trasladadas como si fueran delincuentes.<\/strong><\/p>\n\n\n\n<p>El gobierno de Javier Milei no solo ajusta con sa\u00f1a a los sectores m\u00e1s vulnerables, sino que adem\u00e1s reprime con violencia a quienes se atreven a denunciarlo. La \u00faltima postal de este desvar\u00edo autoritario se vivi\u00f3 en la tradicional marcha de los jubilados en el Congreso, donde Camila Rey y Jazm\u00edn Orellana, dos trabajadoras de prensa de la Asociaci\u00f3n de Trabajadores del Estado (ATE), fueron detenidas en un operativo que exhibe la peor cara de un Estado que se jacta de \u201cdefender la libertad\u201d mientras encierra periodistas. La escena es grotesca: mujeres que sosten\u00edan c\u00e1maras fueron cazadas \u201cal voleo\u201d por un grupo de polic\u00edas, reducidas en el suelo, esposadas y trasladadas a la Oficina Central de Identificaci\u00f3n de Combate de los Pozos. El delito inventado, el de siempre: \u201cresistencia a la autoridad\u201d. El verdadero pecado: mostrarle al pa\u00eds c\u00f3mo la polic\u00eda reprime a jubilados que piden una jubilaci\u00f3n digna.<\/p>\n\n\n\n<p>La movilizaci\u00f3n, que cada mi\u00e9rcoles re\u00fane a adultos mayores, organizaciones sociales y trabajadores de la salud, fue una vez m\u00e1s blanco de un operativo excesivo. M\u00f3viles, cordones, motos, gases y camiones hidrantes desplegaron un escenario b\u00e9lico contra manifestantes desarmados. La represi\u00f3n se despleg\u00f3 en varios frentes: primero gases contra quienes intentaban salir por Rodr\u00edguez Pe\u00f1a; luego la emboscada en Alsina y S\u00e1enz Pe\u00f1a, donde las dos fotoperiodistas fueron atrapadas por efectivos de civil. Diez polic\u00edas sobre dos mujeres. Rodillas en el piso. Una cacer\u00eda digna de dictadura, pero ocurrida en 2025 en el coraz\u00f3n de Buenos Aires.<\/p>\n\n\n\n<figure class=\"wp-block-image size-full\"><img loading=\"lazy\" decoding=\"async\" width=\"1640\" height=\"924\" src=\"https:\/\/www.enorsai.com\/noticias\/wp-content\/uploads\/2025\/08\/EnOrsai-2025-08-14T054037.130.png\" alt=\"\" class=\"wp-image-7510\"\/><\/figure>\n\n\n\n<p>Lo que sucede en estas marchas ya no sorprende pero indigna. Se repite un mismo libreto: vallados, desv\u00edos forzados, bloqueos de calles y la aplicaci\u00f3n del famoso Protocolo Antipiquetes de Patricia Bullrich, que bajo la excusa de \u201corden\u201d multiplica el caos. Los propios efectivos generan embotellamientos, cercan las salidas y, cuando la tensi\u00f3n escala, avanzan con gases y detenciones. La violencia no es un efecto secundario: es la estrategia. Rub\u00e9n, de Jubilados Insurgentes, lo describi\u00f3 con crudeza: \u201cA medida que ven que la protesta no se frena, el Gobierno acelera a fondo con la represi\u00f3n. Pero nosotros no vamos con palos, nuestros palos son las gargantas con las que cantamos contra Milei y Bullrich\u201d.<\/p>\n\n\n\n<p>El trasfondo pol\u00edtico es evidente. La protesta se produce tras el veto presidencial al aumento jubilatorio y a la renovaci\u00f3n de la moratoria previsional. Los jubilados, con haberes que apenas alcanzan los 384.305 pesos \u2013suma compuesta en parte por un bono extraordinario congelado desde marzo de 2024\u2013, enfrentan una realidad de hambre. \u201cVengo porque no como\u201d, confes\u00f3 un hombre entre l\u00e1grimas en plena Plaza Congreso. La frase expone el drama que el Gobierno niega y la polic\u00eda intenta tapar con golpes y esposas.<\/p>\n\n\n\n<figure class=\"wp-block-embed is-type-rich is-provider-twitter wp-block-embed-twitter\"><div class=\"wp-block-embed__wrapper\">\n<blockquote class=\"twitter-tweet\" data-width=\"550\" data-dnt=\"true\"><p lang=\"es\" dir=\"ltr\">\ud83d\udd08 Necesitamos difusi\u00f3n sobre este grave hecho que lastima la democracia en la Argentina. <br><br>Las fot\u00f3grafas Camila Rey y Jazmin Orellana son trasladadas por la Fuerzas de Seguridad. Fueron detenidas por tomar fotos a polic\u00edas mientas le pegaban a abuelos y abuelos en las calles. <a href=\"https:\/\/t.co\/itneS8IWeu\">pic.twitter.com\/itneS8IWeu<\/a><\/p>&mdash; El Prensero (@El_Prensero) <a href=\"https:\/\/twitter.com\/El_Prensero\/status\/1955804258160238870?ref_src=twsrc%5Etfw\">August 14, 2025<\/a><\/blockquote><script async src=\"https:\/\/platform.twitter.com\/widgets.js\" charset=\"utf-8\"><\/script>\n<\/div><\/figure>\n\n\n\n<p>No se trata solo de la situaci\u00f3n de los adultos mayores. Como advirti\u00f3 Manuel Guti\u00e9rrez, referente de la Mesa Coordinadora de Jubilados, el veto de Milei ataca al conjunto del pueblo trabajador. De ah\u00ed que los jubilados insistan en articular con sindicatos y centrales para organizar un paro nacional el d\u00eda que el Congreso trate el veto. No se trata de un reclamo sectorial sino de una respuesta necesaria frente a un proyecto de gobierno que se sostiene en el ajuste brutal y la represi\u00f3n callejera.<\/p>\n\n\n\n<p>La detenci\u00f3n de las fotoperiodistas expone con nitidez el car\u00e1cter disciplinador de este modelo. Si se animan a encerrar a quienes portan c\u00e1maras, \u00bfqu\u00e9 queda para los jubilados que levantan carteles? No es casualidad que los arrestos se concentraran en mujeres trabajadoras de prensa, ligadas a un sindicato como ATE y con trayectoria en el registro de las luchas sociales. Se busca un doble efecto: intimidar a quienes informan y enviar un mensaje a quienes protestan. \u201cEst\u00e1n ensa\u00f1ados con los fot\u00f3grafos porque difunden nuestra lucha\u201d, denunci\u00f3 Rub\u00e9n. Y la frase condensa el n\u00facleo del problema: el gobierno de Milei quiere un pa\u00eds sin testigos, sin registros, sin voces cr\u00edticas.<\/p>\n\n\n\n<figure class=\"wp-block-embed is-type-rich is-provider-twitter wp-block-embed-twitter\"><div class=\"wp-block-embed__wrapper\">\n<blockquote class=\"twitter-tweet\" data-width=\"550\" data-dnt=\"true\"><p lang=\"es\" dir=\"ltr\"><a href=\"https:\/\/twitter.com\/hashtag\/Ahora?src=hash&amp;ref_src=twsrc%5Etfw\">#Ahora<\/a> en <a href=\"https:\/\/twitter.com\/hashtag\/Congreso?src=hash&amp;ref_src=twsrc%5Etfw\">#Congreso<\/a>: detuvieron arbitrariamente a dos trabajadoras de prensa: Camila Rey y Yasmin Orellana <a href=\"https:\/\/t.co\/q4iXj6vbgV\">pic.twitter.com\/q4iXj6vbgV<\/a><\/p>&mdash; Periodistas Argentinas (@PeriodistasdArg) <a href=\"https:\/\/twitter.com\/PeriodistasdArg\/status\/1955724201161068574?ref_src=twsrc%5Etfw\">August 13, 2025<\/a><\/blockquote><script async src=\"https:\/\/platform.twitter.com\/widgets.js\" charset=\"utf-8\"><\/script>\n<\/div><\/figure>\n\n\n\n<p>Los comunicados de ATE fueron tajantes. Exigieron la liberaci\u00f3n inmediata de Rey y Orellana, y repudiaron el accionar ilegal de las fuerzas de seguridad, a las que acusaron de actuar con \u201ctotal impunidad\u201d bajo las \u00f3rdenes de la ministra Bullrich. \u201cPretenden acostumbrarnos a este tipo de accionar, amedrentando y coartando el derecho a la protesta\u201d, denunciaron. Y no es exageraci\u00f3n: en las \u00faltimas semanas las movilizaciones de jubilados, trabajadores de la salud y otros sectores populares fueron recibidas con la misma receta represiva. Las detenciones arbitrarias y el hostigamiento policial buscan consolidar una pedagog\u00eda del miedo.<\/p>\n\n\n\n<p>El relato policial, como siempre, fue absurdo. Los partes oficiales hablaron de resistencia y hasta de agresiones ins\u00f3litas, como mordidas a rodillas de efectivos. Una puesta en escena grotesca que se desmorona frente a las im\u00e1genes captadas por otros medios y testigos: dos mujeres reducidas entre diez polic\u00edas de civil, retenidas en el suelo durante diez minutos y luego subidas a un m\u00f3vil. El contraste entre la realidad y la narrativa oficial desnuda una l\u00f3gica que el Gobierno pretende instalar: criminalizar la protesta social y convertir en delito el trabajo period\u00edstico.<\/p>\n\n\n\n<figure class=\"wp-block-embed is-type-rich is-provider-twitter wp-block-embed-twitter\"><div class=\"wp-block-embed__wrapper\">\n<blockquote class=\"twitter-tweet\" data-width=\"550\" data-dnt=\"true\"><p lang=\"es\" dir=\"ltr\">\u26a0\ufe0fLa Polic\u00eda de la Ciudad detuvo a Jazm\u00edn Orellana y Camila\u00a0Rey, quienes estaban trabajando con sus c\u00e1maras para registrar las manifestaciones en la zona del Congreso.<br><br>\u203c\ufe0fExigimos su inmediata liberaci\u00f3n y repudiamos un nuevo ensa\u00f1amiento con la prensa que cubre las protestas. <a href=\"https:\/\/t.co\/sDNqbjSEGp\">pic.twitter.com\/sDNqbjSEGp<\/a><\/p>&mdash; SiPreBA &#8211; Sindicato de Prensa de Buenos Aires (@sipreba) <a href=\"https:\/\/twitter.com\/sipreba\/status\/1955725775572803965?ref_src=twsrc%5Etfw\">August 13, 2025<\/a><\/blockquote><script async src=\"https:\/\/platform.twitter.com\/widgets.js\" charset=\"utf-8\"><\/script>\n<\/div><\/figure>\n\n\n\n<p>La pregunta que late es inevitable: \u00bfqu\u00e9 clase de democracia es posible cuando la polic\u00eda act\u00faa como fuerza de ocupaci\u00f3n contra su propio pueblo? \u00bfQu\u00e9 significado tiene hablar de \u201clibertad\u201d mientras se persigue a la prensa y se gasea a jubilados? La represi\u00f3n ya no es excepcionalidad, es m\u00e9todo. Y cada mi\u00e9rcoles frente al Congreso, esa verdad queda a la vista.<\/p>\n\n\n\n<p>La verg\u00fcenza de ser polic\u00eda, en este contexto, no se mide solo en uniformes y escudos, sino en la decisi\u00f3n de ser engranaje de un aparato represivo que encarcela periodistas y hambrea a jubilados. En un pa\u00eds que supo ganarle a las dictaduras en las calles, la estrategia de Milei y Bullrich de imponer miedo solo puede terminar en un nuevo despertar popular. Porque si algo qued\u00f3 demostrado es que ni las vallas, ni los gases, ni las cacer\u00edas policiales pueden frenar la dignidad de quienes reclaman lo m\u00ednimo: comer, vivir, informar.<\/p>\n\n\n\n<p><strong>Fuente:<\/strong><br><a href=\"https:\/\/www.pagina12.com.ar\/849492-se-ensanan-con-los-fotografos-porque-difunden-nuestra-lucha\">https:\/\/www.pagina12.com.ar\/849492-se-ensanan-con-los-fotografos-porque-difunden-nuestra-lucha<\/a><br><a href=\"https:\/\/www.pagina12.com.ar\/849378-la-policia-detuvo-a-2-personas-en-la-marcha-de-jubilados-en-\">https:\/\/www.pagina12.com.ar\/849378-la-policia-detuvo-a-2-personas-en-la-marcha-de-jubilados-en-<\/a><br><a href=\"https:\/\/radiografica.org.ar\/2025\/08\/13\/marcha-de-los-jubilados-detienen-a-dos-trabajadoras-de-prensa-de-ate-en-otra-violente-represion\/\">https:\/\/radiografica.org.ar\/2025\/08\/13\/marcha-de-los-jubilados-detienen-a-dos-trabajadoras-de-prensa-de-ate-en-otra-violente-represion\/<\/a><\/p>\n","protected":false},"excerpt":{"rendered":"<p>La detenci\u00f3n ilegal de dos trabajadoras de prensa durante la marcha de jubilados en el Congreso expone el costado m\u00e1s represivo del gobierno de Javier Milei. Entre gases, vallas y un operativo desmedido, la Polic\u00eda de la Ciudad y la Federal ejecutaron una cacer\u00eda contra periodistas para silenciar la protesta social.<\/p>\n","protected":false},"author":1,"featured_media":7509,"comment_status":"open","ping_status":"open","sticky":false,"template":"","format":"standard","meta":{"_monsterinsights_skip_tracking":false,"_monsterinsights_sitenote_active":false,"_monsterinsights_sitenote_note":"","_monsterinsights_sitenote_category":0,"footnotes":"","jetpack_publicize_message":"","jetpack_publicize_feature_enabled":true,"jetpack_social_post_already_shared":true,"jetpack_social_options":{"image_generator_settings":{"template":"highway","default_image_id":0,"font":"","enabled":false},"version":2}},"categories":[2],"tags":[1042,262,257,69,3002,509,45,474,1344,365],"class_list":["post-7508","post","type-post","status-publish","format-standard","has-post-thumbnail","hentry","category-politica","tag-ate","tag-bullrich","tag-congreso","tag-derechos","tag-detenciones","tag-jubilados","tag-milei","tag-policia","tag-prensa","tag-represion"],"jetpack_publicize_connections":[],"_links":{"self":[{"href":"https:\/\/www.enorsai.com\/noticias\/wp-json\/wp\/v2\/posts\/7508","targetHints":{"allow":["GET"]}}],"collection":[{"href":"https:\/\/www.enorsai.com\/noticias\/wp-json\/wp\/v2\/posts"}],"about":[{"href":"https:\/\/www.enorsai.com\/noticias\/wp-json\/wp\/v2\/types\/post"}],"author":[{"embeddable":true,"href":"https:\/\/www.enorsai.com\/noticias\/wp-json\/wp\/v2\/users\/1"}],"replies":[{"embeddable":true,"href":"https:\/\/www.enorsai.com\/noticias\/wp-json\/wp\/v2\/comments?post=7508"}],"version-history":[{"count":5,"href":"https:\/\/www.enorsai.com\/noticias\/wp-json\/wp\/v2\/posts\/7508\/revisions"}],"predecessor-version":[{"id":7515,"href":"https:\/\/www.enorsai.com\/noticias\/wp-json\/wp\/v2\/posts\/7508\/revisions\/7515"}],"wp:featuredmedia":[{"embeddable":true,"href":"https:\/\/www.enorsai.com\/noticias\/wp-json\/wp\/v2\/media\/7509"}],"wp:attachment":[{"href":"https:\/\/www.enorsai.com\/noticias\/wp-json\/wp\/v2\/media?parent=7508"}],"wp:term":[{"taxonomy":"category","embeddable":true,"href":"https:\/\/www.enorsai.com\/noticias\/wp-json\/wp\/v2\/categories?post=7508"},{"taxonomy":"post_tag","embeddable":true,"href":"https:\/\/www.enorsai.com\/noticias\/wp-json\/wp\/v2\/tags?post=7508"}],"curies":[{"name":"wp","href":"https:\/\/api.w.org\/{rel}","templated":true}]}}