{"id":7505,"date":"2025-08-13T20:33:14","date_gmt":"2025-08-13T23:33:14","guid":{"rendered":"https:\/\/www.enorsai.com\/noticias\/?p=7505"},"modified":"2025-08-13T20:33:14","modified_gmt":"2025-08-13T23:33:14","slug":"el-modelo-milei-entra-en-etapa-terminal-precios-desbocados-industria-agonizante-y-usureros-de-fiesta","status":"publish","type":"post","link":"https:\/\/www.enorsai.com\/noticias\/politica\/el-modelo-milei-entra-en-etapa-terminal-precios-desbocados-industria-agonizante-y-usureros-de-fiesta\/","title":{"rendered":"El modelo Milei entra en etapa terminal: precios desbocados, industria agonizante y usureros de fiesta"},"content":{"rendered":"\n<p>13 de agosto de 2025 | Por Redacci\u00f3n Enorsai<\/p>\n\n\n\n<figure class=\"wp-block-image\"><img decoding=\"async\" src=\"https:\/\/tuservidor.com\/imagenes\/modelo-milei-crisis-industria-precios-2025.jpg\" alt=\"Modelo Milei crisis terminal inflaci\u00f3n industria CEO ajuste\"\/><figcaption class=\"wp-element-caption\">Con inflaci\u00f3n recalentada y el consumo colapsado, industriales alertan que el modelo Milei \u201cse come el capital productivo\u201d mientras el mercado financiero cosecha ganancias r\u00e9cord.<\/figcaption><\/figure>\n\n\n\n<h2 class=\"wp-block-heading\">Una econom\u00eda en etapa final: cifras y voces que destapan el ajuste sin salida<\/h2>\n\n\n\n<p>Seg\u00fan un <a href=\"https:\/\/youtu.be\/8pBac4_7TLo\" target=\"_blank\" rel=\"noreferrer noopener\">informe de Nancy Pazos<\/a>, el plan econ\u00f3mico de <strong>Javier Milei y Luis Caputo<\/strong> enfrenta su fase m\u00e1s cr\u00edtica: la inflaci\u00f3n se recalienta, el consumo no repunta, y la industria est\u00e1 forzada a vender por debajo del costo o asumir tasas de inter\u00e9s imposibles. \u201cLa etapa ag\u00f3nica del modelo de Milei ya est\u00e1 en marcha; el presidente s\u00f3lo apuesta a resistir hasta las elecciones y despu\u00e9s decidir si sigue igual o pega un volantazo\u201d, sostiene Pazos.<\/p>\n\n\n\n<p>El dato central: la econom\u00eda real se est\u00e1 vaciando. \u201cLos industriales tienen que vender m\u00e1s barato de lo que les cuesta producir, o pedir prestado a una tasa del 80%. Si bajan precios para que el p\u00fablico pueda comprar, se comen su propio capital. As\u00ed no hay desarrollo posible.\u201d <\/p>\n\n\n\n<figure class=\"wp-block-embed is-type-wp-embed is-provider-incrustado wp-block-embed-incrustado\"><div class=\"wp-block-embed__wrapper\">\n<blockquote class=\"wp-embedded-content\" data-secret=\"COcYIMJdOM\"><a href=\"https:\/\/www.enorsai.com\/noticias\/politica\/alfredo-zaiat-advierte-cuando-podria-estallar-la-economia-de-milei-el-riesgo-oculto-tras-las-elecciones\/\">Alfredo Zaiat advierte cu\u00e1ndo podr\u00eda estallar la econom\u00eda de Milei: el riesgo oculto tras las elecciones<\/a><\/blockquote><iframe loading=\"lazy\" class=\"wp-embedded-content\" sandbox=\"allow-scripts\" security=\"restricted\" style=\"position: absolute; visibility: hidden;\" title=\"\u00abAlfredo Zaiat advierte cu\u00e1ndo podr\u00eda estallar la econom\u00eda de Milei: el riesgo oculto tras las elecciones\u00bb \u2014 \" src=\"https:\/\/www.enorsai.com\/noticias\/politica\/alfredo-zaiat-advierte-cuando-podria-estallar-la-economia-de-milei-el-riesgo-oculto-tras-las-elecciones\/embed\/#?secret=WRSrpvudJo#?secret=COcYIMJdOM\" data-secret=\"COcYIMJdOM\" width=\"600\" height=\"338\" frameborder=\"0\" marginwidth=\"0\" marginheight=\"0\" scrolling=\"no\"><\/iframe>\n<\/div><\/figure>\n\n\n\n<h2 class=\"wp-block-heading\">\u00bfInflaci\u00f3n domada o pesadilla eterna para pymes y consumidores?<\/h2>\n\n\n\n<p>Mientras el Gobierno vende la narrativa de haber domado la inflaci\u00f3n de cara al calendario electoral, los datos de consultoras muestran un repunte de precios y un <strong>consumo en ca\u00edda libre dos meses seguidos<\/strong> (<a href=\"https:\/\/www.infobae.com\/economia\/2025\/07\/31\/caida-del-consumo-poder-adquisitivo\/\" target=\"_blank\" rel=\"noreferrer noopener\">Infobae<\/a>). Las empresas ven licuarse su stock y ya no hay margen para recortar m\u00e1s. La \u00fanica variable positiva es para \u201clos usureros del mercado financiero\u201d, lavando ganancias a costas de las familias y pymes.<\/p>\n\n\n\n<p>El c\u00edrculo vicioso: si bajan m\u00e1s los precios, desaparecen capital y empleo; si suben, no venden. Todo mientras el Estado sostiene tasas astron\u00f3micas para domar el d\u00f3lar y frenar cualquier salto inflacionario (<a href=\"https:\/\/www.lanacion.com.ar\/economia\/la-fragilidad-del-mercado-deuda-en-pesos-nid11082025\/\" target=\"_blank\" rel=\"noreferrer noopener\">La Naci\u00f3n<\/a>).<\/p>\n\n\n\n<h2 class=\"wp-block-heading\">La pregunta que incomoda: \u00bf\u201cVolantazo\u201d pos elecciones o fuga hacia adelante?<\/h2>\n\n\n\n<p>La gran duda, plantean tanto Pazos como analistas de mercado, es si Milei optar\u00e1 por un cambio de rumbo tras las elecciones \u2013respondiendo al mensaje de las urnas\u2013 o si preferir\u00e1 \u201cmorir con las botas puestas\u201d antes que admitir el fracaso del ajuste extremo. \u201cLa pregunta abierta es si est\u00e1 dispuesto a reconocer que este modelo solo le llena los bolsillos a los usureros del mercado\u201d, dispara Pazos. <\/p>\n\n\n\n<figure class=\"wp-block-embed is-type-wp-embed is-provider-incrustado wp-block-embed-incrustado\"><div class=\"wp-block-embed__wrapper\">\n<blockquote class=\"wp-embedded-content\" data-secret=\"a50nAjtjLq\"><a href=\"https:\/\/www.enorsai.com\/noticias\/politica\/giacomini-desnuda-la-bomba-economica-se-viene-un-supermiercoles-tras-otro-y-la-recesion-se-profundiza-quincena-a-quincena\/\">Giacomini desnuda la bomba econ\u00f3mica: \u201cSe viene un Supermi\u00e9rcoles tras otro y la recesi\u00f3n se profundiza quincena a quincena\u201d<\/a><\/blockquote><iframe loading=\"lazy\" class=\"wp-embedded-content\" sandbox=\"allow-scripts\" security=\"restricted\" style=\"position: absolute; visibility: hidden;\" title=\"\u00abGiacomini desnuda la bomba econ\u00f3mica: \u201cSe viene un Supermi\u00e9rcoles tras otro y la recesi\u00f3n se profundiza quincena a quincena\u201d\u00bb \u2014 \" src=\"https:\/\/www.enorsai.com\/noticias\/politica\/giacomini-desnuda-la-bomba-economica-se-viene-un-supermiercoles-tras-otro-y-la-recesion-se-profundiza-quincena-a-quincena\/embed\/#?secret=medemew37j#?secret=a50nAjtjLq\" data-secret=\"a50nAjtjLq\" width=\"600\" height=\"338\" frameborder=\"0\" marginwidth=\"0\" marginheight=\"0\" scrolling=\"no\"><\/iframe>\n<\/div><\/figure>\n\n\n\n<p><strong>Las pr\u00f3ximas semanas son claves<\/strong>: analistas esperan que el propio presidente intente \u201caguantar\u201d el diagn\u00f3stico a toda costa, mientras las importaciones se paralizan, las pymes cierran y la recesi\u00f3n se profundiza. En este contexto, <a href=\"https:\/\/www.pagina12.com.ar\/849231-consumo-en-caida-modelo-milei\" target=\"_blank\" rel=\"noreferrer noopener\">la ca\u00edda del consumo y la inversi\u00f3n marca el pulso verdadero de la econom\u00eda<\/a>.<\/p>\n\n\n\n<h3 class=\"wp-block-heading\">Fuentes y ampliaciones econ\u00f3micas recomendadas<\/h3>\n\n\n\n<ul class=\"wp-block-list\">\n<li><a href=\"https:\/\/youtu.be\/8pBac4_7TLo\" target=\"_blank\" rel=\"noreferrer noopener\">Video completo \u2013 Nancy Pazos sobre el ocaso Milei<\/a><\/li>\n\n\n\n<li><a href=\"https:\/\/www.infobae.com\/economia\/2025\/07\/31\/caida-del-consumo-poder-adquisitivo\/\" target=\"_blank\" rel=\"noreferrer noopener\">Infobae \u2013 Ca\u00edda del poder adquisitivo y del consumo<\/a><\/li>\n\n\n\n<li><a href=\"https:\/\/www.lanacion.com.ar\/economia\/la-fragilidad-del-mercado-deuda-en-pesos-nid11082025\/\" target=\"_blank\" rel=\"noreferrer noopener\">La Naci\u00f3n \u2013 Crisis en el mercado de deuda<\/a><\/li>\n\n\n\n<li><a href=\"https:\/\/www.pagina12.com.ar\/849231-consumo-en-caida-modelo-milei\" target=\"_blank\" rel=\"noreferrer noopener\">P\u00e1gina\/12 \u2013 Desplome del consumo con Milei<\/a><\/li>\n<\/ul>\n\n\n\n<p>Fuente: Revoluci\u00f3n Popular Noticias \u2013 Nancy Pazos | Entrevistas industriales y an\u00e1lisis en YouTube | Relevamiento Enorsai con soporte de medios l\u00edderes para SEO.<\/p>\n","protected":false},"excerpt":{"rendered":"<p>Nancy Pazos denuncia que el modelo Milei est\u00e1 \u201cen fase terminal\u201d: inflaci\u00f3n que repunta, consumo colapsado y empresarios obligados a vender a p\u00e9rdida. El futuro es incierto: \u00bfcambio de rumbo tras las elecciones o ajuste extremo hasta las \u00faltimas consecuencias?<\/p>\n","protected":false},"author":5,"featured_media":7506,"comment_status":"open","ping_status":"open","sticky":false,"template":"","format":"standard","meta":{"_monsterinsights_skip_tracking":false,"_monsterinsights_sitenote_active":false,"_monsterinsights_sitenote_note":"","_monsterinsights_sitenote_category":0,"footnotes":"","jetpack_publicize_message":"\ud83d\udd25 El modelo Milei entra en etapa terminal: precios fuera de control e industria en agon\u00eda, los usureros celebran","jetpack_publicize_feature_enabled":true,"jetpack_social_post_already_shared":false,"jetpack_social_options":{"image_generator_settings":{"template":"highway","default_image_id":0,"font":"","enabled":false},"version":2}},"categories":[3,2],"tags":[58,3001,2999,2996,26,225,1411,2735,227,2985,2998,301,101,2997,2387,3000],"class_list":["post-7505","post","type-post","status-publish","format-standard","has-post-thumbnail","hentry","category-economia","category-politica","tag-ajuste","tag-ajuste-extremo","tag-consumo-en-baja","tag-crisis-industrial","tag-deuda","tag-economia-argentina","tag-elecciones-2025","tag-industria-argentina","tag-inflacion","tag-modelo-milei","tag-nancy-pazos","tag-pymes","tag-recesion","tag-revolucion-popular","tag-tasas-de-interes","tag-usureros"],"jetpack_publicize_connections":[],"_links":{"self":[{"href":"https:\/\/www.enorsai.com\/noticias\/wp-json\/wp\/v2\/posts\/7505","targetHints":{"allow":["GET"]}}],"collection":[{"href":"https:\/\/www.enorsai.com\/noticias\/wp-json\/wp\/v2\/posts"}],"about":[{"href":"https:\/\/www.enorsai.com\/noticias\/wp-json\/wp\/v2\/types\/post"}],"author":[{"embeddable":true,"href":"https:\/\/www.enorsai.com\/noticias\/wp-json\/wp\/v2\/users\/5"}],"replies":[{"embeddable":true,"href":"https:\/\/www.enorsai.com\/noticias\/wp-json\/wp\/v2\/comments?post=7505"}],"version-history":[{"count":1,"href":"https:\/\/www.enorsai.com\/noticias\/wp-json\/wp\/v2\/posts\/7505\/revisions"}],"predecessor-version":[{"id":7507,"href":"https:\/\/www.enorsai.com\/noticias\/wp-json\/wp\/v2\/posts\/7505\/revisions\/7507"}],"wp:featuredmedia":[{"embeddable":true,"href":"https:\/\/www.enorsai.com\/noticias\/wp-json\/wp\/v2\/media\/7506"}],"wp:attachment":[{"href":"https:\/\/www.enorsai.com\/noticias\/wp-json\/wp\/v2\/media?parent=7505"}],"wp:term":[{"taxonomy":"category","embeddable":true,"href":"https:\/\/www.enorsai.com\/noticias\/wp-json\/wp\/v2\/categories?post=7505"},{"taxonomy":"post_tag","embeddable":true,"href":"https:\/\/www.enorsai.com\/noticias\/wp-json\/wp\/v2\/tags?post=7505"}],"curies":[{"name":"wp","href":"https:\/\/api.w.org\/{rel}","templated":true}]}}