{"id":750,"date":"2025-02-06T08:42:19","date_gmt":"2025-02-06T11:42:19","guid":{"rendered":"https:\/\/www.enorsai.com\/noticias\/?p=750"},"modified":"2025-02-06T08:42:48","modified_gmt":"2025-02-06T11:42:48","slug":"mas-empresas-automotrices-recortan-personal-por-la-debacle-de-la-produccion","status":"publish","type":"post","link":"https:\/\/www.enorsai.com\/noticias\/economia\/mas-empresas-automotrices-recortan-personal-por-la-debacle-de-la-produccion\/","title":{"rendered":"M\u00e1s empresas automotrices recortan personal por la debacle de la producci\u00f3n"},"content":{"rendered":"\n<p><em>En el marco de la crisis que atraviesa Nissan en C\u00f3rdoba, ahora es General Motors la que intensifica el proceso de despidos en su planta de Alvear, Rosario, lo que podr\u00eda resultar en la p\u00e9rdida de aproximadamente 300 empleos.<\/em><\/p>\n\n\n\n<p>Se profundiza la crisis en la industria automotriz: General Motors recorta personal por el desplome de la producci\u00f3n<\/p>\n\n\n\n<p>Hace unos d\u00edas fue Nissan, hoy General Motors. La empresa estadounidense activ\u00f3 el Programa de Retiros Voluntarios en su planta ubicada en Alvear, Rosario, afectando el trabajo de 300 trabajadores. El objetivo de la firma es achicar la plantillas de empleados tras una brutal ca\u00edda en la producci\u00f3n de la f\u00e1brica, como consecuencia de las pol\u00edticas econ\u00f3micas del Gobierno Nacional.<\/p>\n\n\n\n<p>El anuncio de los retiros voluntarios lleg\u00f3 hace algunas semanas y comenzaron a efectivarse en las \u00faltimas horas. Seg\u00fan informaci\u00f3n revelada por medios locales, la automotriz prev\u00e9 para este 2025 recortar a la mitad la plantilla en relaci\u00f3n con el a\u00f1o pasado. Muchos de los trabajadores cuentan con m\u00e1s de 20 a\u00f1os de trayectoria, y la decisi\u00f3n, seg\u00fan manifiestan, est\u00e1 amparada por la pol\u00edtica de ajuste a la cu\u00e1l tambi\u00e9n suscribe el gobernador Maximiliano Pullaro.<\/p>\n\n\n\n<p>La medida adoptada por General Motors fue tomada de urgencia, como consecuencia del desplome de la producci\u00f3n del \u00fanico modelo que se fabrica en la Argentina, la SUV Tracker de Chevrolet, que tambi\u00e9n se fabrica en Brasil, lo que limita sus posibilidades de expansi\u00f3n y mercados de exportaci\u00f3n. En las \u00faltimas semanas, circularon rumores acerca de la posible incorporaci\u00f3n de nuevos productos en Alvear, sobre todo a partir de la alianza con Hyundai para la producci\u00f3n regional de pick-ups, aunque por el momento esto no se hizo oficial.<\/p>\n\n\n\n<p>Los despidos forman parte de las consecuencias desatadas por las medidas econ\u00f3micas del presidente Milei: en el acumulado del 2024, la producci\u00f3n local de veh\u00edculos cay\u00f3 17,1 por ciento, de acuerdo con el \u00faltimo informe de la Asociaci\u00f3n de F\u00e1bricas de Automotores (ADEFA). Las exportaciones fueron un 3,4 por ciento menores a las de un a\u00f1o atr\u00e1s.<\/p>\n\n\n\n<p>S\u00f3lo en 2024 la producci\u00f3n nacional de veh\u00edculos alcanz\u00f3 las 506.571 unidades, lo que representa una disminuci\u00f3n del 17,1% en comparaci\u00f3n con las 610.715 unidades fabricadas en 2023. Sumado a esto, se exportaron 314.735 veh\u00edculos, evidenciando una reducci\u00f3n del 3,4% respecto a las 325.894 unidades exportadas el a\u00f1o anterior.<\/p>\n\n\n\n<p>A pesar de esto, la comercializaci\u00f3n a sus redes de concesionarios se mantuvo casi estable, con un alza de 1,1 por ciento. Esto se explica con el mayor n\u00famero de unidades importadas vendidas en el mercado local, donde las terminales operan como pasamanos entre importaci\u00f3n y venta al p\u00fablico de unidades fabricadas en el exterior.&nbsp;<\/p>\n\n\n\n<p><strong>Situaci\u00f3n de la empresa en Argentina<\/strong><\/p>\n\n\n\n<p>General Motors de Argentina pas\u00f3 la mayor parte del a\u00f1o con su f\u00e1brica de General Alvear trabajando a \u00abmedia m\u00e1quina\u00bb. Por un lado, una important\u00edsima deuda comercial de alrededor de 1000 millones de d\u00f3lares acumuladas con proveedores del exterior, y el derrumbe de ventas en el mercado interno producto de la devualci\u00f3n del peso que llev\u00f3 a cabo el Ministro de Econom\u00eda Luis Caputo al mes de haber asumido. Para ese momento las ventas en la Argentina cayeron estrepitosamente y la producci\u00f3n de veh\u00edculos toc\u00f3 su piso en junio, con una ca\u00edda de m\u00e1s de 40%.<\/p>\n\n\n\n<p>En ese contexto, la anemia de producci\u00f3n y ventas fue acompa\u00f1ada con rumores de achicamiento de la f\u00e1brica e incluso de cierre, que ahora son ciertos. Sumado a esto, ya estaba el antecedente del cierre de las f\u00e1bricas de sus sucursales en Colombia y en Ecuador.&nbsp; En ese contexto, los ejecutivos de la empresa buscaron llevar adelante una estrategia comercial para intentar \u201cremontar\u201d, el adverso escenario. De ah\u00ed que en los siguientes meses la directiva fue que la f\u00e1brica de General Alvear iba a ser la fabricante de la nueva generaci\u00f3n de la Chevrolet Tracker. Esto, claro est\u00e1, no alcanz\u00f3.<\/p>\n\n\n\n<p>El caso Nissan<\/p>\n\n\n\n<p>D\u00edas atr\u00e1s desde la planta de Nissan en C\u00f3rdoba, Santa Isabel anunciaron que para diciembre de 2025 la empresa dejar\u00e1 de producir en Argentina. Esto pone autom\u00e1ticamente en riesgo el trabajo de 600 trabajadores, entre empleos directos e indirectos. Ahora, adelantaron una parada de producci\u00f3n en la planta y los rumores de quiebre no hacen m\u00e1s que aumentar.<\/p>\n\n\n\n<p>\u201cLa planta est\u00e1 parada esta semana, desde el lunes hasta el viernes. Se adelantaron d\u00edas que ya estaban programados y fue por el retraso de un buque con piezas de M\u00e9xico\u201d, se\u00f1alaron testimonios. La cancelaci\u00f3n del Proyecto H60E- que promet\u00eda una nueva generaci\u00f3n de la pick-up Frontier y un crecimiento sostenido, y la mala performance en ventas y exportaciones de sus modelos, aceleraron la salida de la firma japonesa del pa\u00eds.<\/p>\n\n\n\n<p>Por Data Central.<\/p>\n","protected":false},"excerpt":{"rendered":"<p>En el marco de la crisis que atraviesa Nissan en C\u00f3rdoba, ahora es General Motors la que intensifica el proceso de despidos en su planta de Alvear, Rosario, lo que podr\u00eda resultar en la p\u00e9rdida de aproximadamente 300 empleos. Se profundiza la crisis en la industria automotriz: General Motors recorta personal por el desplome de&#8230;<\/p>\n","protected":false},"author":5,"featured_media":751,"comment_status":"open","ping_status":"open","sticky":false,"template":"","format":"standard","meta":{"_monsterinsights_skip_tracking":false,"_monsterinsights_sitenote_active":false,"_monsterinsights_sitenote_note":"","_monsterinsights_sitenote_category":0,"footnotes":"","jetpack_publicize_message":"","jetpack_publicize_feature_enabled":true,"jetpack_social_post_already_shared":true,"jetpack_social_options":{"image_generator_settings":{"template":"highway","default_image_id":0,"font":"","enabled":false},"version":2}},"categories":[3],"tags":[58,43,15,106,45],"class_list":["post-750","post","type-post","status-publish","format-standard","has-post-thumbnail","hentry","category-economia","tag-ajuste","tag-crisis","tag-economia","tag-javier-milei","tag-milei"],"jetpack_publicize_connections":[],"_links":{"self":[{"href":"https:\/\/www.enorsai.com\/noticias\/wp-json\/wp\/v2\/posts\/750","targetHints":{"allow":["GET"]}}],"collection":[{"href":"https:\/\/www.enorsai.com\/noticias\/wp-json\/wp\/v2\/posts"}],"about":[{"href":"https:\/\/www.enorsai.com\/noticias\/wp-json\/wp\/v2\/types\/post"}],"author":[{"embeddable":true,"href":"https:\/\/www.enorsai.com\/noticias\/wp-json\/wp\/v2\/users\/5"}],"replies":[{"embeddable":true,"href":"https:\/\/www.enorsai.com\/noticias\/wp-json\/wp\/v2\/comments?post=750"}],"version-history":[{"count":2,"href":"https:\/\/www.enorsai.com\/noticias\/wp-json\/wp\/v2\/posts\/750\/revisions"}],"predecessor-version":[{"id":753,"href":"https:\/\/www.enorsai.com\/noticias\/wp-json\/wp\/v2\/posts\/750\/revisions\/753"}],"wp:featuredmedia":[{"embeddable":true,"href":"https:\/\/www.enorsai.com\/noticias\/wp-json\/wp\/v2\/media\/751"}],"wp:attachment":[{"href":"https:\/\/www.enorsai.com\/noticias\/wp-json\/wp\/v2\/media?parent=750"}],"wp:term":[{"taxonomy":"category","embeddable":true,"href":"https:\/\/www.enorsai.com\/noticias\/wp-json\/wp\/v2\/categories?post=750"},{"taxonomy":"post_tag","embeddable":true,"href":"https:\/\/www.enorsai.com\/noticias\/wp-json\/wp\/v2\/tags?post=750"}],"curies":[{"name":"wp","href":"https:\/\/api.w.org\/{rel}","templated":true}]}}