{"id":7490,"date":"2025-08-13T10:15:26","date_gmt":"2025-08-13T13:15:26","guid":{"rendered":"https:\/\/www.enorsai.com\/noticias\/?p=7490"},"modified":"2025-08-13T10:15:26","modified_gmt":"2025-08-13T13:15:26","slug":"lo-ultimo-la-entrega-de-las-acciones-de-ypf-seria-un-suicidio-politico-claves-del-fallo-en-ee-uu-y-la-defensa-de-la-soberania-energetica","status":"publish","type":"post","link":"https:\/\/www.enorsai.com\/noticias\/politica\/lo-ultimo-la-entrega-de-las-acciones-de-ypf-seria-un-suicidio-politico-claves-del-fallo-en-ee-uu-y-la-defensa-de-la-soberania-energetica\/","title":{"rendered":"LO \u00daLTIMO: La entrega de las acciones de YPF ser\u00eda un suicidio pol\u00edtico \u2013 claves del fallo en EE.UU. y la defensa de la soberan\u00eda energ\u00e9tica"},"content":{"rendered":"\n<p>13 de agosto de 2025 | Por Redacci\u00f3n Enorsai<\/p>\n\n\n\n<figure class=\"wp-block-image\"><img decoding=\"async\" src=\"https:\/\/tuservidor.com\/imagenes\/ypf-acciones-fallo-eeuu-soberania-2025.jpg\" alt=\"Acciones YPF fallo Nueva York soberan\u00eda energ\u00e9tica\"\/><figcaption class=\"wp-element-caption\">El futuro de la soberan\u00eda energ\u00e9tica argentina vuelve a estar en debate tras el fallo en EE.UU. sobre YPF. Entregar el 51% ser\u00eda, seg\u00fan expertos, \u201cpol\u00edticamente suicida e inaceptable\u201d.<\/figcaption><\/figure>\n\n\n\n<h2 class=\"wp-block-heading\">El fallo Preska: tres escenarios y una advertencia clave<\/h2>\n\n\n\n<p>Tras la sentencia inicial de la jueza Loretta Preska en Nueva York, que obliga a la Argentina a pagar USD16.000 millones y entregar el 51% de las acciones de YPF, el economista Sebasti\u00e1n Mar\u00edn remarca que <strong>entregar esas acciones no es una opci\u00f3n real<\/strong>: \u201cSer\u00eda un suicidio pol\u00edtico para cualquier funcionario argentino que lo proponga y para cualquier Congreso que lo apruebe\u201d. Argentina apela y busca la suspensi\u00f3n del fallo mientras avanza el proceso.<\/p>\n\n\n\n<p><strong>Los posibles escenarios son:<\/strong><\/p>\n\n\n\n<ul class=\"wp-block-list\">\n<li>La suspensi\u00f3n del plazo de entrega de las acciones mientras Argentina apela.<\/li>\n\n\n\n<li>La aceptaci\u00f3n de que Argentina apele sin entregar nada \u201cen garant\u00eda\u201d.<\/li>\n\n\n\n<li>Que la Corte exija un \u201ccolateral\u201d alternativo mientras dure la apelaci\u00f3n (alg\u00fan tipo de garant\u00eda).<\/li>\n<\/ul>\n\n\n\n<p>La audiencia por la apelaci\u00f3n principal ser\u00e1 la semana del 27 de octubre, y no se esperan novedades definitivas hasta 2026[1][2][3]. <\/p>\n\n\n\n<figure class=\"wp-block-embed is-type-wp-embed is-provider-incrustado wp-block-embed-incrustado\"><div class=\"wp-block-embed__wrapper\">\n<blockquote class=\"wp-embedded-content\" data-secret=\"arQFmDTlhH\"><a href=\"https:\/\/www.enorsai.com\/noticias\/politica\/kicillof-denuncio-el-fallo-de-la-jueza-preska-como-un-disparate-juridico-y-apunto-contra-javier-milei-por-alinearse-con-intereses-extranjeros\/\">Kicillof denunci\u00f3 el fallo de la jueza Preska como un \u201cdisparate jur\u00eddico\u201d y apunt\u00f3 contra Javier Milei por alinearse con intereses extranjeros<\/a><\/blockquote><iframe loading=\"lazy\" class=\"wp-embedded-content\" sandbox=\"allow-scripts\" security=\"restricted\" style=\"position: absolute; visibility: hidden;\" title=\"\u00abKicillof denunci\u00f3 el fallo de la jueza Preska como un \u201cdisparate jur\u00eddico\u201d y apunt\u00f3 contra Javier Milei por alinearse con intereses extranjeros\u00bb \u2014 \" src=\"https:\/\/www.enorsai.com\/noticias\/politica\/kicillof-denuncio-el-fallo-de-la-jueza-preska-como-un-disparate-juridico-y-apunto-contra-javier-milei-por-alinearse-con-intereses-extranjeros\/embed\/#?secret=fpUcHs2Dst#?secret=arQFmDTlhH\" data-secret=\"arQFmDTlhH\" width=\"600\" height=\"338\" frameborder=\"0\" marginwidth=\"0\" marginheight=\"0\" scrolling=\"no\"><\/iframe>\n<\/div><\/figure>\n\n\n\n<h2 class=\"wp-block-heading\">No se discute la estatizaci\u00f3n: defensa de la soberan\u00eda energ\u00e9tica<\/h2>\n\n\n\n<p>Ni el actual proceso judicial ni los medios internacionales han puesto realmente en jaque la decisi\u00f3n soberana de Argentina de estatizar el 51% de YPF. La propia explicaci\u00f3n del economista entrevistado es clara: <strong>el fallo discute la \u201cpromesa\u201d incumplida a inversores bajo las reglas de Wall Street, pero no cuestiona ni la legitimidad ni la legalidad de la expropiaci\u00f3n como pol\u00edtica de Estado<\/strong>.<\/p>\n\n\n\n<p>El reclamo internacional es, fundamentalmente, sobre el mecanismo de compensaci\u00f3n acordado en los a\u00f1os 90 \u2013no sobre el derecho del pa\u00eds a decidir sobre sus recursos estrat\u00e9gicos\u2013. En sentido contrario, entregar la mayor\u00eda accionaria de YPF ser\u00eda abrir la puerta a la p\u00e9rdida de soberan\u00eda y al debilitamiento de la capacidad estatal para controlar el desarrollo energ\u00e9tico nacional.<\/p>\n\n\n\n<p><strong>Enorsai sostiene firmemente la defensa de la estatizaci\u00f3n y la soberan\u00eda argentina sobre YPF<\/strong>, proceso impulsado por Cristina Kirchner y Axel Kicillof, que permiti\u00f3 recuperar el control estrat\u00e9gico de hidrocarburos en manos del Estado y sus ciudadanos. <\/p>\n\n\n\n<figure class=\"wp-block-embed is-type-wp-embed is-provider-incrustado wp-block-embed-incrustado\"><div class=\"wp-block-embed__wrapper\">\n<blockquote class=\"wp-embedded-content\" data-secret=\"qct3XLlG2W\"><a href=\"https:\/\/www.enorsai.com\/noticias\/politica\/el-verdadero-premio-por-condenar-a-cristina-iguacel-se-queda-con-pozos-millonarios-sin-poner-un-peso\/\">El verdadero premio por condenar a Cristina: Iguacel se queda con pozos millonarios sin poner un peso<\/a><\/blockquote><iframe loading=\"lazy\" class=\"wp-embedded-content\" sandbox=\"allow-scripts\" security=\"restricted\" style=\"position: absolute; visibility: hidden;\" title=\"\u00abEl verdadero premio por condenar a Cristina: Iguacel se queda con pozos millonarios sin poner un peso\u00bb \u2014 \" src=\"https:\/\/www.enorsai.com\/noticias\/politica\/el-verdadero-premio-por-condenar-a-cristina-iguacel-se-queda-con-pozos-millonarios-sin-poner-un-peso\/embed\/#?secret=vNRGLQwF6D#?secret=qct3XLlG2W\" data-secret=\"qct3XLlG2W\" width=\"600\" height=\"338\" frameborder=\"0\" marginwidth=\"0\" marginheight=\"0\" scrolling=\"no\"><\/iframe>\n<\/div><\/figure>\n\n\n\n<h2 class=\"wp-block-heading\">\u00bfCu\u00e1l es el argumento de fondo y qu\u00e9 sucede con la apelaci\u00f3n?<\/h2>\n\n\n\n<p>El fallo Preska se basa en la supuesta violaci\u00f3n de las condiciones aceptadas por Argentina cuando privatiz\u00f3 y luego volvi\u00f3 a estatizar YPF: la falta de compensaci\u00f3n inmediata a todos los accionistas minoritarios. Para los tribunales estadounidenses, \u201cno cumplir es faltar a la palabra dada en los contratos internacionales\u201d, m\u00e1s all\u00e1 del debate sobre soberan\u00eda.<\/p>\n\n\n\n<p>Sin embargo, existen posibilidades reales de reducir el monto final en la apelaci\u00f3n, especialmente si la Corte de Nueva York discute los criterios de c\u00e1lculo de los USD16.000 millones, y si se acepta que la legislaci\u00f3n argentina y las leyes aprobadas por el Congreso (incluida la que recuper\u00f3 para el Estado la mayor\u00eda de YPF) s\u00ed tienen peso institucional leg\u00edtimo frente a inversores extranjeros[2][3].<\/p>\n\n\n\n<h2 class=\"wp-block-heading\">El \u201cefecto domin\u00f3\u201d mundial y el valor del precedente argentino<\/h2>\n\n\n\n<p>Mar\u00edn advierte que un fallo favorable y final para Argentina consolidar\u00eda el principio de que los Estados pueden, como Alemania, Noruega o Brasil, recuperar el control de empresas estrat\u00e9gicas sin perder la confianza de los mercados internacionales siempre que compensen \u2013en tiempo y forma\u2013 a los accionistas. Si la Corte fallase contrario, el precedente ser\u00eda grave para cualquier pa\u00eds que quiera controlar sus empresas p\u00fablicas cotizadas en Nueva York.<\/p>\n\n\n\n<h3 class=\"wp-block-heading\">Fuentes period\u00edsticas y oficiales recomendadas para ampliar y respaldar<\/h3>\n\n\n\n<ul class=\"wp-block-list\">\n<li><a href=\"https:\/\/www.pagina12.com.ar\/841103-ypf-fallo-preska-soberania-energetica\" target=\"_blank\" rel=\"noreferrer noopener\">P\u00e1gina\/12 \u2013 YPF, fallo Preska y el valor de la soberan\u00eda energ\u00e9tica<\/a><\/li>\n\n\n\n<li><a href=\"https:\/\/www.telam.com.ar\/notas\/202508\/653420-fallo-ypf-apelacion-acciones.html\" target=\"_blank\" rel=\"noreferrer noopener\">T\u00e9lam \u2013 Fallo y apelaci\u00f3n por el 51% de YPF<\/a><\/li>\n\n\n\n<li><a href=\"https:\/\/www.ambito.com\/economia\/ypf\/\" target=\"_blank\" rel=\"noreferrer noopener\">\u00c1mbito \u2013 Especial YPF, detalles del caso<\/a><\/li>\n\n\n\n<li><a href=\"https:\/\/www.lanacion.com.ar\/economia\/energia\/fallo-pesos-ypf-apelacion-eeuu-nid11082025\/\" target=\"_blank\" rel=\"noreferrer noopener\">La Naci\u00f3n \u2013 Qu\u00e9 pasa con el fallo de YPF y las acciones<\/a><\/li>\n\n\n\n<li><a href=\"https:\/\/www.ypf.com\/institucional\/Paginas\/accionariado.aspx\" target=\"_blank\" rel=\"noreferrer noopener\">YPF \u2013 Historia y estructura accionaria<\/a><\/li>\n<\/ul>\n\n\n\n<p>Fuente: Boing Radio Rosario \u2013 Noticias de actualidad | Entrevista a Sebasti\u00e1n Mar\u00edn, economista | Relevamiento Enorsai con enlaces a medios reconocidos y fuentes oficiales y proestatalistas.<\/p>\n","protected":false},"excerpt":{"rendered":"<p>Tras el fallo de la jueza Preska, expertos descartan que Argentina entregue el 51% de YPF: ser\u00eda un suicidio pol\u00edtico y una traici\u00f3n a la soberan\u00eda energ\u00e9tica. La apelaci\u00f3n contin\u00faa y Enorsai reafirma su defensa de la estatizaci\u00f3n y el rol protag\u00f3nico del Estado en recursos estrat\u00e9gicos.<\/p>\n","protected":false},"author":5,"featured_media":7491,"comment_status":"open","ping_status":"open","sticky":false,"template":"","format":"standard","meta":{"_monsterinsights_skip_tracking":false,"_monsterinsights_sitenote_active":false,"_monsterinsights_sitenote_note":"","_monsterinsights_sitenote_category":0,"footnotes":"","jetpack_publicize_message":"","jetpack_publicize_feature_enabled":true,"jetpack_social_post_already_shared":true,"jetpack_social_options":{"image_generator_settings":{"template":"highway","default_image_id":0,"font":"","enabled":false},"version":2}},"categories":[3,2],"tags":[1224,2978,2983,2961,2976,235,2984,2980,2979,2977,2975,104,2981,671,2982,2974,411],"class_list":["post-7490","post","type-post","status-publish","format-standard","has-post-thumbnail","hentry","category-economia","category-politica","tag-acciones","tag-apelacion-ypf","tag-compensacion-accionistas","tag-corrupcion-libertaria","tag-corte-de-nueva-york","tag-cristina-kirchner","tag-derecho-internacional","tag-energia-argentina","tag-enorsai","tag-estatizacion-ypf","tag-fallo-preska","tag-kicillof","tag-pago-deuda","tag-privatizacion","tag-recursos-estrategicos","tag-soberania-energetica","tag-ypf"],"jetpack_publicize_connections":[],"_links":{"self":[{"href":"https:\/\/www.enorsai.com\/noticias\/wp-json\/wp\/v2\/posts\/7490","targetHints":{"allow":["GET"]}}],"collection":[{"href":"https:\/\/www.enorsai.com\/noticias\/wp-json\/wp\/v2\/posts"}],"about":[{"href":"https:\/\/www.enorsai.com\/noticias\/wp-json\/wp\/v2\/types\/post"}],"author":[{"embeddable":true,"href":"https:\/\/www.enorsai.com\/noticias\/wp-json\/wp\/v2\/users\/5"}],"replies":[{"embeddable":true,"href":"https:\/\/www.enorsai.com\/noticias\/wp-json\/wp\/v2\/comments?post=7490"}],"version-history":[{"count":1,"href":"https:\/\/www.enorsai.com\/noticias\/wp-json\/wp\/v2\/posts\/7490\/revisions"}],"predecessor-version":[{"id":7492,"href":"https:\/\/www.enorsai.com\/noticias\/wp-json\/wp\/v2\/posts\/7490\/revisions\/7492"}],"wp:featuredmedia":[{"embeddable":true,"href":"https:\/\/www.enorsai.com\/noticias\/wp-json\/wp\/v2\/media\/7491"}],"wp:attachment":[{"href":"https:\/\/www.enorsai.com\/noticias\/wp-json\/wp\/v2\/media?parent=7490"}],"wp:term":[{"taxonomy":"category","embeddable":true,"href":"https:\/\/www.enorsai.com\/noticias\/wp-json\/wp\/v2\/categories?post=7490"},{"taxonomy":"post_tag","embeddable":true,"href":"https:\/\/www.enorsai.com\/noticias\/wp-json\/wp\/v2\/tags?post=7490"}],"curies":[{"name":"wp","href":"https:\/\/api.w.org\/{rel}","templated":true}]}}