{"id":7478,"date":"2025-08-12T18:58:14","date_gmt":"2025-08-12T21:58:14","guid":{"rendered":"https:\/\/www.enorsai.com\/noticias\/?p=7478"},"modified":"2025-08-12T18:58:14","modified_gmt":"2025-08-12T21:58:14","slug":"el-sello-libertario-crece-la-informalidad-caen-los-empleos-y-el-gobierno-silencia-la-crisis-laboral-en-argentina","status":"publish","type":"post","link":"https:\/\/www.enorsai.com\/noticias\/politica\/el-sello-libertario-crece-la-informalidad-caen-los-empleos-y-el-gobierno-silencia-la-crisis-laboral-en-argentina\/","title":{"rendered":"El sello libertario: crece la informalidad, caen los empleos y el gobierno silencia la crisis laboral en Argentina"},"content":{"rendered":"\n<p>12 de agosto de 2025 | Por Redacci\u00f3n Enorsai<\/p>\n\n\n\n<figure class=\"wp-block-image\"><img decoding=\"async\" src=\"https:\/\/tuservidor.com\/imagenes\/empleo-informalidad-gestion-libertaria-2025.jpg\" alt=\"Crisis laboral y crecimiento de la informalidad bajo el gobierno libertario\"\/><figcaption class=\"wp-element-caption\">Crece la informalidad y la amenaza de despidos en pymes mientras el discurso oficial ignora el drama del empleo argentino.<\/figcaption><\/figure>\n\n\n\n<h2 class=\"wp-block-heading\">Un modelo de informalidad y precarizaci\u00f3n laboral en ascenso<\/h2>\n\n\n\n<p>El informe de <strong>C5N \u2013 El Diario<\/strong> revel\u00f3 que el <strong>45% de las PyMEs argentinas percibe una amenaza directa por la competencia de importaciones<\/strong>, lo que lleva a despidos, suspensiones y p\u00e9rdida de puestos de trabajo registrados. Estos n\u00fameros coinciden con estudios del <a href=\"https:\/\/www.fundacionobservatoriopyme.org.ar\/\" target=\"_blank\" rel=\"noreferrer noopener\">Observatorio Pyme<\/a> y <a href=\"https:\/\/www.indec.gob.ar\/indec\/web\/Nivel4-Tema-4-24-76\" target=\"_blank\" rel=\"noreferrer noopener\">INDEC<\/a> que muestran una escalada r\u00e9cord de la informalidad y el empleo no registrado en el segundo semestre de 2025.<\/p>\n\n\n\n<p>La apertura de importaciones, la ca\u00edda del poder adquisitivo y la falta de controles a productos extranjeros explican la crisis en sectores clave: industria textil, alimentos, metalmec\u00e1nica y calzado, donde la <strong>destrucci\u00f3n de empleo registrado es compensada por trabajo informal, peor pago y sin derechos<\/strong>.<\/p>\n\n\n\n<figure class=\"wp-block-embed is-type-wp-embed is-provider-incrustado wp-block-embed-incrustado\"><div class=\"wp-block-embed__wrapper\">\n<blockquote class=\"wp-embedded-content\" data-secret=\"y4wBC7rcz7\"><a href=\"https:\/\/www.enorsai.com\/noticias\/politica\/informe-pyme-1-de-cada-3-empresas-perdio-mercado-por-importaciones-y-el-empleo-industrial-cae-por-noveno-trimestre-consecutivo\/\">Informe Pyme: 1 de cada 3 empresas perdi\u00f3 mercado por importaciones y el empleo industrial cae por noveno trimestre consecutivo<\/a><\/blockquote><iframe loading=\"lazy\" class=\"wp-embedded-content\" sandbox=\"allow-scripts\" security=\"restricted\" style=\"position: absolute; visibility: hidden;\" title=\"\u00abInforme Pyme: 1 de cada 3 empresas perdi\u00f3 mercado por importaciones y el empleo industrial cae por noveno trimestre consecutivo\u00bb \u2014 \" src=\"https:\/\/www.enorsai.com\/noticias\/politica\/informe-pyme-1-de-cada-3-empresas-perdio-mercado-por-importaciones-y-el-empleo-industrial-cae-por-noveno-trimestre-consecutivo\/embed\/#?secret=yj8q7YzILj#?secret=y4wBC7rcz7\" data-secret=\"y4wBC7rcz7\" width=\"600\" height=\"338\" frameborder=\"0\" marginwidth=\"0\" marginheight=\"0\" scrolling=\"no\"><\/iframe>\n<\/div><\/figure>\n\n\n\n<h2 class=\"wp-block-heading\">Un gobierno que disciplina por el miedo al desempleo<\/h2>\n\n\n\n<p>Voces oficialistas y legisladores como Lilia Lemoine sostienen que quienes eligen carreras largas y esenciales \u2013como Medicina\u2013 \u00absab\u00edan a qu\u00e9 atenerse\u00bb, relativizando la crisis salarial y la emigraci\u00f3n de profesionales. El trasfondo: <strong>el Ejecutivo busca \u00abdisciplinar\u00bb al mercado laboral<\/strong> elevando el desempleo y dificultando la negociaci\u00f3n salarial.<br>Cuando el trabajo escasea, bajan las chances de que un trabajador pueda reclamar por un aumento real o mejores condiciones: el temor al reemplazo se impone. Este diagn\u00f3stico se alinea con las prioridades libertarias: estabilidad macro, deuda y tasas, por encima de la creaci\u00f3n de empleo real y el fortalecimiento del salario.<\/p>\n\n\n\n<h2 class=\"wp-block-heading\">El trabajo y la econom\u00eda real, ausentes del discurso de Milei<\/h2>\n\n\n\n<p>El gobierno ha hecho lo imposible por volver \u00abinvisible\u00bb el drama laboral:<\/p>\n\n\n\n<ul class=\"wp-block-list\">\n<li>Cero referencias al empleo y la actividad productiva en la mayor\u00eda de los mensajes presidenciales.<\/li>\n\n\n\n<li>La econom\u00eda real \u2013empleo, salarios, condiciones laborales\u2013 queda fuera del foco, mientras el modelo privilegia la especulaci\u00f3n financiera, el ajuste y la bicicleta.<\/li>\n<\/ul>\n\n\n\n<p>El resultado: <strong>aumenta la desigualdad y el riesgo social<\/strong>, mientras la agenda pol\u00edtica se centra en disciplinar a la sociedad y minimizar el debate sobre creaci\u00f3n de empleo digno.<\/p>\n\n\n\n<figure class=\"wp-block-embed is-type-wp-embed is-provider-incrustado wp-block-embed-incrustado\"><div class=\"wp-block-embed__wrapper\">\n<blockquote class=\"wp-embedded-content\" data-secret=\"XbKxQFOkxp\"><a href=\"https:\/\/www.enorsai.com\/noticias\/politica\/batakis-denuncia-que-milei-destruye-la-matriz-productiva-y-anuncia-plan-bonaerense-para-recuperar-1-000-viviendas-abandonadas\/\">Batakis denuncia que Milei \u201cdestruye la matriz productiva\u201d y anuncia plan bonaerense para recuperar 1.000 viviendas abandonadas<\/a><\/blockquote><iframe loading=\"lazy\" class=\"wp-embedded-content\" sandbox=\"allow-scripts\" security=\"restricted\" style=\"position: absolute; visibility: hidden;\" title=\"\u00abBatakis denuncia que Milei \u201cdestruye la matriz productiva\u201d y anuncia plan bonaerense para recuperar 1.000 viviendas abandonadas\u00bb \u2014 \" src=\"https:\/\/www.enorsai.com\/noticias\/politica\/batakis-denuncia-que-milei-destruye-la-matriz-productiva-y-anuncia-plan-bonaerense-para-recuperar-1-000-viviendas-abandonadas\/embed\/#?secret=Z4a8dABCZG#?secret=XbKxQFOkxp\" data-secret=\"XbKxQFOkxp\" width=\"600\" height=\"338\" frameborder=\"0\" marginwidth=\"0\" marginheight=\"0\" scrolling=\"no\"><\/iframe>\n<\/div><\/figure>\n\n\n\n<h2 class=\"wp-block-heading\">Testimonios: el empleo, cada vez m\u00e1s un privilegio<\/h2>\n\n\n\n<p>El informe cierra con voces de ciudadanos buscando trabajo de forma infructuosa, en un mercado laboral \u00abchico\u201d y \u201cachicado\u00bb: los argentinos ya no discuten sue\u00f1os ni aspiraciones sino apenas sobrevivir. La sociedad debate si conformarse con la falta de empleo o resistir un modelo que privilegia la \u00abaventura personal\u00bb de unos pocos por sobre salarios dignos y el acceso al trabajo de calidad.<\/p>\n\n\n\n<h3 class=\"wp-block-heading\">Fuentes confiables recomendadas<\/h3>\n\n\n\n<ul class=\"wp-block-list\">\n<li><a href=\"https:\/\/www.fundacionobservatoriopyme.org.ar\/\" target=\"_blank\" rel=\"noreferrer noopener\">Fundaci\u00f3n Observatorio Pyme \u2013 Informes de empleo y mercado PyME<\/a><\/li>\n\n\n\n<li><a href=\"https:\/\/www.indec.gob.ar\/indec\/web\/Nivel4-Tema-4-24-76\" target=\"_blank\" rel=\"noreferrer noopener\">INDEC \u2013 Estad\u00edsticas de empleo informal y registrado<\/a><\/li>\n\n\n\n<li><a href=\"https:\/\/www.pagina12.com.ar\/848142-informalidad-crece-gestion-milei\" target=\"_blank\" rel=\"noreferrer noopener\">P\u00e1gina\/12 \u2013 El fen\u00f3meno de la informalidad laboral<\/a><\/li>\n\n\n\n<li><a href=\"https:\/\/www.lanacion.com.ar\/economia\/la-informalidad-y-el-desempleo-suben-en-el-segundo-semestre-nid11082025\/\" target=\"_blank\" rel=\"noreferrer noopener\">La Naci\u00f3n \u2013 La evoluci\u00f3n del desempleo y los salarios en 2025<\/a><\/li>\n<\/ul>\n\n\n\n<p>Fuente: C5N \u2013 El Diario | Entrevistas y testimonios en informe TV | Relevamiento Enorsai con links a medios de alto posicionamiento.<\/p>\n","protected":false},"excerpt":{"rendered":"<p>Con el 45% de las PyMEs amenazadas por importaciones, la informalidad laboral bate r\u00e9cords y el gobierno prioriza la especulaci\u00f3n sobre el trabajo real. Testimonios revelan un mercado laboral cada vez m\u00e1s chico y precario, mientras la econom\u00eda productiva queda fuera del discurso oficial.<\/p>\n","protected":false},"author":5,"featured_media":7479,"comment_status":"open","ping_status":"open","sticky":false,"template":"","format":"standard","meta":{"_monsterinsights_skip_tracking":false,"_monsterinsights_sitenote_active":false,"_monsterinsights_sitenote_note":"","_monsterinsights_sitenote_category":0,"footnotes":"","jetpack_publicize_message":"\u26a0\ufe0f Crece la informalidad y caen los empleos: la gesti\u00f3n libertaria silencia la crisis laboral en Argentina","jetpack_publicize_feature_enabled":true,"jetpack_social_post_already_shared":false,"jetpack_social_options":{"image_generator_settings":{"template":"highway","default_image_id":0,"font":"","enabled":false},"version":2}},"categories":[2],"tags":[257,2951,193,2954,2950,32,2956,936,549,1499,2955,2953,45,59,301,263,2952],"class_list":["post-7478","post","type-post","status-publish","format-standard","has-post-thumbnail","hentry","category-politica","tag-congreso","tag-desempleo-argentina","tag-despidos","tag-disciplina-laboral","tag-economia-real","tag-empleo","tag-gestion-libertaria","tag-importaciones","tag-indec","tag-informalidad","tag-lilia-lemoine","tag-mercado-laboral","tag-milei","tag-precarizacion","tag-pymes","tag-salarios","tag-testimonios"],"jetpack_publicize_connections":[],"_links":{"self":[{"href":"https:\/\/www.enorsai.com\/noticias\/wp-json\/wp\/v2\/posts\/7478","targetHints":{"allow":["GET"]}}],"collection":[{"href":"https:\/\/www.enorsai.com\/noticias\/wp-json\/wp\/v2\/posts"}],"about":[{"href":"https:\/\/www.enorsai.com\/noticias\/wp-json\/wp\/v2\/types\/post"}],"author":[{"embeddable":true,"href":"https:\/\/www.enorsai.com\/noticias\/wp-json\/wp\/v2\/users\/5"}],"replies":[{"embeddable":true,"href":"https:\/\/www.enorsai.com\/noticias\/wp-json\/wp\/v2\/comments?post=7478"}],"version-history":[{"count":1,"href":"https:\/\/www.enorsai.com\/noticias\/wp-json\/wp\/v2\/posts\/7478\/revisions"}],"predecessor-version":[{"id":7480,"href":"https:\/\/www.enorsai.com\/noticias\/wp-json\/wp\/v2\/posts\/7478\/revisions\/7480"}],"wp:featuredmedia":[{"embeddable":true,"href":"https:\/\/www.enorsai.com\/noticias\/wp-json\/wp\/v2\/media\/7479"}],"wp:attachment":[{"href":"https:\/\/www.enorsai.com\/noticias\/wp-json\/wp\/v2\/media?parent=7478"}],"wp:term":[{"taxonomy":"category","embeddable":true,"href":"https:\/\/www.enorsai.com\/noticias\/wp-json\/wp\/v2\/categories?post=7478"},{"taxonomy":"post_tag","embeddable":true,"href":"https:\/\/www.enorsai.com\/noticias\/wp-json\/wp\/v2\/tags?post=7478"}],"curies":[{"name":"wp","href":"https:\/\/api.w.org\/{rel}","templated":true}]}}