{"id":7462,"date":"2025-08-12T10:24:53","date_gmt":"2025-08-12T13:24:53","guid":{"rendered":"https:\/\/www.enorsai.com\/noticias\/?p=7462"},"modified":"2025-08-12T10:26:23","modified_gmt":"2025-08-12T13:26:23","slug":"derecho-al-cuidado-y-su-interrelacion-con-otros-derechos","status":"publish","type":"post","link":"https:\/\/www.enorsai.com\/noticias\/derechos-humanos\/derecho-al-cuidado-y-su-interrelacion-con-otros-derechos\/","title":{"rendered":"DERECHO AL CUIDADO Y SU INTERRELACI\u00d3N CON OTROS DERECHOS"},"content":{"rendered":"\n<p>La Corte Interamericana de Derechos Humanos notific\u00f3, hace unos d\u00edas, la Opini\u00f3n Consultiva 31 de 2025, en respuesta a la solicitud presentada por la Rep\u00fablica Argentina sobre el contenido y alcance del derecho al cuidado y su interrelaci\u00f3n con otros derechos. Este proceso consultivo abord\u00f3 cuestiones como el derecho a cuidar, a ser cuidado, al autocuidado, y su v\u00ednculo con la vida, la familia y los derechos econ\u00f3micos, sociales, culturales y ambientales. <\/p>\n\n\n\n<p>Con la participaci\u00f3n de m\u00e1s de 265 actores de distintas regiones, ha sido el segundo proceso m\u00e1s participativo de la Corte y el primero en el que un tribunal internacional es consultado con relaci\u00f3n al derecho al cuidado.<\/p>\n\n\n\n<iframe loading=\"lazy\" title=\"Presentaci\u00f3n OC 31: Contenido y alcance del derecho al cuidado y su interrelaci\u00f3n con otros derechos\" width=\"640\" height=\"360\" src=\"https:\/\/www.youtube.com\/embed\/yI_6Rspb_Ks?feature=oembed\" frameborder=\"0\" allow=\"accelerometer; autoplay; clipboard-write; encrypted-media; gyroscope; picture-in-picture; web-share\" referrerpolicy=\"strict-origin-when-cross-origin\" allowfullscreen><\/iframe>\n\n\n\n<p>El 20 de enero de 2023, la Rep\u00fablica de Argentina present\u00f3 ante la Corte Interamericana de Derechos Humanos una solicitud de Opini\u00f3n Consultiva sobre \u201cEl contenido y el alcance del derecho al cuidado y su interrelaci\u00f3n con otros derechos\u201d, con fundamento en el art\u00edculo 64.1 de la Convenci\u00f3n Americana sobre Derechos Humanos y conforme a los art\u00edculos 70.1 y 70.2 del Reglamento de la Corte. <\/p>\n\n\n\n<p>La Secretar\u00eda de la Corte transmiti\u00f3 la solicitud a los Estados miembros de la OEA y a otros \u00f3rganos pertinentes, e invit\u00f3 a personas y organizaciones interesadas a presentar observaciones escritas. En total se recibieron 129 escritos provenientes de 267 actores, incluyendo Estados, organismos internacionales, instituciones estatales, comunidades, organizaciones de la sociedad civil, instituciones acad\u00e9micas y personas a t\u00edtulo individual. <\/p>\n\n\n\n<p>Concluido el procedimiento escrito, se celebr\u00f3 una audiencia p\u00fablica en la sede de la Corte interamericana de Derechos Humanos en San Jos\u00e9, Costa Rica, los d\u00edas 12, 13 y 14 de marzo de 2024. En total, comparecieron ante la Corte 67 delegaciones. La Opini\u00f3n Consultiva fue deliberada por las juezas y jueces de la Corte durante sus sesiones de abril,  mayo y junio de 2025, y fue adoptada el 12 de junio de 2025. Finalmente, la Opini\u00f3n Consultiva 31 de 2025 fue notificada el 07 de agosto de 2025. <\/p>\n\n\n\n<figure class=\"wp-block-image size-full\"><img loading=\"lazy\" decoding=\"async\" width=\"1080\" height=\"1315\" src=\"https:\/\/www.enorsai.com\/noticias\/wp-content\/uploads\/2025\/08\/Screenshot_20250812-0955132.jpg\" alt=\"\" class=\"wp-image-7470\" \/><\/figure>\n\n\n\n<p>Desde la Asociaci\u00f3n Civil Liderar Mujer reivindican que \u00abCuidar es producir\u00bb y que \u00abCuidar es sostener la vida\u00bb y lo sostienen con su publicaci\u00f3n en redes en la que postean<\/p>\n\n\n\n<p>\u00abCuidar es producir. Cuidar es sostener la vida. Millones de mujeres y diversidades sostienen la econom\u00eda invisible que hace posible todo lo dem\u00e1s: el trabajo de cuidados. Hoy celebramos con alegr\u00eda la Opini\u00f3n Consultiva 31\/25 de la Corte Interamericana de Derechos Humanos, que reconoce y refuerza la importancia de garantizar el derecho al cuidado en igualdad. Sin pol\u00edticas p\u00fablicas que reconozcan, redistribuyan y remuneren estas tareas, el techo de cristal seguir\u00e1 impidiendo que podamos crecer y el piso pegajoso continuar\u00e1 atrap\u00e1ndonos en la desigualdad. Es hora de poner el cuidado en el centro de la agenda. Sumate a la lucha por la justicia de cuidados. www.liderarmujer.org.ar\u00bb<\/p>\n\n\n\n<figure class=\"wp-block-image size-full\"><img loading=\"lazy\" decoding=\"async\" width=\"1080\" height=\"1299\" src=\"https:\/\/www.enorsai.com\/noticias\/wp-content\/uploads\/2025\/08\/Screenshot_20250812-0955422.jpg\" alt=\"\" class=\"wp-image-7471\" \/><\/figure>\n\n\n\n<p><\/p>\n","protected":false},"excerpt":{"rendered":"<p>La Corte Interamericana de Derechos Humanos notific\u00f3, hace unos d\u00edas, la Opini\u00f3n Consultiva 31 de 2025, en respuesta a la solicitud presentada por la Rep\u00fablica Argentina sobre el contenido y alcance del derecho al cuidado y su interrelaci\u00f3n con otros derechos. Este proceso consultivo abord\u00f3 cuestiones como el derecho a cuidar, a ser cuidado, al&#8230;<\/p>\n","protected":false},"author":15,"featured_media":0,"comment_status":"open","ping_status":"open","sticky":false,"template":"","format":"standard","meta":{"_monsterinsights_skip_tracking":false,"_monsterinsights_sitenote_active":false,"_monsterinsights_sitenote_note":"","_monsterinsights_sitenote_category":0,"footnotes":"","jetpack_publicize_message":"","jetpack_publicize_feature_enabled":true,"jetpack_social_post_already_shared":true,"jetpack_social_options":{"image_generator_settings":{"template":"highway","default_image_id":0,"font":"","enabled":false},"version":2}},"categories":[1908],"tags":[432],"class_list":["post-7462","post","type-post","status-publish","format-standard","hentry","category-derechos-humanos","tag-ddhh"],"jetpack_publicize_connections":[],"_links":{"self":[{"href":"https:\/\/www.enorsai.com\/noticias\/wp-json\/wp\/v2\/posts\/7462","targetHints":{"allow":["GET"]}}],"collection":[{"href":"https:\/\/www.enorsai.com\/noticias\/wp-json\/wp\/v2\/posts"}],"about":[{"href":"https:\/\/www.enorsai.com\/noticias\/wp-json\/wp\/v2\/types\/post"}],"author":[{"embeddable":true,"href":"https:\/\/www.enorsai.com\/noticias\/wp-json\/wp\/v2\/users\/15"}],"replies":[{"embeddable":true,"href":"https:\/\/www.enorsai.com\/noticias\/wp-json\/wp\/v2\/comments?post=7462"}],"version-history":[{"count":5,"href":"https:\/\/www.enorsai.com\/noticias\/wp-json\/wp\/v2\/posts\/7462\/revisions"}],"predecessor-version":[{"id":7474,"href":"https:\/\/www.enorsai.com\/noticias\/wp-json\/wp\/v2\/posts\/7462\/revisions\/7474"}],"wp:attachment":[{"href":"https:\/\/www.enorsai.com\/noticias\/wp-json\/wp\/v2\/media?parent=7462"}],"wp:term":[{"taxonomy":"category","embeddable":true,"href":"https:\/\/www.enorsai.com\/noticias\/wp-json\/wp\/v2\/categories?post=7462"},{"taxonomy":"post_tag","embeddable":true,"href":"https:\/\/www.enorsai.com\/noticias\/wp-json\/wp\/v2\/tags?post=7462"}],"curies":[{"name":"wp","href":"https:\/\/api.w.org\/{rel}","templated":true}]}}