{"id":7444,"date":"2025-08-12T06:01:56","date_gmt":"2025-08-12T09:01:56","guid":{"rendered":"https:\/\/www.enorsai.com\/noticias\/?p=7444"},"modified":"2025-08-15T18:52:41","modified_gmt":"2025-08-15T21:52:41","slug":"olmedo-el-libertarios-que-acumula-deudas-fiscales-y-bancarias-millonarias-mientras-predica-la-cultura-del-trabajo","status":"publish","type":"post","link":"https:\/\/www.enorsai.com\/noticias\/politica\/olmedo-el-libertarios-que-acumula-deudas-fiscales-y-bancarias-millonarias-mientras-predica-la-cultura-del-trabajo\/","title":{"rendered":"Olmedo: el libertario que acumula deudas fiscales y bancarias millonarias mientras predica la \u00abcultura del trabajo\u00bb"},"content":{"rendered":"\n<p><strong><em>Due\u00f1o de un avi\u00f3n utilizado por Javier Milei, con embargos millonarios y denuncias por explotaci\u00f3n laboral, Olmedo encarna la contradicci\u00f3n entre el discurso de la \u201ccultura del trabajo\u201d y la pr\u00e1ctica de evadir impuestos y beneficiarse del aparato pol\u00edtico.<\/em><\/strong><\/p>\n\n\n\n<p>En la Argentina de Javier Milei, donde el gobierno se presenta como el adalid de la meritocracia y el l\u00e1tigo contra \u201clos vagos\u201d que viven del Estado, hay personajes que parecen vivir en un universo paralelo. Alfredo Olmedo, el pol\u00edtico salte\u00f1o conocido por su campera amarilla y su muletilla \u201c\u00a1agarren la pala!\u201d, es uno de ellos. Con un prontuario financiero que har\u00eda sonrojar a cualquier contribuyente com\u00fan, Olmedo no solo mantiene intacta su presencia medi\u00e1tica sino que ahora aspira a una banca en el Senado por La Libertad Avanza.<\/p>\n\n\n\n<p>Seg\u00fan datos oficiales, su deuda con el fisco supera los 21 millones de pesos solo en concepto de impuesto a las ganancias y cargas personales. A eso se le suma un embargo estatal por 35 millones de pesos, dictaminado por la propia Corte Suprema de Justicia de la Naci\u00f3n, que detalla con precisi\u00f3n quir\u00fargica las sumas reclamadas: m\u00e1s de 30 millones de capital y otros 4,5 millones en intereses y costas. Sin embargo, el hombre de la campera amarilla parece impermeable a cualquier presi\u00f3n judicial o moral.<\/p>\n\n\n\n<figure class=\"wp-block-image size-full\"><img loading=\"lazy\" decoding=\"async\" width=\"1640\" height=\"924\" src=\"https:\/\/www.enorsai.com\/noticias\/wp-content\/uploads\/2025\/08\/EnOrsai-2025-08-12T054737.180.png\" alt=\"\" class=\"wp-image-7447\"\/><\/figure>\n\n\n\n<p>El historial no termina ah\u00ed. De acuerdo con el ARCA, Olmedo se encuentra en la categor\u00eda m\u00e1s baja de calificaci\u00f3n crediticia: riesgo E. En el Banco Central figura como deudor del sistema financiero, con compromisos impagos en varias entidades: Banco Macro, Banco Masventas, Banco Patagonia y Banco Naci\u00f3n. Con uno solo de ellos \u2014Macro\u2014 la deuda trepa a la escandalosa cifra de 604 millones de pesos. Un r\u00e9cord para cualquiera, pero no para quien, desde los sets de televisi\u00f3n, pide sin sonrojarse que \u201ca los que no trabajan se les corte el chorro\u201d.<\/p>\n\n\n\n<p>El contraste entre su pr\u00e9dica y su pr\u00e1ctica es obsceno. Olmedo repite como un mantra que el pa\u00eds se salva \u201ctrabajando\u201d y que hay que \u201cagarrar la pala\u201d, mientras \u00e9l mismo evade obligaciones b\u00e1sicas para cualquier ciudadano: pagar impuestos y cumplir con las leyes laborales. Porque s\u00ed, tambi\u00e9n hay antecedentes en este \u00faltimo terreno. Fue denunciado por la UATRE, tras una inspecci\u00f3n en La Rioja junto al Ministerio de Trabajo, por someter a sus empleados a condiciones indignas: comida en el piso, ba\u00f1os tipo letrina y trabajadores durmiendo en chozas improvisadas. Escenas propias de un pasado que, se supone, la Argentina hab\u00eda dejado atr\u00e1s.<\/p>\n\n\n\n<figure class=\"wp-block-image size-full\"><img loading=\"lazy\" decoding=\"async\" width=\"1640\" height=\"924\" src=\"https:\/\/www.enorsai.com\/noticias\/wp-content\/uploads\/2025\/08\/EnOrsai-2025-08-12T054823.004.png\" alt=\"\" class=\"wp-image-7446\"\/><\/figure>\n\n\n\n<p>En el \u00e1mbito pol\u00edtico, Olmedo se mueve con soltura. Es diputado del Parlasur y mantiene una cercan\u00eda evidente con el presidente Milei. No solo comparten afinidad ideol\u00f3gica y estrategias de comunicaci\u00f3n, sino tambi\u00e9n transporte: uno de los pasajeros de su avi\u00f3n privado fue el propio Milei, trasladado desde San Fernando a Salta en vuelos que costaron casi 14 millones de pesos. Un negocio redondo para Olmedo, que alquila su aeronave a otros pol\u00edticos mientras evita pagar los impuestos correspondientes.<\/p>\n\n\n\n<p>La campa\u00f1a electoral de este a\u00f1o le dio un nuevo escenario para desplegar su estilo personal. Recibi\u00f3 29 millones de pesos de la Justicia Electoral para financiar sus actividades proselitistas en Salta, pero describi\u00f3 ese monto como \u201cun vuelto\u201d que \u201cno le sirve para nada\u201d. Decidi\u00f3 entonces entregarlo en efectivo a ciudadanos, pero no sin antes pedirles todos sus datos personales para \u2014seg\u00fan admiti\u00f3\u2014 \u201carmar una base de datos para la campa\u00f1a\u201d. Un ejercicio de populismo cash, con un curioso m\u00e9todo de fidelizaci\u00f3n: comprar apoyo con billetes aportados por el Estado. En uno de sus spots, se lo ve entregando \u201cpremios\u201d a una joven, d\u00e1ndole a elegir entre 100 d\u00f3lares o su equivalente en pesos, en un show de billetes que no disimula su intencionalidad electoral.<\/p>\n\n\n\n<p>Olmedo no es un outsider improvisado. Empresario sojero de larga trayectoria, ha buscado siempre un lugar en la vida pol\u00edtica, con un discurso conservador y frases que rozan lo extremo. \u201cNo faltan c\u00e1rceles, sobran delincuentes\u201d, dijo alguna vez, mientras hac\u00eda un gesto de corte de cuello para explicar lo que, seg\u00fan \u00e9l, merecen los ladrones. En otra ocasi\u00f3n afirm\u00f3 que \u201cmerecemos cobrar en d\u00f3lares\u201d y que \u201cun pueblo que trabaja sostiene a otro que no lo hace\u201d, posicion\u00e1ndose como un cruzado contra la \u201cvagancia\u201d que, parad\u00f3jicamente, se financia con recursos p\u00fablicos y evita cumplir sus obligaciones tributarias.<\/p>\n\n\n\n<figure class=\"wp-block-image size-full\"><img loading=\"lazy\" decoding=\"async\" width=\"1640\" height=\"924\" src=\"https:\/\/www.enorsai.com\/noticias\/wp-content\/uploads\/2025\/08\/EnOrsai-2025-08-12T055926.406.png\" alt=\"\" class=\"wp-image-7448\"\/><\/figure>\n\n\n\n<p>Su designaci\u00f3n como candidato libertario fue impulsada por Eduardo \u201cLule\u201d Menem, operador clave del entorno presidencial, en lo que parece ser un movimiento estrat\u00e9gico de La Libertad Avanza para blindar su presencia legislativa en la C\u00e1mara Alta. La elecci\u00f3n de Olmedo como figura de peso en este armado pol\u00edtico revela una contradicci\u00f3n central del mile\u00edsmo: el doble est\u00e1ndar para medir la \u201chonestidad\u201d y la \u201ccultura del trabajo\u201d cuando se trata de aliados.<\/p>\n\n\n\n<p>A pesar de las deudas, embargos y denuncias, el pol\u00edtico multideudor se mantiene imperturbable. Sabe que mientras conserve su personaje de campera amarilla, su micr\u00f3fono abierto y la bendici\u00f3n presidencial, puede seguir acumulando beneficios sin que la justicia fiscal o la indignaci\u00f3n social lo alcancen. As\u00ed, en un pa\u00eds donde el ciudadano de a pie es perseguido hasta por una factura impaga, Olmedo encarna el privilegio m\u00e1s obsceno: el de predicar con severidad lo que \u00e9l mismo nunca est\u00e1 dispuesto a cumplir.<\/p>\n\n\n\n<p><strong>Fuente:<\/strong> <a href=\"https:\/\/www.adnweb.com.ar\/politica\/otro-politico-que-no-paga-los-impuestos_a6893b1eea1dcdfaf10ded7b2\">https:\/\/www.adnweb.com.ar\/politica\/otro-politico-que-no-paga-los-impuestos_a6893b1eea1dcdfaf10ded7b2<\/a><\/p>\n\n\n","protected":false},"excerpt":{"rendered":"<p>Alfredo Olmedo, candidato libertario y referente medi\u00e1tico, acumula deudas fiscales y bancarias millonarias mientras predica la \u201ccultura del trabajo\u201d y reparte efectivo en su campa\u00f1a. Due\u00f1o de un avi\u00f3n usado por Milei y con denuncias por explotaci\u00f3n laboral, su carrera pol\u00edtica expone la doble vara del mile\u00edsmo frente a sus aliados.<\/p>\n","protected":false},"author":1,"featured_media":7445,"comment_status":"open","ping_status":"open","sticky":false,"template":"","format":"standard","meta":{"_monsterinsights_skip_tracking":false,"_monsterinsights_sitenote_active":false,"_monsterinsights_sitenote_note":"","_monsterinsights_sitenote_category":0,"footnotes":"","jetpack_publicize_message":"","jetpack_publicize_feature_enabled":true,"jetpack_social_post_already_shared":true,"jetpack_social_options":{"image_generator_settings":{"template":"highway","default_image_id":0,"font":"","enabled":false},"version":2}},"categories":[2],"tags":[2918,1438,26,1513,55,1349,45,2919,538,647],"class_list":["post-7444","post","type-post","status-publish","format-standard","has-post-thumbnail","hentry","category-politica","tag-alfredo","tag-campana","tag-deuda","tag-evasion","tag-impuestos","tag-libertario","tag-milei","tag-olmedo","tag-salta","tag-senado"],"jetpack_publicize_connections":[],"_links":{"self":[{"href":"https:\/\/www.enorsai.com\/noticias\/wp-json\/wp\/v2\/posts\/7444","targetHints":{"allow":["GET"]}}],"collection":[{"href":"https:\/\/www.enorsai.com\/noticias\/wp-json\/wp\/v2\/posts"}],"about":[{"href":"https:\/\/www.enorsai.com\/noticias\/wp-json\/wp\/v2\/types\/post"}],"author":[{"embeddable":true,"href":"https:\/\/www.enorsai.com\/noticias\/wp-json\/wp\/v2\/users\/1"}],"replies":[{"embeddable":true,"href":"https:\/\/www.enorsai.com\/noticias\/wp-json\/wp\/v2\/comments?post=7444"}],"version-history":[{"count":2,"href":"https:\/\/www.enorsai.com\/noticias\/wp-json\/wp\/v2\/posts\/7444\/revisions"}],"predecessor-version":[{"id":7452,"href":"https:\/\/www.enorsai.com\/noticias\/wp-json\/wp\/v2\/posts\/7444\/revisions\/7452"}],"wp:featuredmedia":[{"embeddable":true,"href":"https:\/\/www.enorsai.com\/noticias\/wp-json\/wp\/v2\/media\/7445"}],"wp:attachment":[{"href":"https:\/\/www.enorsai.com\/noticias\/wp-json\/wp\/v2\/media?parent=7444"}],"wp:term":[{"taxonomy":"category","embeddable":true,"href":"https:\/\/www.enorsai.com\/noticias\/wp-json\/wp\/v2\/categories?post=7444"},{"taxonomy":"post_tag","embeddable":true,"href":"https:\/\/www.enorsai.com\/noticias\/wp-json\/wp\/v2\/tags?post=7444"}],"curies":[{"name":"wp","href":"https:\/\/api.w.org\/{rel}","templated":true}]}}