{"id":7435,"date":"2025-08-11T16:35:58","date_gmt":"2025-08-11T19:35:58","guid":{"rendered":"https:\/\/www.enorsai.com\/noticias\/?p=7435"},"modified":"2025-09-07T09:00:08","modified_gmt":"2025-09-07T12:00:08","slug":"insolito-milei-defiende-su-posteo-contra-ian-moche-alegando-que-en-sus-redes-no-es-el-presidente","status":"publish","type":"post","link":"https:\/\/www.enorsai.com\/noticias\/politica\/insolito-milei-defiende-su-posteo-contra-ian-moche-alegando-que-en-sus-redes-no-es-el-presidente\/","title":{"rendered":"\u00a1Ins\u00f3lito! Milei defiende su posteo contra Ian Moche alegando que en sus redes \u201cno es el Presidente\u201d"},"content":{"rendered":"\n<p><em>El presidente present\u00f3 un ins\u00f3lito escrito judicial para defender un posteo contra un ni\u00f1o con autismo, argumentando que en sus redes \u201cno es el Presidente\u201d y que se trat\u00f3 de una \u201ccr\u00edtica privada\u201d amparada en la libertad de expresi\u00f3n.<\/em><\/p>\n\n\n\n<p>Javier Milei se niega a borrar un mensaje contra Ian Moche y asegura que su cuenta de X es personal, pese a que la Justicia ya dictamin\u00f3 que lo representa como mandatario. La defensa intenta desligarlo de toda responsabilidad y desestima que haya existido un ataque al ni\u00f1o.<\/p>\n\n\n\n<p><strong>Cuerpo:<\/strong><br>En una maniobra que raya el absurdo y vuelve a desnudar su desprecio por los l\u00edmites institucionales, Javier Milei decidi\u00f3 enfrentarse a la Justicia antes que reconocer un error. El Presidente, denunciado por un posteo en el que descalific\u00f3 a Ian Moche, un ni\u00f1o con autismo que lo acus\u00f3 de insultarlo, se neg\u00f3 a borrar la publicaci\u00f3n y present\u00f3 un escrito judicial que parece m\u00e1s un ejercicio de escapismo pol\u00edtico que una defensa seria.<\/p>\n\n\n\n<p>En su presentaci\u00f3n, Milei apel\u00f3 a un viejo truco ya utilizado en otras causas: afirmar que sus redes sociales son de uso personal y que lo que escribe all\u00ed no lo representa como jefe de Estado. Seg\u00fan el mandatario, lo que se publica en su cuenta de X @JMilei es una suerte de territorio privado, inmune a las responsabilidades del cargo que ocupa. El problema es que este argumento ya fue rechazado por la Justicia en un caso anterior \u2014el esc\u00e1ndalo por la criptomoneda $LIBRA\u2014, cuando el fiscal Oscar Julio Guti\u00e9rrez Egu\u00eda dictamin\u00f3 que la cuenta s\u00ed lo representa como Presidente.<\/p>\n\n\n\n<p>A pesar de ese antecedente, Milei volvi\u00f3 a la carga con la \u201cdoble personalidad\u201d digital, como si pudiera alternar entre ser el l\u00edder de un pa\u00eds y un simple usuario cualquiera a gusto y conveniencia. Sus abogados calificaron la demanda presentada por la familia de Ian como \u201ccarente de sustento jur\u00eddico\u201d y procedieron a negar, uno por uno, aspectos que para la opini\u00f3n p\u00fablica resultan evidentes.<\/p>\n\n\n\n<p>En la lista de negaciones, la defensa rechaz\u00f3 que la cuenta en cuesti\u00f3n sea oficial del Poder Ejecutivo Nacional, que sus publicaciones constituyan una agresi\u00f3n al honor o integridad del ni\u00f1o, que un reposteo implique avalar agravios y que se haya producido un da\u00f1o irreparable. Tambi\u00e9n descart\u00f3 que el inter\u00e9s superior del ni\u00f1o \u2014un principio consagrado en tratados internacionales\u2014 justifique restringir la libertad de expresi\u00f3n pol\u00edtica.<\/p>\n\n\n\n<p>Milei insisti\u00f3 en que su tuit no fue un ataque a Ian, sino una \u201cexpresi\u00f3n cr\u00edtica\u201d dirigida a un periodista, Paulino Rodr\u00edguez, a quien vincula con la \u201cagenda subyacente\u201d que, seg\u00fan \u00e9l, motiv\u00f3 la denuncia. El Presidente plantea, as\u00ed, que la acusaci\u00f3n de Ian no responde a un hecho objetivo, sino a un trasfondo ideol\u00f3gico.<\/p>\n\n\n\n<p>Esta defensa, sin embargo, no hace m\u00e1s que reforzar el patr\u00f3n de conducta que Milei ha mostrado desde que asumi\u00f3: una negaci\u00f3n sistem\u00e1tica de cualquier l\u00edmite legal o \u00e9tico a su accionar, acompa\u00f1ado de una tendencia a victimizarse y desviar el foco hacia conspiraciones o enemigos inventados. La estrategia es clara: desplazar el debate de la conducta presidencial hacia un supuesto ataque coordinado en su contra.<\/p>\n\n\n\n<p>El argumento de que un mandatario puede comportarse como un ciudadano privado en redes sociales es, adem\u00e1s de ingenuo, peligrosamente funcional a la impunidad. Las cuentas de los presidentes, en todo el mundo, son canales de comunicaci\u00f3n oficial, incluso cuando no est\u00e9n formalmente administradas por el Estado. La propia investidura convierte cada palabra en un mensaje pol\u00edtico con impacto institucional. Pretender lo contrario no solo desaf\u00eda la l\u00f3gica, sino que erosiona la noci\u00f3n misma de responsabilidad p\u00fablica.<\/p>\n\n\n\n<p>En este caso, lo que Milei busca es blindarse detr\u00e1s de la libertad de expresi\u00f3n, una bandera leg\u00edtima pero que no puede ser utilizada para justificar la agresi\u00f3n o la desinformaci\u00f3n. Ampararse en ese derecho mientras se minimiza el efecto que un ataque p\u00fablico \u2014realizado por la m\u00e1xima autoridad de un pa\u00eds\u2014 puede tener sobre un ni\u00f1o con autismo, es de una insensibilidad que roza la crueldad.<\/p>\n\n\n\n<p>La defensa, al negar cualquier da\u00f1o, desconoce no solo la dimensi\u00f3n simb\u00f3lica de la palabra presidencial, sino tambi\u00e9n el impacto emocional y social que estas declaraciones tienen en personas y familias que enfrentan la discriminaci\u00f3n a diario. Ian Moche no es una figura de poder, no es un adversario pol\u00edtico, ni un periodista de alto perfil. Es un ni\u00f1o que decidi\u00f3 alzar la voz y termin\u00f3 recibiendo, como respuesta, una embestida desde la tribuna m\u00e1s alta de la pol\u00edtica argentina.<\/p>\n\n\n\n<p>Lo m\u00e1s inquietante es que el Presidente no parece entender, o no quiere entender, que su condici\u00f3n de jefe de Estado no se apaga cuando cierra una sesi\u00f3n de X. Cada vez que publica, no es solo Javier Milei el economista medi\u00e1tico o el militante libertario; es el Presidente de la Naci\u00f3n, y sus palabras llevan el peso de ese rol. Negarlo es un acto de escapismo institucional que, de consolidarse como pr\u00e1ctica, abrir\u00eda la puerta a una peligrosa zona gris en la que los mandatarios podr\u00edan decir cualquier cosa sin consecuencias.<\/p>\n\n\n\n<p>En lugar de ofrecer una disculpa o, al menos, retirar la publicaci\u00f3n cuestionada, Milei opta por atrincherarse en un formalismo artificial y en un desprecio absoluto hacia los est\u00e1ndares m\u00e1s b\u00e1sicos de respeto y responsabilidad. La pregunta que queda flotando es qu\u00e9 clase de democracia puede sostenerse cuando quien la encabeza se siente por encima de las reglas que deber\u00edan regir su conducta.<\/p>\n\n\n\n<p>Fuente: <a class=\"\" href=\"https:\/\/noticiasargentinas.com\/politica\/la-defensa-de-javier-milei-por-el-posteo-contra-ian-moche--dice-que-en-sus-redes-no-es-el-presidente_a689a3093ffdbb937a0c1bc9f\">https:\/\/noticiasargentinas.com\/politica\/la-defensa-de-javier-milei-por-el-posteo-contra-ian-moche&#8211;dice-que-en-sus-redes-no-es-el-presidente_a689a3093ffdbb937a0c1bc9f<\/a><\/p>\n\n\n\n<p><\/p>\n","protected":false},"excerpt":{"rendered":"<p>El presidente present\u00f3 un ins\u00f3lito escrito judicial para defender un posteo contra un ni\u00f1o con autismo, argumentando que en sus redes \u201cno es el Presidente\u201d y que se trat\u00f3 de una \u201ccr\u00edtica privada\u201d amparada en la libertad de expresi\u00f3n. Javier Milei se niega a borrar un mensaje contra Ian Moche y asegura que su cuenta&#8230;<\/p>\n","protected":false},"author":9,"featured_media":7436,"comment_status":"open","ping_status":"open","sticky":false,"template":"","format":"standard","meta":{"_monsterinsights_skip_tracking":false,"_monsterinsights_sitenote_active":false,"_monsterinsights_sitenote_note":"","_monsterinsights_sitenote_category":0,"footnotes":"","jetpack_publicize_message":"","jetpack_publicize_feature_enabled":true,"jetpack_social_post_already_shared":true,"jetpack_social_options":{"image_generator_settings":{"template":"highway","default_image_id":0,"font":"","enabled":false},"version":2}},"categories":[2],"tags":[1853,2907,70,505,45,2906,1295,925],"class_list":["post-7435","post","type-post","status-publish","format-standard","has-post-thumbnail","hentry","category-politica","tag-expresion","tag-ian","tag-justicia","tag-libertad","tag-milei","tag-moche","tag-presidente","tag-redes"],"jetpack_publicize_connections":[],"_links":{"self":[{"href":"https:\/\/www.enorsai.com\/noticias\/wp-json\/wp\/v2\/posts\/7435","targetHints":{"allow":["GET"]}}],"collection":[{"href":"https:\/\/www.enorsai.com\/noticias\/wp-json\/wp\/v2\/posts"}],"about":[{"href":"https:\/\/www.enorsai.com\/noticias\/wp-json\/wp\/v2\/types\/post"}],"author":[{"embeddable":true,"href":"https:\/\/www.enorsai.com\/noticias\/wp-json\/wp\/v2\/users\/9"}],"replies":[{"embeddable":true,"href":"https:\/\/www.enorsai.com\/noticias\/wp-json\/wp\/v2\/comments?post=7435"}],"version-history":[{"count":1,"href":"https:\/\/www.enorsai.com\/noticias\/wp-json\/wp\/v2\/posts\/7435\/revisions"}],"predecessor-version":[{"id":7437,"href":"https:\/\/www.enorsai.com\/noticias\/wp-json\/wp\/v2\/posts\/7435\/revisions\/7437"}],"wp:featuredmedia":[{"embeddable":true,"href":"https:\/\/www.enorsai.com\/noticias\/wp-json\/wp\/v2\/media\/7436"}],"wp:attachment":[{"href":"https:\/\/www.enorsai.com\/noticias\/wp-json\/wp\/v2\/media?parent=7435"}],"wp:term":[{"taxonomy":"category","embeddable":true,"href":"https:\/\/www.enorsai.com\/noticias\/wp-json\/wp\/v2\/categories?post=7435"},{"taxonomy":"post_tag","embeddable":true,"href":"https:\/\/www.enorsai.com\/noticias\/wp-json\/wp\/v2\/tags?post=7435"}],"curies":[{"name":"wp","href":"https:\/\/api.w.org\/{rel}","templated":true}]}}