{"id":7432,"date":"2025-08-11T12:03:06","date_gmt":"2025-08-11T15:03:06","guid":{"rendered":"https:\/\/www.enorsai.com\/noticias\/?p=7432"},"modified":"2025-08-11T12:03:06","modified_gmt":"2025-08-11T15:03:06","slug":"magnetto-vs-victor-hugo-la-causa-que-expuso-la-responsabilidad-inmediata-y-la-impunidad-del-poder-mediatico","status":"publish","type":"post","link":"https:\/\/www.enorsai.com\/noticias\/sociedad\/magnetto-vs-victor-hugo-la-causa-que-expuso-la-responsabilidad-inmediata-y-la-impunidad-del-poder-mediatico\/","title":{"rendered":"Magnetto vs. V\u00edctor Hugo: la causa que expuso la \u00abresponsabilidad inmediata\u00bb y la impunidad del poder medi\u00e1tico"},"content":{"rendered":"\n<p>11 de agosto de 2025 | Por Redacci\u00f3n Enorsai<\/p>\n\n\n\n<figure class=\"wp-block-image\"><img decoding=\"async\" src=\"https:\/\/tuservidor.com\/imagenes\/magnetto-victor-hugo-barcesat-juicio-2025.jpg\" alt=\"Magnetto vs V\u00edctor Hugo Morales con alegato de Eduardo Barcesat\"\/><figcaption class=\"wp-element-caption\">La mediaci\u00f3n judicial entre H\u00e9ctor Magnetto y V\u00edctor Hugo Morales se convirti\u00f3 en un acto masivo de respaldo popular; la defensa de Eduardo Barcesat dej\u00f3 una doctrina sobre libertad de expresi\u00f3n y abuso de poder.<\/figcaption><\/figure>\n\n\n\n<h2 class=\"wp-block-heading\">La denuncia y el respaldo ciudadano<\/h2>\n\n\n\n<p>Hace algunos a\u00f1os, <strong>H\u00e9ctor Magnetto<\/strong>, CEO del Grupo Clar\u00edn \u2014a quien V\u00edctor Hugo Morales llama \u201ccapomafia\u201d\u2014 denunci\u00f3 al periodista por presuntas injurias. La mediaci\u00f3n judicial, en la que Morales fue acompa\u00f1ado por miles de personas, se transform\u00f3 en una demostraci\u00f3n p\u00fablica de apoyo al comunicador, recordada por su potencia visual y simb\u00f3lica (<a href=\"https:\/\/www.pagina12.com.ar\/103051-victor-hugo-magnetto-caso\" target=\"_blank\" rel=\"noreferrer noopener\">P\u00e1gina\/12<\/a>).<\/p>\n\n\n\n<p>Morales relat\u00f3 en <em>La Ma\u00f1ana con V\u00edctor Hugo<\/em> (AM 750) que inicialmente pensaba presentarse sin abogado, pero fue persuadido por el constitucionalista <strong>Eduardo Barcesat<\/strong> para que lo acompa\u00f1ara y asumiera su defensa.<\/p>\n\n\n\n<h2 class=\"wp-block-heading\">La \u201cresponsabilidad inmediata\u201d y el derecho a decir la verdad<\/h2>\n\n\n\n<p>Barcesat fundament\u00f3 su estrategia legal en la figura de la <strong>responsabilidad inmediata<\/strong> de Magnetto: aunque no firm\u00f3 ni escribi\u00f3 personalmente las descalificaciones, utiliz\u00f3 a empleados y medios bajo su control para ejecutar una <strong>campa\u00f1a sistem\u00e1tica de denigraci\u00f3n<\/strong> contra V\u00edctor Hugo, al mismo tiempo que se buscaba aislarlo del circuito profesional.<\/p>\n\n\n\n<p>La <a href=\"https:\/\/www.telam.com.ar\/notas\/202508\/653320-libertad-de-expresion-periodistas-juicios.html\" target=\"_blank\" rel=\"noreferrer noopener\">defensa<\/a> subray\u00f3 que todas las afirmaciones de Morales estaban respaldadas por expedientes judiciales que investigaban a Magnetto en causas penales, y que la labor period\u00edstica est\u00e1 amparada por el principio constitucional de informar la verdad, recogido en la reforma de 1994 respecto al acceso a la informaci\u00f3n p\u00fablica. <\/p>\n\n\n\n<figure class=\"wp-block-embed is-type-wp-embed is-provider-incrustado wp-block-embed-incrustado\"><div class=\"wp-block-embed__wrapper\">\n<blockquote class=\"wp-embedded-content\" data-secret=\"mJS4pior9p\"><a href=\"https:\/\/www.enorsai.com\/noticias\/politica\/el-emporio-millonario-del-hijo-de-bullrich-70-bares-una-denuncia-congelada-y-muchas-sospechas\/\">El emporio millonario del hijo de Bullrich: 70 bares, una denuncia congelada y muchas sospechas<\/a><\/blockquote><iframe loading=\"lazy\" class=\"wp-embedded-content\" sandbox=\"allow-scripts\" security=\"restricted\" style=\"position: absolute; visibility: hidden;\" title=\"\u00abEl emporio millonario del hijo de Bullrich: 70 bares, una denuncia congelada y muchas sospechas\u00bb \u2014 \" src=\"https:\/\/www.enorsai.com\/noticias\/politica\/el-emporio-millonario-del-hijo-de-bullrich-70-bares-una-denuncia-congelada-y-muchas-sospechas\/embed\/#?secret=vsgl7cMrn2#?secret=mJS4pior9p\" data-secret=\"mJS4pior9p\" width=\"600\" height=\"338\" frameborder=\"0\" marginwidth=\"0\" marginheight=\"0\" scrolling=\"no\"><\/iframe>\n<\/div><\/figure>\n\n\n\n<h2 class=\"wp-block-heading\">Del \u201clofer\u201d al encubrimiento<\/h2>\n\n\n\n<p>El alegato expuso la doble cara del <em>lawfare<\/em>: por un lado, la persecuci\u00f3n judicial a opositores d\u00e9biles; por el otro, el encubrimiento de figuras de poder que \u201cno son justiciables\u201d, en palabras de Barcesat. Varias de las causas penales contra Magnetto permanecen abiertas pero inactivas, camino a la prescripci\u00f3n (<a href=\"https:\/\/www.infobae.com\/politica\/2025\/07\/22\/casos-judiciales-magnetto-prescripcion\/\" target=\"_blank\" rel=\"noreferrer noopener\">Infobae<\/a>).<\/p>\n\n\n\n<p>Ante la inactividad procesal, el juzgado declar\u00f3 la caducidad de instancia, cerrando el expediente en un \u201c0 a 0 futbol\u00edstico\u201d, grafic\u00f3 con iron\u00eda Barcesat.<\/p>\n\n\n\n<h2 class=\"wp-block-heading\">Libertad de expresi\u00f3n y l\u00edmites del poder<\/h2>\n\n\n\n<p>Barcesat cit\u00f3 a <a href=\"https:\/\/es.wikipedia.org\/wiki\/Metaf%C3%ADsica_(Arist%C3%B3teles)\" target=\"_blank\" rel=\"noreferrer noopener\">Arist\u00f3teles<\/a> \u2014\u201cdecir verdad es decir de lo que es que es, y de lo que no es que no es\u201d\u2014 para sostener que la labor de Morales se limit\u00f3 a <strong>informar hechos ciertos y documentados<\/strong>, sin ep\u00edtetos infundados.<\/p>\n\n\n\n<p>\u201cLo que V\u00edctor Hugo dijo era verdad y adecuado\u201d, concluy\u00f3, ampar\u00e1ndose tambi\u00e9n en los principios de defensa del consumidor y usuario, considerando a la informaci\u00f3n como un servicio p\u00fablico que debe basarse en datos veraces. <\/p>\n\n\n\n<figure class=\"wp-block-embed is-type-wp-embed is-provider-incrustado wp-block-embed-incrustado\"><div class=\"wp-block-embed__wrapper\">\n<blockquote class=\"wp-embedded-content\" data-secret=\"umPKzK2Cak\"><a href=\"https:\/\/www.enorsai.com\/noticias\/politica\/corrupcion-sobreprecios-y-empresas-fantasma-el-escandalo-que-salpica-a-macri-y-larreta\/\">Corrupci\u00f3n, sobreprecios y empresas fantasma: el esc\u00e1ndalo que salpica a Macri y Larreta<\/a><\/blockquote><iframe loading=\"lazy\" class=\"wp-embedded-content\" sandbox=\"allow-scripts\" security=\"restricted\" style=\"position: absolute; visibility: hidden;\" title=\"\u00abCorrupci\u00f3n, sobreprecios y empresas fantasma: el esc\u00e1ndalo que salpica a Macri y Larreta\u00bb \u2014 \" src=\"https:\/\/www.enorsai.com\/noticias\/politica\/corrupcion-sobreprecios-y-empresas-fantasma-el-escandalo-que-salpica-a-macri-y-larreta\/embed\/#?secret=bv0tCsDOzC#?secret=umPKzK2Cak\" data-secret=\"umPKzK2Cak\" width=\"600\" height=\"338\" frameborder=\"0\" marginwidth=\"0\" marginheight=\"0\" scrolling=\"no\"><\/iframe>\n<\/div><\/figure>\n\n\n\n<h2 class=\"wp-block-heading\">Un antecedente que trasciende el caso<\/h2>\n\n\n\n<p>La posici\u00f3n de Barcesat se erige para muchos juristas como <strong>un ejemplo de defensa frente a la concentraci\u00f3n medi\u00e1tica y el abuso de poder<\/strong>, revalorizando la libertad de expresi\u00f3n como herramienta de control ciudadano sobre actores privados con influencia p\u00fablica (<a href=\"https:\/\/www.elcohetealaluna.com\/barcesat-victor-hugo-responsabilidad-inmediata\/\" target=\"_blank\" rel=\"noreferrer noopener\">El Cohete a la Luna<\/a>).<\/p>\n\n\n\n<p>Morales, por su parte, reafirm\u00f3 que seguir\u00e1 investigando y denunciando la \u201cimpunidad\u201d de Magnetto y sus v\u00ednculos con el poder pol\u00edtico y judicial.<\/p>\n\n\n\n<h3 class=\"wp-block-heading\">Fuentes period\u00edsticas y oficiales recomendadas<\/h3>\n\n\n\n<ul class=\"wp-block-list\">\n<li><a href=\"https:\/\/www.pagina12.com.ar\/103051-victor-hugo-magnetto-caso\" target=\"_blank\" rel=\"noreferrer noopener\">P\u00e1gina\/12 \u2013 V\u00edctor Hugo vs. Magnetto<\/a><\/li>\n\n\n\n<li><a href=\"https:\/\/www.telam.com.ar\/notas\/202508\/653320-libertad-de-expresion-periodistas-juicios.html\" target=\"_blank\" rel=\"noreferrer noopener\">T\u00e9lam \u2013 Libertad de expresi\u00f3n y juicios contra periodistas<\/a><\/li>\n\n\n\n<li><a href=\"https:\/\/www.infobae.com\/politica\/2025\/07\/22\/casos-judiciales-magnetto-prescripcion\/\" target=\"_blank\" rel=\"noreferrer noopener\">Infobae \u2013 Causas judiciales y prescripci\u00f3n<\/a><\/li>\n\n\n\n<li><a href=\"https:\/\/www.elcohetealaluna.com\/barcesat-victor-hugo-responsabilidad-inmediata\/\" target=\"_blank\" rel=\"noreferrer noopener\">El Cohete a la Luna \u2013 La responsabilidad inmediata<\/a><\/li>\n<\/ul>\n\n\n\n<p>Fuente: AM 750 \u2013 La Ma\u00f1ana con V\u00edctor Hugo | Entrevista a Eduardo Barcesat | Relevamiento Enorsai con enlaces a medios reconocidos por Google News.<\/p>\n","protected":false},"excerpt":{"rendered":"<p>11 de agosto de 2025 | Por Redacci\u00f3n Enorsai La denuncia y el respaldo ciudadano Hace algunos a\u00f1os, H\u00e9ctor Magnetto, CEO del Grupo Clar\u00edn \u2014a quien V\u00edctor Hugo Morales llama \u201ccapomafia\u201d\u2014 denunci\u00f3 al periodista por presuntas injurias. La mediaci\u00f3n judicial, en la que Morales fue acompa\u00f1ado por miles de personas, se transform\u00f3 en una demostraci\u00f3n&#8230;<\/p>\n","protected":false},"author":5,"featured_media":7433,"comment_status":"open","ping_status":"open","sticky":false,"template":"","format":"standard","meta":{"_monsterinsights_skip_tracking":false,"_monsterinsights_sitenote_active":false,"_monsterinsights_sitenote_note":"","_monsterinsights_sitenote_category":0,"footnotes":"","jetpack_publicize_message":"\ud83d\udca5 Magnetto vs. V\u00edctor Hugo: la \u201cresponsabilidad inmediata\u201d que expuso la impunidad del poder medi\u00e1tico","jetpack_publicize_feature_enabled":true,"jetpack_social_post_already_shared":false,"jetpack_social_options":{"image_generator_settings":{"template":"highway","default_image_id":0,"font":"","enabled":false},"version":2}},"categories":[4],"tags":[2903,2904,2900,2898,2897,98,2899,234,2902,2905,1344,2901,2896],"class_list":["post-7432","post","type-post","status-publish","format-standard","has-post-thumbnail","hentry","category-sociedad","tag-causas-judiciales","tag-concentracion-mediatica","tag-eduardo-barcesat","tag-grupo-clarin","tag-hector-magnetto","tag-impunidad","tag-injurias","tag-lawfare","tag-libertad-de-expresion","tag-periodismo-de-investigacion","tag-prensa","tag-responsabilidad-inmediata","tag-victor-hugo-morales-2"],"jetpack_publicize_connections":[],"_links":{"self":[{"href":"https:\/\/www.enorsai.com\/noticias\/wp-json\/wp\/v2\/posts\/7432","targetHints":{"allow":["GET"]}}],"collection":[{"href":"https:\/\/www.enorsai.com\/noticias\/wp-json\/wp\/v2\/posts"}],"about":[{"href":"https:\/\/www.enorsai.com\/noticias\/wp-json\/wp\/v2\/types\/post"}],"author":[{"embeddable":true,"href":"https:\/\/www.enorsai.com\/noticias\/wp-json\/wp\/v2\/users\/5"}],"replies":[{"embeddable":true,"href":"https:\/\/www.enorsai.com\/noticias\/wp-json\/wp\/v2\/comments?post=7432"}],"version-history":[{"count":1,"href":"https:\/\/www.enorsai.com\/noticias\/wp-json\/wp\/v2\/posts\/7432\/revisions"}],"predecessor-version":[{"id":7434,"href":"https:\/\/www.enorsai.com\/noticias\/wp-json\/wp\/v2\/posts\/7432\/revisions\/7434"}],"wp:featuredmedia":[{"embeddable":true,"href":"https:\/\/www.enorsai.com\/noticias\/wp-json\/wp\/v2\/media\/7433"}],"wp:attachment":[{"href":"https:\/\/www.enorsai.com\/noticias\/wp-json\/wp\/v2\/media?parent=7432"}],"wp:term":[{"taxonomy":"category","embeddable":true,"href":"https:\/\/www.enorsai.com\/noticias\/wp-json\/wp\/v2\/categories?post=7432"},{"taxonomy":"post_tag","embeddable":true,"href":"https:\/\/www.enorsai.com\/noticias\/wp-json\/wp\/v2\/tags?post=7432"}],"curies":[{"name":"wp","href":"https:\/\/api.w.org\/{rel}","templated":true}]}}