{"id":743,"date":"2025-02-06T08:56:50","date_gmt":"2025-02-06T11:56:50","guid":{"rendered":"https:\/\/www.enorsai.com\/noticias\/?p=743"},"modified":"2025-02-06T08:56:50","modified_gmt":"2025-02-06T11:56:50","slug":"la-inesperada-protesta-de-gendarmeria-el-ajuste-de-milei-golpea-a-quienes-sostienen-su-represion","status":"publish","type":"post","link":"https:\/\/www.enorsai.com\/noticias\/politica\/la-inesperada-protesta-de-gendarmeria-el-ajuste-de-milei-golpea-a-quienes-sostienen-su-represion\/","title":{"rendered":"La inesperada protesta de gendarmer\u00eda: El ajuste de Milei golpea a quienes sostienen su represi\u00f3n"},"content":{"rendered":"\n<p><strong><em>Un informe de inteligencia revela el descontento en las fuerzas de seguridad federales, especialmente en la Gendarmer\u00eda, cuyos efectivos no llegan a fin de mes. Concentraciones en varias ciudades del pa\u00eds buscan visibilizar una crisis que el gobierno prefiere ignorar.<br><\/em><\/strong><br>El gobierno de Javier Milei ha convertido la represi\u00f3n en una herramienta central de su gesti\u00f3n, pero parece olvidar que quienes ejecutan sus \u00f3rdenes tambi\u00e9n son trabajadores. Un informe de inteligencia de la Polic\u00eda Federal, filtrado recientemente, expone el profundo malestar que atraviesa la Gendarmer\u00eda Nacional, uno de los pilares del protocolo represivo de Patricia Bullrich. Los gendarmes, encargados de contener protestas y operar en zonas calientes como Rosario y CABA, no pueden cubrir ni siquiera sus necesidades b\u00e1sicas. Con sueldos que no superan los $800.000 y alquileres que devoran m\u00e1s del 50% de sus ingresos, la crisis es insostenible.<br><br>El documento, elaborado por la Direcci\u00f3n General de Inteligencia Criminal de la Polic\u00eda Federal, alerta sobre concentraciones masivas de gendarmes y sus familias en ciudades como Buenos Aires, Rosario, C\u00f3rdoba, Jujuy y Salta. Los reclamos son claros: salarios dignos y condiciones laborales que les permitan vivir sin recurrir a trabajos informales. \u00abNo llegamos a fin de mes\u00bb, repiten los efectivos, muchos de los cuales llevan m\u00e1s de 15 a\u00f1os de servicio. El informe cita el caso de un suboficial que, tras a\u00f1os de dedicaci\u00f3n, percibe un salario neto de $800.000, insuficiente para afrontar los costos de vida en las ciudades donde son destinados.<br><br>La situaci\u00f3n se agrava por los traslados forzosos y prolongados, que obligan a los gendarmes a alquilar viviendas en zonas donde los precios son exorbitantes. En Rosario, por ejemplo, un alquiler puede superar los $500.000, m\u00e1s del 60% del salario neto de un suboficial. \u00abEl 40-50% de lo que ganamos se va en alquileres, sin contar otros gastos familiares\u00bb, explican los efectivos en grupos de WhatsApp que ya suman cientos de integrantes. La indignaci\u00f3n crece al comprobar que, en 2024, apenas recibieron un aumento del 3%, mientras la inflaci\u00f3n devora sus ingresos.<br><br>Pero el descontento no se limita a lo salarial. Los gendarmes denuncian condiciones laborales precarias, jornadas extenuantes y falta de apoyo para sus familias. En Tierra del Fuego, la Polic\u00eda Aeroportuaria suma sus propias quejas: horas extras no pagadas, negaci\u00f3n de vacaciones y hostigamiento laboral. Diez efectivos ya han solicitado bajas m\u00e9dicas por problemas psicol\u00f3gicos, un dato que revela el desgaste emocional al que est\u00e1n sometidos.<\/p>\n\n\n\n<div class=\"wp-block-jetpack-related-posts\">\n<h2 class=\"wp-block-heading\"><\/h2>\n<\/div>\n\n\n\n<p>La ministra Bullrich, lejos de abordar el problema, parece m\u00e1s interesada en utilizar a la Gendarmer\u00eda como brazo ejecutor de su pol\u00edtica represiva. A pesar de que la fuerza no tiene facultades para intervenir en las calles de CABA, salvo en edificios federales, Bullrich despliega camiones de gendarmes para reprimir protestas, mientras el gobierno porte\u00f1o se lava las manos. Esta estrategia no solo viola las competencias legales, sino que agrava la situaci\u00f3n de los efectivos, obligados a pagar alquileres imposibles en una ciudad que no les pertenece.<br><br>El antecedente m\u00e1s cercano de rebeli\u00f3n en la Gendarmer\u00eda se remonta a 2012, durante el gobierno de Cristina Kirchner, cuando una mala liquidaci\u00f3n de haberes desat\u00f3 protestas masivas. En aquel entonces, se descubri\u00f3 una trama de jueces que otorgaban cautelares a gendarmes y prefectos, inflando sus ingresos de manera artificial. Hoy, la crisis es diferente: no hay jueces corruptos que salven a los efectivos, solo un gobierno que prioriza el ajuste sobre las necesidades de quienes sostienen su autoridad.<br><br>Lo parad\u00f3jico es que muchos de los gendarmes que hoy protestan votaron a Milei, convencidos de que su discurso de cambio les traer\u00eda mejoras. Sin embargo, la realidad es que el ajuste tambi\u00e9n los golpea a ellos. \u00abYo lo vot\u00e9\u00bb, admiten algunos en redes sociales, pero a\u00f1aden: \u00abNo puedo vivir con este sueldo\u00bb. Esta contradicci\u00f3n expone la fragilidad del apoyo que Milei a\u00fan mantiene entre las fuerzas de seguridad. Si el gobierno no responde a sus reclamos, podr\u00eda enfrentar una crisis de legitimidad en uno de sus pilares m\u00e1s importantes.<br><br>La convocatoria a concentraciones masivas, programadas para el 10 y el 25 de febrero, marca un punto de inflexi\u00f3n. Los gendarmes no solo buscan mejoras salariales, sino tambi\u00e9n visibilizar una crisis que el gobierno prefiere ignorar. \u00abArriesgan su vida por unos pocos pesos\u00bb, denuncian sus familias, que se suman a las protestas. En un contexto de ajuste y despidos, el reclamo de los gendarmes es el de todos los trabajadores: salarios dignos y condiciones de vida decentes.<br><br>El gobierno de Milei enfrenta un dilema: seguir profundizando el ajuste o responder a las demandas de quienes sostienen su represi\u00f3n. Si opta por lo primero, podr\u00eda perder el apoyo de las fuerzas de seguridad. Si elige lo segundo, deber\u00e1 reconocer que su pol\u00edtica econ\u00f3mica est\u00e1 generando m\u00e1s pobreza y descontento. Mientras tanto, los gendarmes siguen en la calle, sosteniendo un sistema que los condena a la precariedad.<br><br><strong>Fuentes:<\/strong><\/p>\n\n\n\n<ul class=\"wp-block-list\">\n<li><a href=\"https:\/\/www.pagina12.com.ar\/801947-protesta-inesperada-los-gendarmes-se-organizan-para-reclamar\">https:\/\/www.pagina12.com.ar\/801947-protesta-inesperada-los-gendarmes-se-organizan-para-reclamar<\/a><\/li>\n\n\n\n<li><a href=\"https:\/\/diarioeldespertador.com.ar\/contenido\/34850\/familares-de-suboficiales-de-gendarmeria-pediran-mejores-salarios\">https:\/\/diarioeldespertador.com.ar\/contenido\/34850\/familares-de-suboficiales-de-gendarmeria-pediran-mejores-salarios<\/a><\/li>\n\n\n\n<li><a href=\"https:\/\/noticiasmercedinas.com\/site\/2025\/02\/04\/gendarmes-denuncian-precarizacion-y-convocan-a-una-movilizacion-por-mejoras-salariales\/\">https:\/\/noticiasmercedinas.com\/site\/2025\/02\/04\/gendarmes-denuncian-precarizacion-y-convocan-a-una-movilizacion-por-mejoras-salariales\/<\/a><\/li>\n\n\n\n<li><a href=\"https:\/\/www.elancasti.com.ar\/politica-y-economia\/familiares-gendarmes-marcharan-reclamo-mejoras-salariales-arriesgan-su-vida-unos-pocos-pesos-n576115\">https:\/\/www.elancasti.com.ar\/politica-y-economia\/familiares-gendarmes-marcharan-reclamo-mejoras-salariales-arriesgan-su-vida-unos-pocos-pesos-n576115<\/a><\/li>\n<\/ul>\n\n\n","protected":false},"excerpt":{"rendered":"<p>Los gendarmes, pilares de la represi\u00f3n de Milei, no llegan a fin de mes. Con sueldos que no cubren alquileres y condiciones laborales precarias, exigen mejoras salariales. Concentraciones en varias ciudades visibilizan una crisis que el gobierno prefiere ignorar. \u00bfHasta cu\u00e1ndo sostendr\u00e1n la represi\u00f3n?<\/p>\n","protected":false},"author":1,"featured_media":756,"comment_status":"open","ping_status":"open","sticky":false,"template":"","format":"standard","meta":{"_monsterinsights_skip_tracking":false,"_monsterinsights_sitenote_active":false,"_monsterinsights_sitenote_note":"","_monsterinsights_sitenote_category":0,"footnotes":"","jetpack_publicize_message":"","jetpack_publicize_feature_enabled":true,"jetpack_social_post_already_shared":true,"jetpack_social_options":{"image_generator_settings":{"template":"highway","default_image_id":0,"font":"","enabled":false},"version":2}},"categories":[2,4],"tags":[262,261,45,264,263],"class_list":["post-743","post","type-post","status-publish","format-standard","has-post-thumbnail","hentry","category-politica","category-sociedad","tag-bullrich","tag-gendarmeria","tag-milei","tag-protestas","tag-salarios"],"jetpack_publicize_connections":[],"_links":{"self":[{"href":"https:\/\/www.enorsai.com\/noticias\/wp-json\/wp\/v2\/posts\/743","targetHints":{"allow":["GET"]}}],"collection":[{"href":"https:\/\/www.enorsai.com\/noticias\/wp-json\/wp\/v2\/posts"}],"about":[{"href":"https:\/\/www.enorsai.com\/noticias\/wp-json\/wp\/v2\/types\/post"}],"author":[{"embeddable":true,"href":"https:\/\/www.enorsai.com\/noticias\/wp-json\/wp\/v2\/users\/1"}],"replies":[{"embeddable":true,"href":"https:\/\/www.enorsai.com\/noticias\/wp-json\/wp\/v2\/comments?post=743"}],"version-history":[{"count":2,"href":"https:\/\/www.enorsai.com\/noticias\/wp-json\/wp\/v2\/posts\/743\/revisions"}],"predecessor-version":[{"id":757,"href":"https:\/\/www.enorsai.com\/noticias\/wp-json\/wp\/v2\/posts\/743\/revisions\/757"}],"wp:featuredmedia":[{"embeddable":true,"href":"https:\/\/www.enorsai.com\/noticias\/wp-json\/wp\/v2\/media\/756"}],"wp:attachment":[{"href":"https:\/\/www.enorsai.com\/noticias\/wp-json\/wp\/v2\/media?parent=743"}],"wp:term":[{"taxonomy":"category","embeddable":true,"href":"https:\/\/www.enorsai.com\/noticias\/wp-json\/wp\/v2\/categories?post=743"},{"taxonomy":"post_tag","embeddable":true,"href":"https:\/\/www.enorsai.com\/noticias\/wp-json\/wp\/v2\/tags?post=743"}],"curies":[{"name":"wp","href":"https:\/\/api.w.org\/{rel}","templated":true}]}}