{"id":7421,"date":"2025-08-11T08:09:13","date_gmt":"2025-08-11T11:09:13","guid":{"rendered":"https:\/\/www.enorsai.com\/noticias\/?p=7421"},"modified":"2025-08-11T08:09:13","modified_gmt":"2025-08-11T11:09:13","slug":"axel-kicillof-fulmino-a-milei-y-adorni-por-montar-otra-fake-news","status":"publish","type":"post","link":"https:\/\/www.enorsai.com\/noticias\/politica\/axel-kicillof-fulmino-a-milei-y-adorni-por-montar-otra-fake-news\/","title":{"rendered":"Axel Kicillof fulmin\u00f3 a Milei y Adorni por montar otra fake news"},"content":{"rendered":"\n<p><strong><em>El gobernador de la provincia de Buenos Aires, Axel Kicillof, acus\u00f3 este domingo al gobierno de Javier Milei de difundir una fake news en redes sociales, luego de que el vocero presidencial, Manuel Adorni, publicara en X un video editado del mandatario provincial tergiversando el sentido de sus palabras.<\/em><\/strong><\/p>\n\n\n\n<p>Este s\u00e1bado, Adorni comparti\u00f3 un \u00abel recorte\u00bb de una entrevista que dio Kicillof a la radio Futurock junto a la leyenda \u00abFin\u00bb, donde se lo escuchaba al gobernador \u00abadmitir\u00bb que el peronismo no ten\u00eda propuestas electorales de cara a los comicios.<\/p>\n\n\n\n<p>R\u00e1pidamente, uno de los periodistas que particip\u00f3 de la entrevista radial, Gabriel Sued, desminti\u00f3 al vocero, al publicar el fragmento original, sin modificar: \u201c\u00a1FAKE! Este video que publica Manuel Adorni est\u00e1 editado. Les paso el verdadero\u201d, advirti\u00f3 el periodista, tambi\u00e9n en X.<\/p>\n\n\n\n<p>Esta ma\u00f1ana, Kicillof comparti\u00f3 la desmentida de Sued, junto a un mensaje en el que apunt\u00f3 contra el gobierno de Milei por hacer campa\u00f1a \u00abro\u00f1osa\u00bb mediante fake news.<\/p>\n\n\n\n<figure class=\"wp-block-embed is-type-rich is-provider-twitter wp-block-embed-twitter\"><div class=\"wp-block-embed__wrapper\">\n<blockquote class=\"twitter-tweet\" data-width=\"550\" data-dnt=\"true\"><p lang=\"es\" dir=\"ltr\">Inauguraron su campa\u00f1a (lo \u00fanico que inauguraron en casi dos a\u00f1os) yendo escondidos a pasar 20 minutos en La Matanza para sacarse una foto berreta de marketing. Ahora empiezan con las mentiras digitales, los videos fabricados y la campa\u00f1a ro\u00f1osa en las redes. Su especialidad.\u2026 <a href=\"https:\/\/t.co\/5LjOHAWcRx\">https:\/\/t.co\/5LjOHAWcRx<\/a><\/p>&mdash; Axel Kicillof (@Kicillofok) <a href=\"https:\/\/twitter.com\/Kicillofok\/status\/1954543615058804923?ref_src=twsrc%5Etfw\">August 10, 2025<\/a><\/blockquote><script async src=\"https:\/\/platform.twitter.com\/widgets.js\" charset=\"utf-8\"><\/script>\n<\/div><\/figure>\n\n\n\n<p>\u00abInauguraron su campa\u00f1a (lo \u00fanico que inauguraron en casi dos a\u00f1os) yendo escondidos a pasar 20 minutos en La Matanza para sacarse una foto berreta de marketing\u00bb, escribi\u00f3 el gobernador en su cuenta de X, en alusi\u00f3n a la fotograf\u00eda del Presidente en Villa Celina junto a los 8 candidatos de La Libertad Avanza que competir\u00e1n por la Legislatura bonaerense el pr\u00f3ximo 7 de septiembre.<\/p>\n\n\n\n<p>\u00abAhora empiezan con las mentiras digitales, los videos fabricados y la campa\u00f1a ro\u00f1osa en las redes. Su especialidad. Pero las mentiras de Milei y su \u2018inteligencia artificial\u2019 no tapan la realidad. El pr\u00f3ximo 7 de septiembre, en la provincia de Buenos Aires le vamos contestar en las urnas\u00bb, concluy\u00f3.<\/p>\n\n\n\n<p>En el video original, Kicillof afirmaba que las prioridades y objetivos del peronismo son \u00abla soberan\u00eda, la independencia y la justicia social\u00bb, que \u00abest\u00e1n en juego\u00bb con el plan de Milei. \u00abDespu\u00e9s crear trabajo y que haya condiciones de laburo que sean dignas, y que haya salario\u00bb, agregaba el gobernador.<\/p>\n\n\n\n<p>Conclu\u00eda: \u00abDespu\u00e9s, las medidas en concreto con respecto a cuestiones tan graves como una deuda impagable que nos deja (Mauricio) Macri, que no se soluciona durante el Gobierno de Alberto (Fern\u00e1ndez), que ahora potencia Milei, y el v\u00ednculo con el FMI como gendarme de la pol\u00edtica econ\u00f3mica para darte el refinanciamiento al pr\u00f3ximo vencimiento, son cuestiones muy profundas. Si vos me dec\u00eds: \u00bfqu\u00e9 vamos a discutir ahora en este momento, en 2025, de cara a Milei y de cara a esta elecci\u00f3n de septiembre y octubre? Lo que hay que hacer es poner un freno a estas pol\u00edticas\u00bb.<\/p>\n\n\n\n<p>Por P\u00e1gina 12<\/p>\n","protected":false},"excerpt":{"rendered":"<p>El gobernador de la provincia de Buenos Aires, Axel Kicillof, acus\u00f3 este domingo al gobierno de Javier Milei de difundir una fake news en redes sociales, luego de que el vocero presidencial, Manuel Adorni, publicara en X un video editado del mandatario provincial tergiversando el sentido de sus palabras. Este s\u00e1bado, Adorni comparti\u00f3 un \u00abel&#8230;<\/p>\n","protected":false},"author":5,"featured_media":2765,"comment_status":"open","ping_status":"open","sticky":false,"template":"","format":"standard","meta":{"_monsterinsights_skip_tracking":false,"_monsterinsights_sitenote_active":false,"_monsterinsights_sitenote_note":"","_monsterinsights_sitenote_category":0,"footnotes":"","jetpack_publicize_message":"","jetpack_publicize_feature_enabled":true,"jetpack_social_post_already_shared":true,"jetpack_social_options":{"image_generator_settings":{"template":"highway","default_image_id":0,"font":"","enabled":false},"version":2}},"categories":[2],"tags":[880,45,72],"class_list":["post-7421","post","type-post","status-publish","format-standard","has-post-thumbnail","hentry","category-politica","tag-adorni","tag-milei","tag-politica"],"jetpack_publicize_connections":[],"_links":{"self":[{"href":"https:\/\/www.enorsai.com\/noticias\/wp-json\/wp\/v2\/posts\/7421","targetHints":{"allow":["GET"]}}],"collection":[{"href":"https:\/\/www.enorsai.com\/noticias\/wp-json\/wp\/v2\/posts"}],"about":[{"href":"https:\/\/www.enorsai.com\/noticias\/wp-json\/wp\/v2\/types\/post"}],"author":[{"embeddable":true,"href":"https:\/\/www.enorsai.com\/noticias\/wp-json\/wp\/v2\/users\/5"}],"replies":[{"embeddable":true,"href":"https:\/\/www.enorsai.com\/noticias\/wp-json\/wp\/v2\/comments?post=7421"}],"version-history":[{"count":1,"href":"https:\/\/www.enorsai.com\/noticias\/wp-json\/wp\/v2\/posts\/7421\/revisions"}],"predecessor-version":[{"id":7422,"href":"https:\/\/www.enorsai.com\/noticias\/wp-json\/wp\/v2\/posts\/7421\/revisions\/7422"}],"wp:featuredmedia":[{"embeddable":true,"href":"https:\/\/www.enorsai.com\/noticias\/wp-json\/wp\/v2\/media\/2765"}],"wp:attachment":[{"href":"https:\/\/www.enorsai.com\/noticias\/wp-json\/wp\/v2\/media?parent=7421"}],"wp:term":[{"taxonomy":"category","embeddable":true,"href":"https:\/\/www.enorsai.com\/noticias\/wp-json\/wp\/v2\/categories?post=7421"},{"taxonomy":"post_tag","embeddable":true,"href":"https:\/\/www.enorsai.com\/noticias\/wp-json\/wp\/v2\/tags?post=7421"}],"curies":[{"name":"wp","href":"https:\/\/api.w.org\/{rel}","templated":true}]}}