{"id":7418,"date":"2025-08-11T07:51:44","date_gmt":"2025-08-11T10:51:44","guid":{"rendered":"https:\/\/www.enorsai.com\/noticias\/?p=7418"},"modified":"2025-08-11T07:51:44","modified_gmt":"2025-08-11T10:51:44","slug":"puede-el-castigo-legal-al-deficit-cambiar-la-politica-argentina-claves-ocultas-detras-del-proyecto-milei-y-por-que-el-mundo-esta-mirando","status":"publish","type":"post","link":"https:\/\/www.enorsai.com\/noticias\/politica\/puede-el-castigo-legal-al-deficit-cambiar-la-politica-argentina-claves-ocultas-detras-del-proyecto-milei-y-por-que-el-mundo-esta-mirando\/","title":{"rendered":"\u00bfPuede el castigo legal al d\u00e9ficit cambiar la pol\u00edtica argentina? Claves ocultas detr\u00e1s del proyecto Milei (y por qu\u00e9 el mundo est\u00e1 mirando)"},"content":{"rendered":"\n<p>11 de agosto de 2025 | Por Redacci\u00f3n Enorsai<\/p>\n\n\n\n<figure class=\"wp-block-image\"><img decoding=\"async\" src=\"https:\/\/tuservidor.com\/imagenes\/castigos-deficit-ley-milei-2025.jpg\" alt=\"Ley castigos d\u00e9ficit funcionarios Milei an\u00e1lisis impacto pol\u00edtico econ\u00f3mico\"\/><figcaption class=\"wp-element-caption\">El intento de penalizar a funcionarios y legisladores por d\u00e9ficit divide aguas y enciende alarmas sobre democracia, econom\u00eda y futuro del Estado.<\/figcaption><\/figure>\n\n\n\n<h2 class=\"wp-block-heading\">\u00bfDe qu\u00e9 se trata la ley (y por qu\u00e9 no es solo un gesto hacia la tribuna)?<\/h2>\n\n\n\n<p>El presidente <strong>Javier Milei<\/strong> propuso castigar legalmente \u2014incluso penalmente\u2014 a los funcionarios (y eventualmente a los legisladores) que aprueben d\u00e9ficit fiscal o voten normas sin financiamiento expl\u00edcito. El objetivo es institucionalizar la \u201cregla de d\u00e9ficit cero\u201d, restringiendo al l\u00edmite la potestad del Estado para gastar m\u00e1s all\u00e1 de lo recaudado, y enviar un mensaje n\u00edtido al mercado internacional de que la disciplina fiscal ser\u00e1 inquebrantable en Argentina (<a href=\"https:\/\/www.dw.com\/es\/milei-dice-que-vetar%C3%A1-leyes-para-alcanzar-d%C3%A9ficit-cero-en-2025\/a-70223918\" target=\"_blank\" rel=\"noreferrer noopener\">DW<\/a>, <a href=\"https:\/\/www.infobae.com\/opinion\/2025\/07\/26\/el-senado-desafia-el-equilibrio-fiscal-impacto-de-las-ultimas-leyes\/\" target=\"_blank\" rel=\"noreferrer noopener\">Infobae<\/a>).<\/p>\n\n\n\n<p>Aunque la idea tiene antecedentes en normativas nacionales y provinciales sobre la responsabilidad de los funcionarios p\u00fablicos, <strong>nunca antes un proyecto apunt\u00f3 tan directo a criminalizar el d\u00e9ficit como opci\u00f3n pol\u00edtica<\/strong> (<a href=\"https:\/\/aapdp.com.ar\/wp-content\/uploads\/1661\/54\/deluca.pdf\" target=\"_blank\" rel=\"noreferrer noopener\">AAPDP<\/a>). <\/p>\n\n\n\n<figure class=\"wp-block-embed is-type-wp-embed is-provider-incrustado wp-block-embed-incrustado\"><div class=\"wp-block-embed__wrapper\">\n<blockquote class=\"wp-embedded-content\" data-secret=\"VEBHNVWUkV\"><a href=\"https:\/\/www.enorsai.com\/noticias\/politica\/german-martinez-reivindica-la-politica-como-servicio-y-apunta-contra-el-desprecio-oficial-hace-falta-reconstruir-lo-colectivo-con-creatividad\/\">Germ\u00e1n Mart\u00ednez reivindica la pol\u00edtica como servicio y apunta contra el desprecio oficial: \u201cHace falta reconstruir lo colectivo con creatividad\u201d<\/a><\/blockquote><iframe loading=\"lazy\" class=\"wp-embedded-content\" sandbox=\"allow-scripts\" security=\"restricted\" style=\"position: absolute; visibility: hidden;\" title=\"\u00abGerm\u00e1n Mart\u00ednez reivindica la pol\u00edtica como servicio y apunta contra el desprecio oficial: \u201cHace falta reconstruir lo colectivo con creatividad\u201d\u00bb \u2014 \" src=\"https:\/\/www.enorsai.com\/noticias\/politica\/german-martinez-reivindica-la-politica-como-servicio-y-apunta-contra-el-desprecio-oficial-hace-falta-reconstruir-lo-colectivo-con-creatividad\/embed\/#?secret=Igi6Zxzbk1#?secret=VEBHNVWUkV\" data-secret=\"VEBHNVWUkV\" width=\"600\" height=\"338\" frameborder=\"0\" marginwidth=\"0\" marginheight=\"0\" scrolling=\"no\"><\/iframe>\n<\/div><\/figure>\n\n\n\n<h2 class=\"wp-block-heading\">\u00bfPor qu\u00e9 es pol\u00e9mica? Opini\u00f3n de expertos y antecedentes judiciales<\/h2>\n\n\n\n<p>Un punto clave: la propuesta de Milei roza el conflicto con la divisi\u00f3n de poderes y puede tensionar la democracia parlamentaria. Ya en 2002, la Corte Suprema declar\u00f3 la inconstitucionalidad parcial de la ley \u201cD\u00e9ficit Cero\u201d porque pod\u00eda vulnerar derechos sociales y laborales b\u00e1sicos y porque, bajo emergencia, no todo recorte es razonable ni leg\u00edtimo (<a href=\"https:\/\/www.periodicojudicial.gov.ar\/actualidad-del-caso-tobar-inconstitucionalidad-de-las-reducciones-salariales-en-un-contexto-de-emergencia-economica\/\" target=\"_blank\" rel=\"noreferrer noopener\">Peri\u00f3dico Judicial<\/a>).<\/p>\n\n\n\n<p>Analistas como ASAP y expertos en finanzas p\u00fablicas advierten que \u2018disciplinar\u2019 a futuros gobiernos con leyes penales reduce margen para actuar ante crisis sociales o econ\u00f3micas; <strong>podr\u00eda forzar recortes infinitos, a\u00fan si la sociedad demanda otro rumbo<\/strong> (<a href=\"https:\/\/asap.org.ar\/img_publicaciones\/12191450_InformeReglasFiscales.pdf\" target=\"_blank\" rel=\"noreferrer noopener\">ASAP<\/a>). <\/p>\n\n\n\n<figure class=\"wp-block-embed is-type-wp-embed is-provider-incrustado wp-block-embed-incrustado\"><div class=\"wp-block-embed__wrapper\">\n<blockquote class=\"wp-embedded-content\" data-secret=\"s3dgnkKjXV\"><a href=\"https:\/\/www.enorsai.com\/noticias\/politica\/corrupcion\/libra\/caso-libra-firtman-revela-las-contradicciones-oficiales-y-exige-investigar-pagos-contratos-y-el-rol-de-casa-rosada\/\">Caso Libra: Firtman revela las contradicciones oficiales y exige investigar pagos, contratos y el rol de Casa Rosada<\/a><\/blockquote><iframe loading=\"lazy\" class=\"wp-embedded-content\" sandbox=\"allow-scripts\" security=\"restricted\" style=\"position: absolute; visibility: hidden;\" title=\"\u00abCaso Libra: Firtman revela las contradicciones oficiales y exige investigar pagos, contratos y el rol de Casa Rosada\u00bb \u2014 \" src=\"https:\/\/www.enorsai.com\/noticias\/politica\/corrupcion\/libra\/caso-libra-firtman-revela-las-contradicciones-oficiales-y-exige-investigar-pagos-contratos-y-el-rol-de-casa-rosada\/embed\/#?secret=l6nYIjlL6z#?secret=s3dgnkKjXV\" data-secret=\"s3dgnkKjXV\" width=\"600\" height=\"338\" frameborder=\"0\" marginwidth=\"0\" marginheight=\"0\" scrolling=\"no\"><\/iframe>\n<\/div><\/figure>\n\n\n\n<h2 class=\"wp-block-heading\">Impacto pol\u00edtico: \u00bfSe fortalece Milei o se arriesga a un boomerang institucional?<\/h2>\n\n\n\n<p>Para Milei, la ley legitima su bandera de equilibrio fiscal y la \u201clucha contra la casta gastadora\u201d, polariza el debate y lo posiciona ante el electorado y los mercados como garant\u00eda de ortodoxia extrema (<a href=\"https:\/\/www.dw.com\/es\/milei-dice-que-vetar%C3%A1-leyes-para-alcanzar-d%C3%A9ficit-cero-en-2025\/a-70223918\" target=\"_blank\" rel=\"noreferrer noopener\">DW<\/a>). Pero enfrenta riesgo de desgaste: la judicializaci\u00f3n, el choque de poderes y el malestar por el congelamiento social pueden minar gobernabilidad si las demandas sociales se profundizan, como ocurri\u00f3 a principios de siglo con la Ley D\u00e9ficit Cero.<\/p>\n\n\n\n<p>Los expertos alertan que, lejos de brindar previsibilidad, una disciplina extrema \u201cancla gobiernos\u201d, pero tambi\u00e9n puede bloquear respuestas din\u00e1micas frente a crisis imprevistas (<a href=\"https:\/\/www.infobae.com\/opinion\/2025\/07\/26\/el-senado-desafia-el-equilibrio-fiscal-impacto-de-las-ultimas-leyes\/\" target=\"_blank\" rel=\"noreferrer noopener\">Infobae<\/a>).<\/p>\n\n\n\n<h2 class=\"wp-block-heading\">Efectos econ\u00f3micos reales: \u00bfControl del gasto o recesi\u00f3n m\u00e1s profunda?<\/h2>\n\n\n\n<p>En el corto plazo, la ley podr\u00eda fortalecer la confianza de algunos inversores y actores globales (FMI, bancos) sobre la \u201cirreversibilidad\u201d del ajuste. Sin embargo, los efectos colaterales <strong>son riesgosos:<\/strong><\/p>\n\n\n\n<ul class=\"wp-block-list\">\n<li>Congela la posibilidad de expandir gasto p\u00fablico a\u00fan ante emergencia social<\/li>\n\n\n\n<li>Promueve un Estado m\u00ednimo incluso en tiempos de crisis<\/li>\n\n\n\n<li>Baja la inflaci\u00f3n, pero tambi\u00e9n puede profundizar la recesi\u00f3n y desigualdad<\/li>\n\n\n\n<li>Recorta el margen futuro para pol\u00edticas sociales, inversi\u00f3n p\u00fablica y subsidios esenciales (<a href=\"https:\/\/asap.org.ar\/img_publicaciones\/12191450_InformeReglasFiscales.pdf\" target=\"_blank\" rel=\"noreferrer noopener\">ASAP<\/a>)<\/li>\n<\/ul>\n\n\n\n<p>Antecedentes internacionales muestran que reglas fiscales estrictas funcionan solo con consenso democr\u00e1tico, gradualidad y cl\u00e1usulas de escape bien reguladas (<a href=\"https:\/\/www.bbvaresearch.com\/publicaciones\/latam-argentina-reglas-fiscales-y-crecimiento-2024\/\" target=\"_blank\" rel=\"noreferrer noopener\">BBVA Research<\/a>).<\/p>\n\n\n\n<h2 class=\"wp-block-heading\">\u00bfY si el Congreso veta o modera la ley?<\/h2>\n\n\n\n<p>El proyecto puede terminar atenuado, judicializado o parcialmente implementado. Si se topa con resistencia del Congreso (como en las \u00faltimas votaciones clave) (<a href=\"https:\/\/www.infobae.com\/opinion\/2025\/07\/26\/el-senado-desafia-el-equilibrio-fiscal-impacto-de-las-ultimas-leyes\/\" target=\"_blank\" rel=\"noreferrer noopener\">Infobae<\/a>), Milei usar\u00e1 el veto presidencial y convertir\u00e1 cada choque institucional en un cap\u00edtulo de campa\u00f1a, instalando la grieta \u201cgastadores vs. responsables\u201d como narrativa central hasta octubre.<\/p>\n\n\n\n<h3 class=\"wp-block-heading\">Fuentes period\u00edsticas y oficiales recomendadas<\/h3>\n\n\n\n<ul class=\"wp-block-list\">\n<li><a href=\"https:\/\/www.dw.com\/es\/milei-dice-que-vetar%C3%A1-leyes-para-alcanzar-d%C3%A9ficit-cero-en-2025\/a-70223918\" target=\"_blank\" rel=\"noreferrer noopener\">DW \u2013 Milei y la ley del d\u00e9ficit cero<\/a><\/li>\n\n\n\n<li><a href=\"https:\/\/www.infobae.com\/opinion\/2025\/07\/26\/el-senado-desafia-el-equilibrio-fiscal-impacto-de-las-ultimas-leyes\/\" target=\"_blank\" rel=\"noreferrer noopener\">Infobae \u2013 El Senado desaf\u00eda el equilibrio fiscal<\/a><\/li>\n\n\n\n<li><a href=\"https:\/\/asap.org.ar\/img_publicaciones\/12191450_InformeReglasFiscales.pdf\" target=\"_blank\" rel=\"noreferrer noopener\">ASAP \u2013 Reglas fiscales y equidad en Argentina<\/a><\/li>\n\n\n\n<li><a href=\"https:\/\/www.periodicojudicial.gov.ar\/actualidad-del-caso-tobar-inconstitucionalidad-de-las-reducciones-salariales-en-un-contexto-de-emergencia-economica\/\" target=\"_blank\" rel=\"noreferrer noopener\">Peri\u00f3dico Judicial \u2013 Caso Tobar e inconstitucionalidad de la ley de d\u00e9ficit cero<\/a><\/li>\n\n\n\n<li><a href=\"https:\/\/www.bbvaresearch.com\/publicaciones\/latam-argentina-reglas-fiscales-y-crecimiento-2024\/\" target=\"_blank\" rel=\"noreferrer noopener\">BBVA Research \u2013 Reglas fiscales y crecimiento<\/a><\/li>\n<\/ul>\n\n\n\n<p>Fuente: La Red \u2013 Foja Cero | An\u00e1lisis de Virginia Porcela | Relevamiento Enorsai y enlaces a medios y papers reconocidos <\/p>\n","protected":false},"excerpt":{"rendered":"<p>11 de agosto de 2025 | Por Redacci\u00f3n Enorsai \u00bfDe qu\u00e9 se trata la ley (y por qu\u00e9 no es solo un gesto hacia la tribuna)? El presidente Javier Milei propuso castigar legalmente \u2014incluso penalmente\u2014 a los funcionarios (y eventualmente a los legisladores) que aprueben d\u00e9ficit fiscal o voten normas sin financiamiento expl\u00edcito. El objetivo&#8230;<\/p>\n","protected":false},"author":5,"featured_media":7419,"comment_status":"open","ping_status":"open","sticky":false,"template":"","format":"standard","meta":{"_monsterinsights_skip_tracking":false,"_monsterinsights_sitenote_active":false,"_monsterinsights_sitenote_note":"","_monsterinsights_sitenote_category":0,"footnotes":"","jetpack_publicize_message":"\u2696\ufe0f Ley de castigos por d\u00e9ficit: \u00bfRevoluci\u00f3n fiscal, boomerang institucional o ajuste sin retorno? Lo que no te cuentan sobre la jugada de Milei","jetpack_publicize_feature_enabled":true,"jetpack_social_post_already_shared":false,"jetpack_social_options":{"image_generator_settings":{"template":"highway","default_image_id":0,"font":"","enabled":false},"version":2}},"categories":[3,2],"tags":[58,257,1771,2871,225,2872,986,2876,2870,2874,45,2877,2875,2873,1490,2535],"class_list":["post-7418","post","type-post","status-publish","format-standard","has-post-thumbnail","hentry","category-economia","category-politica","tag-ajuste","tag-congreso","tag-crisis-social","tag-deficit-cero","tag-economia-argentina","tag-equilibrio-fiscal","tag-gobernabilidad","tag-impacto-electoral","tag-ley-castigos-deficit","tag-mercado-internacional","tag-milei","tag-precedentes-judiciales","tag-reforma-institucional","tag-reglas-fiscales","tag-sociedad","tag-veto-presidencial"],"jetpack_publicize_connections":[],"_links":{"self":[{"href":"https:\/\/www.enorsai.com\/noticias\/wp-json\/wp\/v2\/posts\/7418","targetHints":{"allow":["GET"]}}],"collection":[{"href":"https:\/\/www.enorsai.com\/noticias\/wp-json\/wp\/v2\/posts"}],"about":[{"href":"https:\/\/www.enorsai.com\/noticias\/wp-json\/wp\/v2\/types\/post"}],"author":[{"embeddable":true,"href":"https:\/\/www.enorsai.com\/noticias\/wp-json\/wp\/v2\/users\/5"}],"replies":[{"embeddable":true,"href":"https:\/\/www.enorsai.com\/noticias\/wp-json\/wp\/v2\/comments?post=7418"}],"version-history":[{"count":1,"href":"https:\/\/www.enorsai.com\/noticias\/wp-json\/wp\/v2\/posts\/7418\/revisions"}],"predecessor-version":[{"id":7420,"href":"https:\/\/www.enorsai.com\/noticias\/wp-json\/wp\/v2\/posts\/7418\/revisions\/7420"}],"wp:featuredmedia":[{"embeddable":true,"href":"https:\/\/www.enorsai.com\/noticias\/wp-json\/wp\/v2\/media\/7419"}],"wp:attachment":[{"href":"https:\/\/www.enorsai.com\/noticias\/wp-json\/wp\/v2\/media?parent=7418"}],"wp:term":[{"taxonomy":"category","embeddable":true,"href":"https:\/\/www.enorsai.com\/noticias\/wp-json\/wp\/v2\/categories?post=7418"},{"taxonomy":"post_tag","embeddable":true,"href":"https:\/\/www.enorsai.com\/noticias\/wp-json\/wp\/v2\/tags?post=7418"}],"curies":[{"name":"wp","href":"https:\/\/api.w.org\/{rel}","templated":true}]}}