{"id":7415,"date":"2025-08-11T05:55:45","date_gmt":"2025-08-11T08:55:45","guid":{"rendered":"https:\/\/www.enorsai.com\/noticias\/?p=7415"},"modified":"2025-11-30T10:50:26","modified_gmt":"2025-11-30T13:50:26","slug":"el-ejercito-israeli-mato-a-cuatro-periodistas-al-atacar-la-ciudad-gaza","status":"publish","type":"post","link":"https:\/\/www.enorsai.com\/noticias\/mundo\/el-ejercito-israeli-mato-a-cuatro-periodistas-al-atacar-la-ciudad-gaza\/","title":{"rendered":"El ejercito Israel\u00ed mat\u00f3 a cuatro periodistas al atacar la ciudad Gaza"},"content":{"rendered":"\n<p><strong><em>En un nuevo cap\u00edtulo de la violencia en la Franja de Gaza, un bombardeo israel\u00ed termin\u00f3 con la vida de cuatro periodistas de Al Jazeera, incluidos dos corresponsales y dos camar\u00f3grafos. La denuncia de un ataque intencional contra la prensa vuelve a encender el debate sobre la libertad de informar en zonas de guerra y la manipulaci\u00f3n del relato oficial.<\/em><\/strong><\/p>\n\n\n\n<p>En la vor\u00e1gine de la guerra, donde las bombas hablan m\u00e1s alto que las palabras, la noticia que llega desde Gaza duele y desconcierta. Cuatro periodistas de Al Jazeera, entre ellos el reconocido corresponsal Anas al-Sharif, murieron este domingo tras un bombardeo israel\u00ed que impact\u00f3 contra una carpa de prensa en Ciudad de Gaza. No se trataba de un lugar oculto, ni de una posici\u00f3n camuflada. Era una carpa identificada como punto de trabajo period\u00edstico, un espacio donde la \u00fanica \u201carma\u201d eran las c\u00e1maras y los micr\u00f3fonos.<\/p>\n\n\n\n<p>Al Jazeera, uno de los pocos medios internacionales que mantiene corresponsales permanentes en la zona, no tard\u00f3 en denunciar lo ocurrido como un ataque dirigido contra la prensa. Seg\u00fan el propio hospital Al Shifa, citado por la cadena, la muerte de al-Sharif y de sus tres compa\u00f1eros no fue un da\u00f1o colateral, sino el resultado de un bombardeo preciso. Sin embargo, el Ej\u00e9rcito israel\u00ed contest\u00f3 con una versi\u00f3n radicalmente opuesta y acus\u00f3 a al-Sharif de ser \u201cun miembro activo de Hamas\u201d, incluso jefe de una c\u00e9lula responsable de promover ataques con cohetes contra civiles israel\u00edes.<\/p>\n\n\n\n<p>Esa respuesta, repetida como mantra cada vez que un periodista resulta muerto en conflictos armados, plantea un dilema que va mucho m\u00e1s all\u00e1 de la disputa entre versiones. Porque cuando un gobierno o un ej\u00e9rcito decide desacreditar al muerto, lo que est\u00e1 en juego no es solo la reputaci\u00f3n del periodista, sino el derecho de las sociedades a conocer la verdad. Y es ah\u00ed donde el silencio se vuelve c\u00f3mplice.<\/p>\n\n\n\n<p>Para Al Jazeera, las acusaciones israel\u00edes no son m\u00e1s que una maniobra para justificar lo injustificable. El canal insiste en que sus trabajadores estaban en plena cobertura informativa, haciendo su trabajo en un espacio marcado como prensa. Lo que est\u00e1 en discusi\u00f3n no es solo un hecho puntual, sino una tendencia alarmante: el hostigamiento sistem\u00e1tico a los equipos de prensa en Gaza. La cadena qatar\u00ed, que ha denunciado en repetidas ocasiones ataques contra sus periodistas, vuelve a exigir garant\u00edas para poder informar sin que la muerte sea un riesgo calculado.<\/p>\n\n\n\n<p>La figura de Anas al-Sharif agrega peso a la tragedia. No era un improvisado ni un reci\u00e9n llegado. Su trabajo desde la Franja de Gaza hab\u00eda ganado reconocimiento internacional, justamente por cubrir un conflicto que otros medios hab\u00edan abandonado por la peligrosidad extrema. En una guerra donde la informaci\u00f3n es un campo de batalla tan importante como el frente militar, eliminar a quienes documentan los hechos puede ser tan eficaz como silenciar las sirenas de alarma.<\/p>\n\n\n\n<p>La versi\u00f3n israel\u00ed, por m\u00e1s enf\u00e1tica que sea, no despeja las dudas. Si realmente exist\u00edan pruebas de que al-Sharif era parte de Hamas, \u00bfpor qu\u00e9 esas acusaciones aparecen inmediatamente despu\u00e9s de su muerte y no antes? La oportunidad pol\u00edtica de esa narrativa es demasiado conveniente como para no despertar sospechas. El problema, como siempre, es que los muertos no pueden defenderse, y la disputa por la verdad queda atrapada entre comunicados oficiales y testimonios que rara vez llegan intactos al resto del mundo.<\/p>\n\n\n\n<p>La cobertura de Al Jazeera en Gaza no solo ha sido inc\u00f3moda para Israel, tambi\u00e9n para las potencias que lo respaldan. Mostrar el impacto real de los bombardeos, documentar la devastaci\u00f3n y poner rostro a las v\u00edctimas rompe con el relato as\u00e9ptico que algunos gobiernos intentan instalar. Es aqu\u00ed donde el episodio conecta con una problem\u00e1tica m\u00e1s amplia: cuando el poder pol\u00edtico busca monopolizar la verdad, el periodismo libre se convierte en un objetivo militar.<\/p>\n\n\n\n<p>Mientras las bombas siguen cayendo, las versiones oficiales se multiplican y las muertes se acumulan, el periodismo queda atrapado en un fuego cruzado que no distingue entre soldados y reporteros. Que una carpa de prensa sea alcanzada por un misil, en pleno centro de Ciudad de Gaza, no puede explicarse solo como un error t\u00e9cnico. Hay errores que se repiten demasiado como para seguir llam\u00e1ndolos accidentes.<\/p>\n\n\n\n<p>El asesinato de estos cuatro periodistas no es solo un golpe a la libertad de expresi\u00f3n, es un mensaje. Y aunque Israel lo niegue, ese mensaje resuena en cada rinc\u00f3n donde informar se ha convertido en un acto de valent\u00eda casi suicida. Gaza, con su cielo cubierto de drones y aviones, es hoy un laboratorio de guerra donde las leyes internacionales parecen papel mojado. Y, como tantas veces, el costo lo pagan quienes se atreven a contar lo que pasa.<\/p>\n\n\n\n<p>En medio de la tragedia, el silencio de ciertos gobiernos y organismos internacionales resulta ensordecedor. Las condenas formales, cuando llegan, se pierden en el ruido de otras noticias y en la comodidad de mirar hacia otro lado. Mientras tanto, el gobierno argentino de Javier Milei, que ha mostrado un alineamiento expl\u00edcito con las posiciones m\u00e1s duras del escenario internacional, guarda un silencio que no es neutral. En un contexto donde las democracias deber\u00edan defender a ultranza la libertad de prensa, callar ante el asesinato de periodistas equivale a legitimar la violencia que los mata.<\/p>\n\n\n\n<p>No se trata solo de una cuesti\u00f3n moral. El periodismo libre es uno de los pilares de cualquier sociedad que pretenda llamarse democr\u00e1tica. Si aceptamos que un ej\u00e9rcito pueda acusar sin pruebas a un periodista muerto para justificar su muerte, entonces aceptamos que la verdad sea un lujo reservado a los que detentan el poder. Y eso, en cualquier idioma, se llama censura por la fuerza.<\/p>\n\n\n\n<p>La muerte de Anas al-Sharif y sus tres colegas deber\u00eda encender todas las alarmas. No solo por lo que significa para Gaza, sino por lo que revela sobre el rumbo que est\u00e1n tomando los conflictos modernos: guerras donde matar la informaci\u00f3n es tan importante como ganar terreno. Y en esa l\u00f3gica perversa, la carpa de prensa destruida en Ciudad de Gaza no es un da\u00f1o colateral; es la prueba m\u00e1s cruda de que la verdad, cuando molesta, se intenta borrar a ca\u00f1onazos.<\/p>\n\n\n\n<p>Fuente: <a href=\"https:\/\/noticiasargentinas.com\/internacionales\/mueren-cuatro-periodistas-de-al-jazeera-en-gaza-tras-un-bombardeo-israeli_a68991f3ea65a4aef1589b8ea\">https:\/\/noticiasargentinas.com\/internacionales\/mueren-cuatro-periodistas-de-al-jazeera-en-gaza-tras-un-bombardeo-israeli_a68991f3ea65a4aef1589b8ea<\/a><\/p>\n","protected":false},"excerpt":{"rendered":"<p>Cuatro periodistas de Al Jazeera, incluido Anas al-Sharif, murieron en Gaza tras un bombardeo israel\u00ed contra una carpa de prensa. Mientras la cadena denuncia un ataque deliberado, Israel acusa al reportero de ser parte de Hamas. La tragedia reaviva el debate sobre la libertad de informar en zonas de guerra.<\/p>\n","protected":false},"author":1,"featured_media":7416,"comment_status":"open","ping_status":"open","sticky":false,"template":"","format":"standard","meta":{"_monsterinsights_skip_tracking":false,"_monsterinsights_sitenote_active":false,"_monsterinsights_sitenote_note":"","_monsterinsights_sitenote_category":0,"footnotes":"","jetpack_publicize_message":"","jetpack_publicize_feature_enabled":true,"jetpack_social_post_already_shared":true,"jetpack_social_options":{"image_generator_settings":{"template":"highway","default_image_id":0,"font":"","enabled":false},"version":2}},"categories":[7],"tags":[2869,1638,772,2867,297,2868,1754,45,933,1344],"class_list":["post-7415","post","type-post","status-publish","format-standard","has-post-thumbnail","hentry","category-mundo","tag-aljazeera","tag-bombardeo","tag-conflicto","tag-gaza","tag-guerra","tag-hamas","tag-israel","tag-milei","tag-periodistas","tag-prensa"],"jetpack_publicize_connections":[],"_links":{"self":[{"href":"https:\/\/www.enorsai.com\/noticias\/wp-json\/wp\/v2\/posts\/7415","targetHints":{"allow":["GET"]}}],"collection":[{"href":"https:\/\/www.enorsai.com\/noticias\/wp-json\/wp\/v2\/posts"}],"about":[{"href":"https:\/\/www.enorsai.com\/noticias\/wp-json\/wp\/v2\/types\/post"}],"author":[{"embeddable":true,"href":"https:\/\/www.enorsai.com\/noticias\/wp-json\/wp\/v2\/users\/1"}],"replies":[{"embeddable":true,"href":"https:\/\/www.enorsai.com\/noticias\/wp-json\/wp\/v2\/comments?post=7415"}],"version-history":[{"count":1,"href":"https:\/\/www.enorsai.com\/noticias\/wp-json\/wp\/v2\/posts\/7415\/revisions"}],"predecessor-version":[{"id":7417,"href":"https:\/\/www.enorsai.com\/noticias\/wp-json\/wp\/v2\/posts\/7415\/revisions\/7417"}],"wp:featuredmedia":[{"embeddable":true,"href":"https:\/\/www.enorsai.com\/noticias\/wp-json\/wp\/v2\/media\/7416"}],"wp:attachment":[{"href":"https:\/\/www.enorsai.com\/noticias\/wp-json\/wp\/v2\/media?parent=7415"}],"wp:term":[{"taxonomy":"category","embeddable":true,"href":"https:\/\/www.enorsai.com\/noticias\/wp-json\/wp\/v2\/categories?post=7415"},{"taxonomy":"post_tag","embeddable":true,"href":"https:\/\/www.enorsai.com\/noticias\/wp-json\/wp\/v2\/tags?post=7415"}],"curies":[{"name":"wp","href":"https:\/\/api.w.org\/{rel}","templated":true}]}}