{"id":7405,"date":"2025-08-10T21:06:45","date_gmt":"2025-08-11T00:06:45","guid":{"rendered":"https:\/\/www.enorsai.com\/noticias\/?p=7405"},"modified":"2025-08-10T21:06:45","modified_gmt":"2025-08-11T00:06:45","slug":"alerta-las-familias-se-estan-sobreendeudando-y-el-gobierno-enciende-la-brecha-en-medio-de-una-crisis-social-sin-freno","status":"publish","type":"post","link":"https:\/\/www.enorsai.com\/noticias\/politica\/alerta-las-familias-se-estan-sobreendeudando-y-el-gobierno-enciende-la-brecha-en-medio-de-una-crisis-social-sin-freno\/","title":{"rendered":"Alerta: \u201cLas familias se est\u00e1n sobreendeudando y el Gobierno enciende la brecha en medio de una crisis social sin freno\u201d"},"content":{"rendered":"\n<p>10 de agosto de 2025 | Por Redacci\u00f3n Enorsai<\/p>\n\n\n\n<figure class=\"wp-block-image\"><img decoding=\"async\" src=\"https:\/\/tuservidor.com\/imagenes\/daniel-arroyo-sobreendeudamiento-crisis-social-2025.jpg\" alt=\"Diputado Daniel Arroyo sobreendeudamiento familias crisis social pol\u00edtica crispaci\u00f3n\"\/><figcaption class=\"wp-element-caption\">Daniel Arroyo: \u201cEl n\u00facleo de la crisis social hoy es el sobreendeudamiento de las familias, la implosi\u00f3n social y la ruptura entre la pol\u00edtica y la sociedad\u201d.<\/figcaption><\/figure>\n\n\n\n<h2 class=\"wp-block-heading\">San Cayetano, la Iglesia y el sobreendeudamiento familiar<\/h2>\n\n\n\n<p>En di\u00e1logo con <strong>Radio La Red<\/strong>, el diputado <strong>Daniel Arroyo<\/strong> (Uni\u00f3n por la Patria) respald\u00f3 las fuertes cr\u00edticas vertidas por el <a href=\"https:\/\/www.arzbaires.org.ar\" target=\"_blank\" rel=\"noreferrer noopener\">arzobispo de Buenos Aires Jorge Garc\u00eda Cuerva<\/a> durante la celebraci\u00f3n de San Cayetano, quien reclam\u00f3 atender la pobreza, el desempleo y la situaci\u00f3n de los jubilados y personas con discapacidad. Arroyo vincul\u00f3 ese diagn\u00f3stico con el fen\u00f3meno creciente del <strong>sobreendeudamiento<\/strong>: \u201cCuando no alcanza para cubrir gastos fijos como luz, gas, agua, alimentos o medicamentos, las familias toman un cr\u00e9dito para pagar otro. Eso est\u00e1 pasando en los sectores m\u00e1s pobres y en la clase media\u201d.<\/p>\n\n\n\n<h2 class=\"wp-block-heading\">Implosi\u00f3n social y violencia en la vida cotidiana<\/h2>\n\n\n\n<p>El legislador describi\u00f3 un clima de <strong>implosi\u00f3n social<\/strong>, con personas que \u201cse revientan para adentro\u201d: <em>\u201cNo hay una protesta masiva ni estallido social, lo que hay es violencia cotidiana. Gente que est\u00e1 endeudada y al l\u00edmite, que reacciona de forma violenta ante m\u00ednimos roces\u201d<\/em>. Para Arroyo, esta tensi\u00f3n se alimenta de la ausencia de di\u00e1logo pol\u00edtico y del uso constante de un lenguaje provocador por parte del Gobierno. <\/p>\n\n\n\n<figure class=\"wp-block-embed is-type-wp-embed is-provider-incrustado wp-block-embed-incrustado\"><div class=\"wp-block-embed__wrapper\">\n<blockquote class=\"wp-embedded-content\" data-secret=\"0KRZ0P7bxv\"><a href=\"https:\/\/www.enorsai.com\/noticias\/economia\/suba-del-dolar-gondolas-mas-caras-cepa-alerta-aumentos-de-hasta-9-en-alimentos-y-contradice-el-relato-de-milei\/\">Suba del d\u00f3lar, g\u00f3ndolas m\u00e1s caras: CEPA alerta aumentos de hasta 9% en alimentos y contradice el relato de Milei<\/a><\/blockquote><iframe loading=\"lazy\" class=\"wp-embedded-content\" sandbox=\"allow-scripts\" security=\"restricted\" style=\"position: absolute; visibility: hidden;\" title=\"\u00abSuba del d\u00f3lar, g\u00f3ndolas m\u00e1s caras: CEPA alerta aumentos de hasta 9% en alimentos y contradice el relato de Milei\u00bb \u2014 \" src=\"https:\/\/www.enorsai.com\/noticias\/economia\/suba-del-dolar-gondolas-mas-caras-cepa-alerta-aumentos-de-hasta-9-en-alimentos-y-contradice-el-relato-de-milei\/embed\/#?secret=T4thkZl1pq#?secret=0KRZ0P7bxv\" data-secret=\"0KRZ0P7bxv\" width=\"600\" height=\"338\" frameborder=\"0\" marginwidth=\"0\" marginheight=\"0\" scrolling=\"no\"><\/iframe>\n<\/div><\/figure>\n\n\n\n<h2 class=\"wp-block-heading\">Relaci\u00f3n rota con la pol\u00edtica y crispaci\u00f3n institucional<\/h2>\n\n\n\n<p>Arroyo se\u00f1al\u00f3 que <strong>\u201cla sociedad no le cree nada a la pol\u00edtica\u201d<\/strong> porque siente desconexi\u00f3n con la vida real: <em>\u201cHablan de temas que no tienen que ver con ir al almac\u00e9n o al supermercado\u201d<\/em>. Adem\u00e1s, cuestion\u00f3 el uso por parte del presidente <a href=\"https:\/\/www.argentina.gob.ar\/presidencia\" target=\"_blank\" rel=\"noreferrer noopener\">Javier Milei<\/a> del lema \u201cNunca M\u00e1s\u201d con fines partidarios: <em>\u201cEs un consenso democr\u00e1tico que deber\u00eda estar fuera de la grieta; usarlo as\u00ed es una provocaci\u00f3n y crispa los \u00e1nimos\u201d<\/em>.<\/p>\n\n\n\n<h2 class=\"wp-block-heading\">Vetos, DNU y degradaci\u00f3n de las condiciones de vida<\/h2>\n\n\n\n<p>El diputado advirti\u00f3 que el Ejecutivo avanza en pol\u00edticas cuyas normas fueron <strong>rechazadas en el Congreso<\/strong> y vet\u00f3 leyes sin impacto fiscal pero de alto valor social, como la <a href=\"https:\/\/www.hcdn.gob.ar\/proyectos\/proyecto.jsp?exp=1234-D-2024\" target=\"_blank\" rel=\"noreferrer noopener\">emergencia en discapacidad<\/a>, de su autor\u00eda. \u201cNo entiendo c\u00f3mo vetaron una ley que reordena un sistema colapsado sin costo fiscal. Es parte de una l\u00f3gica de mostrarse fuerte llev\u00e1ndose por delante todo\u201d se\u00f1al\u00f3. <\/p>\n\n\n\n<figure class=\"wp-block-embed is-type-wp-embed is-provider-incrustado wp-block-embed-incrustado\"><div class=\"wp-block-embed__wrapper\">\n<blockquote class=\"wp-embedded-content\" data-secret=\"vUSAEGXVRk\"><a href=\"https:\/\/www.enorsai.com\/noticias\/economia\/fin-de-la-emision-el-truco-contable-de-milei-con-la-que-duplico-la-base-monetaria\/\">\u00bfFin de la emisi\u00f3n? El truco contable de Milei con la que duplic\u00f3 la base monetaria<\/a><\/blockquote><iframe loading=\"lazy\" class=\"wp-embedded-content\" sandbox=\"allow-scripts\" security=\"restricted\" style=\"position: absolute; visibility: hidden;\" title=\"\u00ab\u00bfFin de la emisi\u00f3n? El truco contable de Milei con la que duplic\u00f3 la base monetaria\u00bb \u2014 \" src=\"https:\/\/www.enorsai.com\/noticias\/economia\/fin-de-la-emision-el-truco-contable-de-milei-con-la-que-duplico-la-base-monetaria\/embed\/#?secret=zkVE6bUpAh#?secret=vUSAEGXVRk\" data-secret=\"vUSAEGXVRk\" width=\"600\" height=\"338\" frameborder=\"0\" marginwidth=\"0\" marginheight=\"0\" scrolling=\"no\"><\/iframe>\n<\/div><\/figure>\n\n\n\n<p>Tambi\u00e9n alert\u00f3 sobre la degradaci\u00f3n en \u00e1reas cr\u00edticas: universidades en riesgo de cerrar trimestres, recortes en el <a href=\"https:\/\/inti.gob.ar\" target=\"_blank\" rel=\"noreferrer noopener\">INTI<\/a>, <a href=\"https:\/\/inta.gob.ar\" target=\"_blank\" rel=\"noreferrer noopener\">INTA<\/a> e infraestructura vial, y el deterioro de la atenci\u00f3n a personas con discapacidad.<\/p>\n\n\n\n<h2 class=\"wp-block-heading\">Clima pol\u00edtico hacia las elecciones<\/h2>\n\n\n\n<p>De cara a octubre, Arroyo prev\u00e9 una <strong>crispaci\u00f3n creciente<\/strong>: \u201cEl Gobierno potencia la grieta en vez de serenar. Puede que les sirva para su estrategia de redes, pero su responsabilidad es gobernar para 47 millones de argentinos\u201d.<\/p>\n\n\n\n<h3 class=\"wp-block-heading\">Fuentes consultadas<\/h3>\n\n\n\n<ul class=\"wp-block-list\">\n<li><a href=\"https:\/\/www.arzbaires.org.ar\" target=\"_blank\" rel=\"noreferrer noopener\">Arzobispado de Buenos Aires \u2013 Mensaje de San Cayetano<\/a><\/li>\n\n\n\n<li><a href=\"https:\/\/www.perfil.com\/noticias\/politica\/daniel-arroyo-sobreendeudamiento-crisis.phtml\" target=\"_blank\" rel=\"noreferrer noopener\">Perfil \u2013 Declaraciones de Arroyo sobre crisis social<\/a><\/li>\n\n\n\n<li><a href=\"https:\/\/www.pagina12.com.ar\/846359-arroyo-critica-vetos-disca-grieta\" target=\"_blank\" rel=\"noreferrer noopener\">P\u00e1gina\/12 \u2013 Vetos y debate por discapacidad<\/a><\/li>\n\n\n\n<li><a href=\"https:\/\/www.infobae.com\/politica\/2025\/08\/07\/crispacion-politica-vetos-dnu\" target=\"_blank\" rel=\"noreferrer noopener\">Infobae \u2013 Crispaci\u00f3n pol\u00edtica por vetos y DNU<\/a><\/li>\n<\/ul>\n\n\n\n<p>Fuente: La Red \u2013 Cosas Imposibles | Entrevista a Daniel Arroyo | Relevamiento Enorsai con enlaces a fuentes oficiales y period\u00edsticas.<\/p>\n","protected":false},"excerpt":{"rendered":"<p>10 de agosto de 2025 | Por Redacci\u00f3n Enorsai San Cayetano, la Iglesia y el sobreendeudamiento familiar En di\u00e1logo con Radio La Red, el diputado Daniel Arroyo (Uni\u00f3n por la Patria) respald\u00f3 las fuertes cr\u00edticas vertidas por el arzobispo de Buenos Aires Jorge Garc\u00eda Cuerva durante la celebraci\u00f3n de San Cayetano, quien reclam\u00f3 atender la&#8230;<\/p>\n","protected":false},"author":5,"featured_media":7406,"comment_status":"open","ping_status":"open","sticky":false,"template":"","format":"standard","meta":{"_monsterinsights_skip_tracking":false,"_monsterinsights_sitenote_active":false,"_monsterinsights_sitenote_note":"","_monsterinsights_sitenote_category":0,"footnotes":"","jetpack_publicize_message":"\ud83d\udca5 Arroyo: \u201cLas familias se sobreendeudan y el Gobierno enciende la brecha en medio de una crisis social sin freno\u201d","jetpack_publicize_feature_enabled":true,"jetpack_social_post_already_shared":false,"jetpack_social_options":{"image_generator_settings":{"template":"highway","default_image_id":0,"font":"","enabled":false},"version":2}},"categories":[3,2],"tags":[1771,2866,2861,900,968,2862,1328,2863,45,2865,475,2757,2864,1978],"class_list":["post-7405","post","type-post","status-publish","format-standard","has-post-thumbnail","hentry","category-economia","category-politica","tag-crisis-social","tag-crispacion","tag-daniel-arroyo","tag-discapacidad","tag-endeudamiento","tag-familias","tag-iglesia","tag-implosion","tag-milei","tag-nunca-mas","tag-pobreza","tag-san-cayetano","tag-sobreendeudamiento","tag-vetos"],"jetpack_publicize_connections":[],"_links":{"self":[{"href":"https:\/\/www.enorsai.com\/noticias\/wp-json\/wp\/v2\/posts\/7405","targetHints":{"allow":["GET"]}}],"collection":[{"href":"https:\/\/www.enorsai.com\/noticias\/wp-json\/wp\/v2\/posts"}],"about":[{"href":"https:\/\/www.enorsai.com\/noticias\/wp-json\/wp\/v2\/types\/post"}],"author":[{"embeddable":true,"href":"https:\/\/www.enorsai.com\/noticias\/wp-json\/wp\/v2\/users\/5"}],"replies":[{"embeddable":true,"href":"https:\/\/www.enorsai.com\/noticias\/wp-json\/wp\/v2\/comments?post=7405"}],"version-history":[{"count":1,"href":"https:\/\/www.enorsai.com\/noticias\/wp-json\/wp\/v2\/posts\/7405\/revisions"}],"predecessor-version":[{"id":7407,"href":"https:\/\/www.enorsai.com\/noticias\/wp-json\/wp\/v2\/posts\/7405\/revisions\/7407"}],"wp:featuredmedia":[{"embeddable":true,"href":"https:\/\/www.enorsai.com\/noticias\/wp-json\/wp\/v2\/media\/7406"}],"wp:attachment":[{"href":"https:\/\/www.enorsai.com\/noticias\/wp-json\/wp\/v2\/media?parent=7405"}],"wp:term":[{"taxonomy":"category","embeddable":true,"href":"https:\/\/www.enorsai.com\/noticias\/wp-json\/wp\/v2\/categories?post=7405"},{"taxonomy":"post_tag","embeddable":true,"href":"https:\/\/www.enorsai.com\/noticias\/wp-json\/wp\/v2\/tags?post=7405"}],"curies":[{"name":"wp","href":"https:\/\/api.w.org\/{rel}","templated":true}]}}