{"id":7386,"date":"2025-08-10T12:06:29","date_gmt":"2025-08-10T15:06:29","guid":{"rendered":"https:\/\/www.enorsai.com\/noticias\/?p=7386"},"modified":"2025-08-10T12:06:29","modified_gmt":"2025-08-10T15:06:29","slug":"che-milei-el-ajuste-infinito-no-cierra-heller-revela-con-links-y-datos-como-tu-modelo-multiplica-la-pobreza-y-la-deuda","status":"publish","type":"post","link":"https:\/\/www.enorsai.com\/noticias\/economia\/che-milei-el-ajuste-infinito-no-cierra-heller-revela-con-links-y-datos-como-tu-modelo-multiplica-la-pobreza-y-la-deuda\/","title":{"rendered":"Che Milei, el ajuste infinito no cierra: Heller revela con links y datos c\u00f3mo tu modelo multiplica la pobreza y la deuda"},"content":{"rendered":"\n<p>10 de agosto de 2025 | Por Redacci\u00f3n Enorsai<\/p>\n\n\n\n<figure class=\"wp-block-image\"><img decoding=\"async\" src=\"https:\/\/tuservidor.com\/imagenes\/heller-milei-ajuste-cadena-nacional-2025.jpg\" alt=\"Carlos Heller cr\u00edtica Milei ajuste cadena nacional pobreza deuda retenciones\"\/><figcaption class=\"wp-element-caption\">Los n\u00fameros oficiales y los testimonios parlamentarios dejan claro: el modelo de Milei multiplica el ajuste, la pobreza y la deuda.<\/figcaption><\/figure>\n\n\n\n<h2 class=\"wp-block-heading\">\u201cRepite los mismos dogmas y deja a la gente afuera\u201d: el an\u00e1lisis de Heller<\/h2>\n\n\n\n<p>Carlos Heller (Uni\u00f3n por la Patria) desarm\u00f3 el \u00faltimo mensaje presidencial en Radio 10: <strong>\u201cEl presidente no innova, repite el dogma del equilibrio macro y el ajuste permanente, sin mirar el impacto social\u201d<\/strong>.<br>El modelo parte de priorizar el pago de deuda y de intereses <a href=\"https:\/\/www.bcra.gob.ar\/Pdfs\/Publicaciones\/InformeSemanalMercadoMonetario.pdf\" target=\"_blank\" rel=\"noreferrer noopener\">(ver informe BCRA)<\/a>, aunque eso implique menos recaudaci\u00f3n, menor presupuesto productivo y m\u00e1s hambre <a href=\"https:\/\/www.argentina.gob.ar\/noticias\/el-estado-nacional-reduce-retenciones-al-campo-boletin-oficial\" target=\"_blank\" rel=\"noreferrer noopener\">(Bolet\u00edn Oficial sobre retenciones)<\/a>. <\/p>\n\n\n\n<figure class=\"wp-block-embed is-type-wp-embed is-provider-incrustado wp-block-embed-incrustado\"><div class=\"wp-block-embed__wrapper\">\n<blockquote class=\"wp-embedded-content\" data-secret=\"OpbevLt8Jd\"><a href=\"https:\/\/www.enorsai.com\/noticias\/economia\/despidos-masivos-y-salarios-en-cuotas-en-granja-tres-arroyos\/\">Despidos masivos y salarios en cuotas en Granja Tres Arroyos<\/a><\/blockquote><iframe loading=\"lazy\" class=\"wp-embedded-content\" sandbox=\"allow-scripts\" security=\"restricted\" style=\"position: absolute; visibility: hidden;\" title=\"\u00abDespidos masivos y salarios en cuotas en Granja Tres Arroyos\u00bb \u2014 \" src=\"https:\/\/www.enorsai.com\/noticias\/economia\/despidos-masivos-y-salarios-en-cuotas-en-granja-tres-arroyos\/embed\/#?secret=HeyyeL1Cbh#?secret=OpbevLt8Jd\" data-secret=\"OpbevLt8Jd\" width=\"600\" height=\"338\" frameborder=\"0\" marginwidth=\"0\" marginheight=\"0\" scrolling=\"no\"><\/iframe>\n<\/div><\/figure>\n\n\n\n<h2 class=\"wp-block-heading\">Presupuesto sin l\u00f3gica social y deuda fuera de control<\/h2>\n\n\n\n<p>Heller compara la actual reducci\u00f3n de bienes personales y retenciones (ver <a href=\"https:\/\/www.afip.gob.ar\/genericos\/guiaDeTramites\/consulta.asp?tr=257\" rel=\"noreferrer noopener\" target=\"_blank\">AFIP<\/a> y <a href=\"https:\/\/www.argentina.gob.ar\/interior\/retenciones\/mineria\" rel=\"noreferrer noopener\" target=\"_blank\">Ministerio de Econom\u00eda<\/a>) con el aporte solidario de 2021, que recaud\u00f3 USD2,600 millones entre apenas 10,000 personas, destinando fondos a salud, becas y pymes <a href=\"https:\/\/www.telam.com.ar\/notas\/202108\/567983-aporte-solidario-millonarios-uso-destino-fondos.html\" rel=\"noreferrer noopener\" target=\"_blank\">(detalle en T\u00e9lam)<\/a>.<br>\u201cHoy esos tributos desaparecieron y el Estado prioriza el pago de deuda: para el pr\u00f3ximo trienio, el FMI exige pagos por USD7,500 millones <a href=\"https:\/\/www.imf.org\/es\/Countries\/ARG\" rel=\"noreferrer noopener\" target=\"_blank\">(c\u00e1lculo oficial FMI)<\/a>, y el sistema de bonos implica pagos de USD16,000 millones en 2027 <a href=\"https:\/\/www.lanacion.com.ar\/economia\/calendario-pagos-bonos-argentina-nid23102021\/\" rel=\"noreferrer noopener\" target=\"_blank\">(La Naci\u00f3n, calendario bonos)<\/a>.\u201d<\/p>\n\n\n\n<h2 class=\"wp-block-heading\">Ajuste infinito: menos ingresos y recortes perpetuos<\/h2>\n\n\n\n<p>El modelo \u201csuper\u00e1vit a cualquier costo\u201d, se\u00f1ala Heller, s\u00f3lo puede sostenerse recortando gastos sociales, salarios p\u00fablicos, jubilaciones y medicamentos mientras la recaudaci\u00f3n cae a m\u00ednimos hist\u00f3ricos <a href=\"https:\/\/www.pagina12.com.ar\/881647-recaudacion-fiscal-record-bajo-milei\" target=\"_blank\" rel=\"noreferrer noopener\">(ver an\u00e1lisis P\u00e1gina\/12)<\/a>.<br><strong>M\u00e1s austeridad y menos inversi\u00f3n significan m\u00e1s hambre, indigencia y precariedad.<\/strong> \u201cEste ajuste jam\u00e1s termina: la consigna es recortar el gasto todo lo necesario hasta que cierren los n\u00fameros del pago de deuda, aunque el pa\u00eds se hunda\u201d. <\/p>\n\n\n\n<figure class=\"wp-block-embed is-type-wp-embed is-provider-incrustado wp-block-embed-incrustado\"><div class=\"wp-block-embed__wrapper\">\n<blockquote class=\"wp-embedded-content\" data-secret=\"d855gfhUS9\"><a href=\"https:\/\/www.enorsai.com\/noticias\/politica\/dolar-alimentos-en-alza-y-salarios-pisados-bercovich-denuncia-el-verdadero-costo-de-la-bicicleta-financiera\/\">D\u00f3lar, alimentos en alza y salarios pisados: Bercovich denuncia el verdadero costo de la \u201cbicicleta financiera\u201d<\/a><\/blockquote><iframe loading=\"lazy\" class=\"wp-embedded-content\" sandbox=\"allow-scripts\" security=\"restricted\" style=\"position: absolute; visibility: hidden;\" title=\"\u00abD\u00f3lar, alimentos en alza y salarios pisados: Bercovich denuncia el verdadero costo de la \u201cbicicleta financiera\u201d\u00bb \u2014 \" src=\"https:\/\/www.enorsai.com\/noticias\/politica\/dolar-alimentos-en-alza-y-salarios-pisados-bercovich-denuncia-el-verdadero-costo-de-la-bicicleta-financiera\/embed\/#?secret=tE7XYcDZKM#?secret=d855gfhUS9\" data-secret=\"d855gfhUS9\" width=\"600\" height=\"338\" frameborder=\"0\" marginwidth=\"0\" marginheight=\"0\" scrolling=\"no\"><\/iframe>\n<\/div><\/figure>\n\n\n\n<h3 class=\"wp-block-heading\">Fuentes period\u00edsticas y oficiales consultadas<\/h3>\n\n\n\n<ul class=\"wp-block-list\">\n<li><a href=\"https:\/\/www.imf.org\/es\/Countries\/ARG\" target=\"_blank\" rel=\"noreferrer noopener\">FMI: pagos y cronograma de deuda Argentina<\/a><\/li>\n\n\n\n<li><a href=\"https:\/\/www.bcra.gob.ar\/Pdfs\/Publicaciones\/InformeSemanalMercadoMonetario.pdf\" target=\"_blank\" rel=\"noreferrer noopener\">BCRA: informe monetario semanal<\/a><\/li>\n\n\n\n<li><a href=\"https:\/\/www.afip.gob.ar\/genericos\/guiaDeTramites\/consulta.asp?tr=257\" target=\"_blank\" rel=\"noreferrer noopener\">AFIP: nuevos impuestos y retenciones<\/a><\/li>\n\n\n\n<li><a href=\"https:\/\/www.lanacion.com.ar\/economia\/calendario-pagos-bonos-argentina-nid23102021\/\" target=\"_blank\" rel=\"noreferrer noopener\">La Naci\u00f3n: calendario de pagos de bonos<\/a><\/li>\n\n\n\n<li><a href=\"https:\/\/www.argentina.gob.ar\/noticias\/el-estado-nacional-reduce-retenciones-al-campo-boletin-oficial\" target=\"_blank\" rel=\"noreferrer noopener\">Bolet\u00edn Oficial: baja de retenciones<\/a><\/li>\n\n\n\n<li><a href=\"https:\/\/www.telam.com.ar\/notas\/202108\/567983-aporte-solidario-millonarios-uso-destino-fondos.html\" target=\"_blank\" rel=\"noreferrer noopener\">T\u00e9lam: informe sobre aporte solidario<\/a><\/li>\n\n\n\n<li><a href=\"https:\/\/www.pagina12.com.ar\/881647-recaudacion-fiscal-record-bajo-milei\" target=\"_blank\" rel=\"noreferrer noopener\">P\u00e1gina\/12: recaudaci\u00f3n fiscal bajo Milei<\/a><\/li>\n<\/ul>\n\n\n\n<p>Fuente: Radio 10 &#8211; Reloj de Arena | Declaraciones de Carlos Heller | Relevamiento Enorsai | Enlaces a fuentes oficiales y period\u00edsticas.<\/p>\n","protected":false},"excerpt":{"rendered":"<p>Carlos Heller desarma el relato de Milei tras la cadena nacional: menos impuestos a los ricos, recortes eternos y una deuda que ahoga a la sociedad. El resultado, advierte, ser\u00e1 m\u00e1s hambre y ajuste, bajo un modelo que repite dogmas y olvida el bienestar real de los argentinos.<\/p>\n","protected":false},"author":5,"featured_media":7387,"comment_status":"open","ping_status":"open","sticky":false,"template":"","format":"standard","meta":{"_monsterinsights_skip_tracking":false,"_monsterinsights_sitenote_active":false,"_monsterinsights_sitenote_note":"","_monsterinsights_sitenote_category":0,"footnotes":"","jetpack_publicize_message":"\ud83d\udd25 Che Milei: Heller revela c\u00f3mo el ajuste infinito de Milei multiplica la pobreza y la deuda mientras el modelo repite las mismas recetas de siempre","jetpack_publicize_feature_enabled":true,"jetpack_social_post_already_shared":false,"jetpack_social_options":{"image_generator_settings":{"template":"highway","default_image_id":0,"font":"","enabled":false},"version":2}},"categories":[3],"tags":[58,2850,2818,2323,2845,257,2852,26,90,1172,55,1046,2851,40,475,1289,795,11,493],"class_list":["post-7386","post","type-post","status-publish","format-standard","has-post-thumbnail","hentry","category-economia","tag-ajuste","tag-bienes-personales","tag-cadena-nacional","tag-carlos-heller","tag-che-milei","tag-congreso","tag-critica-politica","tag-deuda","tag-fmi","tag-hambre","tag-impuestos","tag-indigencia","tag-intereses","tag-modelo-economico","tag-pobreza","tag-presupuesto","tag-recortes","tag-retenciones","tag-union-por-la-patria"],"jetpack_publicize_connections":[],"_links":{"self":[{"href":"https:\/\/www.enorsai.com\/noticias\/wp-json\/wp\/v2\/posts\/7386","targetHints":{"allow":["GET"]}}],"collection":[{"href":"https:\/\/www.enorsai.com\/noticias\/wp-json\/wp\/v2\/posts"}],"about":[{"href":"https:\/\/www.enorsai.com\/noticias\/wp-json\/wp\/v2\/types\/post"}],"author":[{"embeddable":true,"href":"https:\/\/www.enorsai.com\/noticias\/wp-json\/wp\/v2\/users\/5"}],"replies":[{"embeddable":true,"href":"https:\/\/www.enorsai.com\/noticias\/wp-json\/wp\/v2\/comments?post=7386"}],"version-history":[{"count":1,"href":"https:\/\/www.enorsai.com\/noticias\/wp-json\/wp\/v2\/posts\/7386\/revisions"}],"predecessor-version":[{"id":7388,"href":"https:\/\/www.enorsai.com\/noticias\/wp-json\/wp\/v2\/posts\/7386\/revisions\/7388"}],"wp:featuredmedia":[{"embeddable":true,"href":"https:\/\/www.enorsai.com\/noticias\/wp-json\/wp\/v2\/media\/7387"}],"wp:attachment":[{"href":"https:\/\/www.enorsai.com\/noticias\/wp-json\/wp\/v2\/media?parent=7386"}],"wp:term":[{"taxonomy":"category","embeddable":true,"href":"https:\/\/www.enorsai.com\/noticias\/wp-json\/wp\/v2\/categories?post=7386"},{"taxonomy":"post_tag","embeddable":true,"href":"https:\/\/www.enorsai.com\/noticias\/wp-json\/wp\/v2\/tags?post=7386"}],"curies":[{"name":"wp","href":"https:\/\/api.w.org\/{rel}","templated":true}]}}