{"id":7368,"date":"2025-08-09T20:00:05","date_gmt":"2025-08-09T23:00:05","guid":{"rendered":"https:\/\/www.enorsai.com\/noticias\/?p=7368"},"modified":"2025-08-09T20:00:05","modified_gmt":"2025-08-09T23:00:05","slug":"che-milei-cristina-lo-fulmina-y-desenmascara-el-delirio-cosmico-del-modelo-que-arruina-derechos-y-engana-con-los-salarios","status":"publish","type":"post","link":"https:\/\/www.enorsai.com\/noticias\/politica\/che-milei-cristina-lo-fulmina-y-desenmascara-el-delirio-cosmico-del-modelo-que-arruina-derechos-y-engana-con-los-salarios\/","title":{"rendered":"Che Milei: Cristina lo fulmina y desenmascara el \u201cdelirio c\u00f3smico\u201d del modelo que arruina derechos y enga\u00f1a con los salarios"},"content":{"rendered":"\n<p>9 de agosto de 2025 | Por Redacci\u00f3n Enorsai<\/p>\n\n\n\n<figure class=\"wp-block-image\"><img decoding=\"async\" src=\"https:\/\/tuservidor.com\/imagenes\/Che-Milei-CFK-cadena-nacional-delirio-2025.jpg\" alt=\"CFK che Milei cr\u00edtica cadena nacional derechos salarios inflaci\u00f3n emisi\u00f3n\"\/><figcaption class=\"wp-element-caption\">Cristina Fern\u00e1ndez de Kirchner viraliz\u00f3 #CheMilei y dinamita el relato oficial: \u201cTe van a sacar con un chaleco de fuerza\u201d.<\/figcaption><\/figure>\n\n\n\n<h2 class=\"wp-block-heading\">Che Milei: la frase viral y el mensaje que encendi\u00f3 la pol\u00edtica nacional<\/h2>\n\n\n\n<p>Tras la \u00faltima cadena nacional de Javier Milei, <strong>Cristina Fern\u00e1ndez de Kirchner<\/strong> explot\u00f3 las redes con el ya tendencia <strong>\u201cChe Milei\u201d<\/strong>: \u201cAcabo de escuchar tu cadena nacional de anoche y, disculpame, pero m\u00e1s que con los pies para adelante, a vos te van a sacar con un chaleco de fuerza de la Rosada\u201d. El mensaje fue contundente, cargado de iron\u00eda y r\u00e1pidamente gener\u00f3 discusiones en la sociedad y entre referentes pol\u00edticos[2][6][13][20].<\/p>\n\n\n\n<p>El n\u00facleo de la cr\u00edtica: Milei miente sobre los salarios, la emisi\u00f3n y el verdadero impacto de su modelo. Cristina ampl\u00eda: \u201cTen\u00e9s que estar loco o ser un gran mentiroso para decir que los salarios le ganaron a la inflaci\u00f3n y que ahora comen m\u00e1s que antes. Daaaaale\u2026 \u00bfEn serio\u2026?\u201d[2][6][13].<\/p>\n\n\n\n<h2 class=\"wp-block-heading\">Desmitificando el relato oficial: \u00bfLe ganan los salarios a la inflaci\u00f3n?<\/h2>\n\n\n\n<p>Milei celebr\u00f3 que los salarios superaron la inflaci\u00f3n, exhibiendo datos del INDEC \u2014pero s\u00f3lo del \u00faltimo mes, y sobre algunas categor\u00edas\u2014[9]. Sin embargo, analistas del mercado y estudios privados muestran que <strong>los salarios \u201cpretendidos\u201d en realidad subieron menos que la inflaci\u00f3n en mayo<\/strong>[16]. El resultado en la calle es otro: suba de precios en alimentos (2% semanal en agosto), consumo estancado y p\u00e9rdida de poder adquisitivo.<\/p>\n\n\n\n<p>Gran parte del \u201cavance\u201d salarial se explica por la din\u00e1mica de baja demanda y recorte de importes reales. Los salarios privados registrados apenas subieron 2% en mayo; el empleo p\u00fablico avanz\u00f3 3,3%. Pero la inflaci\u00f3n fue del 1,5% y, seg\u00fan estudios, en junio y julio ya retorn\u00f3 la brecha, con salarios corriendo atr\u00e1s de los precios[16]. <\/p>\n\n\n\n<figure class=\"wp-block-embed is-type-wp-embed is-provider-incrustado wp-block-embed-incrustado\"><div class=\"wp-block-embed__wrapper\">\n<blockquote class=\"wp-embedded-content\" data-secret=\"AMn7PIijej\"><a href=\"https:\/\/www.enorsai.com\/noticias\/politica\/por-que-el-gobierno-de-milei-emite-tantos-pesos-si-dice-que-no-lo-hace\/\">\u00bfPor qu\u00e9 el gobierno de Milei emite tantos pesos si dice que no lo hace?<\/a><\/blockquote><iframe loading=\"lazy\" class=\"wp-embedded-content\" sandbox=\"allow-scripts\" security=\"restricted\" style=\"position: absolute; visibility: hidden;\" title=\"\u00ab\u00bfPor qu\u00e9 el gobierno de Milei emite tantos pesos si dice que no lo hace?\u00bb \u2014 \" src=\"https:\/\/www.enorsai.com\/noticias\/politica\/por-que-el-gobierno-de-milei-emite-tantos-pesos-si-dice-que-no-lo-hace\/embed\/#?secret=ysUep1SzKb#?secret=AMn7PIijej\" data-secret=\"AMn7PIijej\" width=\"600\" height=\"338\" frameborder=\"0\" marginwidth=\"0\" marginheight=\"0\" scrolling=\"no\"><\/iframe>\n<\/div><\/figure>\n\n\n\n<h2 class=\"wp-block-heading\">Emisi\u00f3n monetaria y la \u201ctimba financiera\u201d: Cristina confronta el mito Milei<\/h2>\n\n\n\n<p>Milei insiste en que no hay emisi\u00f3n monetaria, pero la realidad es otra: <strong>la base monetaria creci\u00f3 m\u00e1s de 100% en el primer semestre de 2025<\/strong>, mucho m\u00e1s que el 13% del mismo periodo en 2023[7][20]. La emisi\u00f3n no s\u00f3lo financia el gasto corriente, sino el pago de intereses astron\u00f3micos de la \u201cbicicleta financiera\u201d y los rescates de t\u00edtulos.<\/p>\n\n\n\n<p>Cristina ironiza: \u201c\u00bfCon qu\u00e9 pag\u00e1s las tasas de inter\u00e9s por las nubes? \u00bfCon chupetines? No, con emisi\u00f3n de dinero. \u00bfY qui\u00e9n se lleva esa emisi\u00f3n? Los mismos de siempre, Milei, los que tienen su mejor representante en tu Ministro de Econom\u00eda\u201d[2][13][20].<\/p>\n\n\n\n<h2 class=\"wp-block-heading\">De la democracia a la deriva autoritaria: el peligro que denuncia CFK<\/h2>\n\n\n\n<p>La expresidenta advierte sobre el <strong>viraje autoritario y el ataque a derechos en la gesti\u00f3n Milei<\/strong>, se\u00f1alando el uso de la cadena nacional para justificar el veto a leyes que ampliaban derechos (aumento a jubilados, emergencia en discapacidad)[10][17][18][19].<\/p>\n\n\n\n<p>Kicillof, y estudios de polit\u00f3logos, ratifican esta alarma: criminalizaci\u00f3n de opositores, represi\u00f3n de protestas, y un Congreso cada vez m\u00e1s presionado para no votar leyes que cubran necesidades sociales. \u201cLas cadenas nacionales de Milei son para quitar derechos, recortar el gasto social y agredir a los m\u00e1s vulnerables\u201d, resume la cr\u00edtica[10][17][8][15]. <\/p>\n\n\n\n<figure class=\"wp-block-embed is-type-wp-embed is-provider-incrustado wp-block-embed-incrustado\"><div class=\"wp-block-embed__wrapper\">\n<blockquote class=\"wp-embedded-content\" data-secret=\"Uc38CUFP8r\"><a href=\"https:\/\/www.enorsai.com\/noticias\/politica\/kicillof-fulmina-a-milei-la-cadena-nacional-es-delirio-cosmico-destruye-la-produccion-y-se-ensana-con-jubilados-y-laburantes\/\">Kicillof fulmina a Milei: \u201cLa cadena nacional es delirio c\u00f3smico, destruye la producci\u00f3n y se ensa\u00f1a con jubilados y laburantes\u201d<\/a><\/blockquote><iframe loading=\"lazy\" class=\"wp-embedded-content\" sandbox=\"allow-scripts\" security=\"restricted\" style=\"position: absolute; visibility: hidden;\" title=\"\u00abKicillof fulmina a Milei: \u201cLa cadena nacional es delirio c\u00f3smico, destruye la producci\u00f3n y se ensa\u00f1a con jubilados y laburantes\u201d\u00bb \u2014 \" src=\"https:\/\/www.enorsai.com\/noticias\/politica\/kicillof-fulmina-a-milei-la-cadena-nacional-es-delirio-cosmico-destruye-la-produccion-y-se-ensana-con-jubilados-y-laburantes\/embed\/#?secret=vVsBtGAP3o#?secret=Uc38CUFP8r\" data-secret=\"Uc38CUFP8r\" width=\"600\" height=\"338\" frameborder=\"0\" marginwidth=\"0\" marginheight=\"0\" scrolling=\"no\"><\/iframe>\n<\/div><\/figure>\n\n\n\n<h2 class=\"wp-block-heading\">Discapacidad y jubilaciones: vetos, recortes y una sociedad en emergencia<\/h2>\n\n\n\n<p>Milei vet\u00f3 leyes impulsadas por consenso transversal en el Senado: el incremento de 7,2% a jubilaciones y la declaratoria de emergencia en discapacidad, afectando a cientos de miles de jubilados y personas vulnerables[10][11][12][17][18][19]. El argumento \u201cfiscalista\u201d ignora propuestas concretas de financiamiento y prioriza equilibrio macro sobre derechos esenciales.<\/p>\n\n\n\n<p>Los reclamos crecen en la calle y el Congreso. Las movilizaciones, especialmente de organizaciones de discapacidad y jubilados, resumen el malestar: \u201cHoy los derechos no se cumplen, y la vida digna es cada vez m\u00e1s inaccesible\u201d[10][17][18][19].<\/p>\n\n\n\n<h2 class=\"wp-block-heading\">El trasfondo: \u00bfQu\u00e9 modelo construye Milei?<\/h2>\n\n\n\n<p>Cristina y otros referentes resumen el contexto: \u201cLas cadenas nacionales ya no ampl\u00edan derechos; refuerzan un plan ortodoxo que recorta el tejido productivo, destruye el empleo y posterga la recuperaci\u00f3n social\u201d[2][20]. El modelo, acusado de \u201cdelirio c\u00f3smico\u201d y de falsear datos, acelera la concentraci\u00f3n y deja atr\u00e1s a los sectores m\u00e1s vulnerables.<\/p>\n\n\n\n<p>El eco en redes y en la calle es uno solo: <strong>#CheMilei<\/strong> ya no es s\u00f3lo tendencia, sino consigna para exigir verdad, derechos y respeto por la democracia.<\/p>\n\n\n\n<h3 class=\"wp-block-heading\">Te puede interesar<\/h3>\n\n\n\n<ul class=\"wp-block-list\">\n<li><a href=\"https:\/\/www.perfil.com\/noticias\/politica\/cristina-kirchner-dura-contra-javier-milei-tras-la-cadena-nacional-te-van-a-sacar-con-chaleco-de-fuerza.phtml\">\u00abChe Milei\u00bb: el post viral y el trasfondo econ\u00f3mico<\/a><\/li>\n\n\n\n<li><a href=\"https:\/\/latinta.com.ar\/2025\/08\/04\/emergencia-discapacidad-veto-presidencial-presion-congreso-ley\/\">Emergencia discapacidad: el veto y el reclamo social<\/a><\/li>\n\n\n\n<li><a href=\"https:\/\/www.ambito.com\/informacion-general\/como-quedaron-las-jubilaciones-y-el-bono-la-nueva-ley-que-voto-el-senado-n6165941\">C\u00f3mo qued\u00f3 el aumento de jubilaciones tras el veto<\/a><\/li>\n\n\n\n<li><a href=\"https:\/\/www.pagina12.com.ar\/848479-te-van-a-sacar-con-chaleco-de-fuerza-de-la-rosada\">El an\u00e1lisis de P\u00e1gina\/12 sobre el \u201cChe Milei\u201d<\/a><\/li>\n<\/ul>\n\n\n\n<p>Fuente: C5N &#8211; La Voz de la Calle | Perfil | Minutouno | \u00c1mbito | P\u00e1gina\/12 | DW | iProfesional | Bloomberg | La Tinta | TN | DW| Latinta| Bumeran | Estudios privados | An\u00e1lisis Enorsai.<\/p>\n","protected":false},"excerpt":{"rendered":"<p>Cristina Kirchner explota la tendencia \u201cChe Milei\u201d y desmonta el relato oficial: denuncia recortes de derechos, emisi\u00f3n desenfrenada y una pol\u00edtica que empobrece a jubilados, discapacitados y a toda la sociedad argentina.<\/p>\n","protected":false},"author":5,"featured_media":7369,"comment_status":"open","ping_status":"open","sticky":false,"template":"","format":"standard","meta":{"_monsterinsights_skip_tracking":false,"_monsterinsights_sitenote_active":false,"_monsterinsights_sitenote_note":"","_monsterinsights_sitenote_category":0,"footnotes":"","jetpack_publicize_message":"\ud83d\udca5 Che Milei: Cristina lo fulmina tras la cadena nacional y destapa el delirio que recorta derechos y enga\u00f1a con los salarios","jetpack_publicize_feature_enabled":true,"jetpack_social_post_already_shared":false,"jetpack_social_options":{"image_generator_settings":{"template":"highway","default_image_id":0,"font":"","enabled":false},"version":2}},"categories":[3,2],"tags":[804,2818,88,2845,717,2843,209,69,900,225,2844,227,1284,2543,624,2842,2819,1487,1978],"class_list":["post-7368","post","type-post","status-publish","format-standard","has-post-thumbnail","hentry","category-economia","category-politica","tag-autoritarismo","tag-cadena-nacional","tag-cfk","tag-che-milei","tag-crisis-politica","tag-delirio-cosmico","tag-democracia","tag-derechos","tag-discapacidad","tag-economia-argentina","tag-emision-monetaria","tag-inflacion","tag-jubilaciones","tag-recorte-social","tag-salario","tag-tendencia-redes","tag-timba-financiera","tag-veto","tag-vetos"],"jetpack_publicize_connections":[],"_links":{"self":[{"href":"https:\/\/www.enorsai.com\/noticias\/wp-json\/wp\/v2\/posts\/7368","targetHints":{"allow":["GET"]}}],"collection":[{"href":"https:\/\/www.enorsai.com\/noticias\/wp-json\/wp\/v2\/posts"}],"about":[{"href":"https:\/\/www.enorsai.com\/noticias\/wp-json\/wp\/v2\/types\/post"}],"author":[{"embeddable":true,"href":"https:\/\/www.enorsai.com\/noticias\/wp-json\/wp\/v2\/users\/5"}],"replies":[{"embeddable":true,"href":"https:\/\/www.enorsai.com\/noticias\/wp-json\/wp\/v2\/comments?post=7368"}],"version-history":[{"count":1,"href":"https:\/\/www.enorsai.com\/noticias\/wp-json\/wp\/v2\/posts\/7368\/revisions"}],"predecessor-version":[{"id":7370,"href":"https:\/\/www.enorsai.com\/noticias\/wp-json\/wp\/v2\/posts\/7368\/revisions\/7370"}],"wp:featuredmedia":[{"embeddable":true,"href":"https:\/\/www.enorsai.com\/noticias\/wp-json\/wp\/v2\/media\/7369"}],"wp:attachment":[{"href":"https:\/\/www.enorsai.com\/noticias\/wp-json\/wp\/v2\/media?parent=7368"}],"wp:term":[{"taxonomy":"category","embeddable":true,"href":"https:\/\/www.enorsai.com\/noticias\/wp-json\/wp\/v2\/categories?post=7368"},{"taxonomy":"post_tag","embeddable":true,"href":"https:\/\/www.enorsai.com\/noticias\/wp-json\/wp\/v2\/tags?post=7368"}],"curies":[{"name":"wp","href":"https:\/\/api.w.org\/{rel}","templated":true}]}}