{"id":7357,"date":"2025-08-09T11:09:41","date_gmt":"2025-08-09T14:09:41","guid":{"rendered":"https:\/\/www.enorsai.com\/noticias\/?p=7357"},"modified":"2025-08-09T11:09:41","modified_gmt":"2025-08-09T14:09:41","slug":"kicillof-fulmina-a-milei-la-cadena-nacional-es-delirio-cosmico-destruye-la-produccion-y-se-ensana-con-jubilados-y-laburantes","status":"publish","type":"post","link":"https:\/\/www.enorsai.com\/noticias\/politica\/kicillof-fulmina-a-milei-la-cadena-nacional-es-delirio-cosmico-destruye-la-produccion-y-se-ensana-con-jubilados-y-laburantes\/","title":{"rendered":"Kicillof fulmina a Milei: \u201cLa cadena nacional es delirio c\u00f3smico, destruye la producci\u00f3n y se ensa\u00f1a con jubilados y laburantes\u201d"},"content":{"rendered":"\n<p>9 de agosto de 2025 | Por Redacci\u00f3n Enorsai<\/p>\n\n\n\n<figure class=\"wp-block-image\"><img decoding=\"async\" src=\"https:\/\/tuservidor.com\/imagenes\/kicillof-milei-cadena-nacional-critica-provincia-2025.jpg\" alt=\"Axel Kicillof cr\u00edtica cadena nacional Milei destrucci\u00f3n productiva agosto 2025\"\/><figcaption class=\"wp-element-caption\">Kicillof: \u201cMilei destruye el aparato productivo y se ensa\u00f1a con los jubilados. Su cadena nacional fue un delirio c\u00f3smico\u201d.<\/figcaption><\/figure>\n\n\n\n<h2 class=\"wp-block-heading\">\u201cUn desastre, por donde se lo mire\u201d<\/h2>\n\n\n\n<p>En una entrevista con Futurock FM, el gobernador Axel Kicillof carg\u00f3 contra la cadena nacional del presidente Milei y toda su gesti\u00f3n: \u201cLo de ayer fue vergonzoso, un delirio c\u00f3smico. Milei quiere perseguir a diputados por no votar lo que \u00e9l piensa, penaliza toda disidencia y destruye el aparato productivo. Es border, no se conoce algo as\u00ed en democracia reciente.\u201d<\/p>\n\n\n\n<p>Kicillof subray\u00f3 que en a\u00f1o y medio de gobierno de Milei \u201clo \u00fanico que se puede atribuirle es planchar el d\u00f3lar y los salarios, bajar los haberes jubilatorios y los ingresos de la gente. Pero lo esencial: la destrucci\u00f3n de la producci\u00f3n nacional, de las capacidades del Estado y la sumisi\u00f3n internacional a EE.UU. e Israel, que nada tienen que ver con los intereses del pa\u00eds.\u201d<\/p>\n\n\n\n<h2 class=\"wp-block-heading\">\u201cPlata hay, pero Milei la dedica a la timba financiera\u201d<\/h2>\n\n\n\n<p>El gobernador expuso cifras clave: \u201cEn seis meses, Milei pag\u00f3 intereses de deuda por $29.000 billones, m\u00e1s que en jubilaciones. El dinero est\u00e1, pero lo gastan en sostener el tipo de cambio y el negocio financiero, no en dar vida digna a los jubilados.\u201d Critic\u00f3 el uso de t\u00edtulos p\u00fablicos y las idas y vueltas en la pol\u00edtica cambiaria que, lejos de dar estabilidad, \u201cjuegan con el futuro del pa\u00eds y priorizan los negocios de Wall Street\u201d. <\/p>\n\n\n\n<figure class=\"wp-block-embed is-type-wp-embed is-provider-incrustado wp-block-embed-incrustado\"><div class=\"wp-block-embed__wrapper\">\n<blockquote class=\"wp-embedded-content\" data-secret=\"KvviWrbU3x\"><a href=\"https:\/\/www.enorsai.com\/noticias\/politica\/dolar-alimentos-en-alza-y-salarios-pisados-bercovich-denuncia-el-verdadero-costo-de-la-bicicleta-financiera\/\">D\u00f3lar, alimentos en alza y salarios pisados: Bercovich denuncia el verdadero costo de la \u201cbicicleta financiera\u201d<\/a><\/blockquote><iframe loading=\"lazy\" class=\"wp-embedded-content\" sandbox=\"allow-scripts\" security=\"restricted\" style=\"position: absolute; visibility: hidden;\" title=\"\u00abD\u00f3lar, alimentos en alza y salarios pisados: Bercovich denuncia el verdadero costo de la \u201cbicicleta financiera\u201d\u00bb \u2014 \" src=\"https:\/\/www.enorsai.com\/noticias\/politica\/dolar-alimentos-en-alza-y-salarios-pisados-bercovich-denuncia-el-verdadero-costo-de-la-bicicleta-financiera\/embed\/#?secret=zjozPdYsLb#?secret=KvviWrbU3x\" data-secret=\"KvviWrbU3x\" width=\"600\" height=\"338\" frameborder=\"0\" marginwidth=\"0\" marginheight=\"0\" scrolling=\"no\"><\/iframe>\n<\/div><\/figure>\n\n\n\n<p>\u201cEl esquema es sencillo y da\u00f1ino: sube la tasa de inter\u00e9s para que no se le vaya el d\u00f3lar, despu\u00e9s sube el d\u00f3lar para aguantar la tasa, emite t\u00edtulos para absorber pesos, emite pesos para comprar d\u00f3lares. Son parches y timba, mientras la econom\u00eda real se destruye.\u201d<\/p>\n\n\n\n<h2 class=\"wp-block-heading\">\u00bfM\u00e9rito en bajar la inflaci\u00f3n?<\/h2>\n\n\n\n<p>Kicillof fue tajante: \u201cBajar la inflaci\u00f3n con d\u00f3lar barato, salarios y jubilaciones planchadas, sin actividad ni demanda, no es un logro, es un da\u00f1o. Como ministro lo advert\u00ed: un plan as\u00ed s\u00f3lo funde a empresarios y trabajadores. La recesi\u00f3n no es equilibrio, es destrucci\u00f3n, igual que la tablita de Mart\u00ednez de Hoz, igual que Cavallo y Caputo.\u201d<\/p>\n\n\n\n<p>\u201cNo es m\u00e9rito bajar la inflaci\u00f3n mientras la gente pierde poder adquisitivo y la industria quiebra. Mire lo que pasa hoy: conviene producir afuera y traer todo de Brasil o Chile, y as\u00ed funden la producci\u00f3n local.\u201d<\/p>\n\n\n\n<h2 class=\"wp-block-heading\">La alternativa: producci\u00f3n, empleo y derechos en el centro<\/h2>\n\n\n\n<p>Kicillof defendi\u00f3 la necesidad de una pol\u00edtica econ\u00f3mica centrada en el bienestar: \u201cLos principales objetivos deben ser la producci\u00f3n y el empleo, no la especulaci\u00f3n. Los jubilados deben tener vida digna, el laburante no puede necesitar cinco empleos para llegar a fin de mes, los derechos b\u00e1sicos deben ser protegidos. El ajuste salvaje destruye el tejido productivo, los empleos y las condiciones de vida, mientras el Estado se achica y la universidad, la ciencia y la salud p\u00fablica quedan en riesgo.\u201d <\/p>\n\n\n\n<figure class=\"wp-block-embed is-type-wp-embed is-provider-incrustado wp-block-embed-incrustado\"><div class=\"wp-block-embed__wrapper\">\n<blockquote class=\"wp-embedded-content\" data-secret=\"rrGaAXhxG5\"><a href=\"https:\/\/www.enorsai.com\/noticias\/politica\/solo-datos-como-se-multiplico-el-patrimonio-de-los-que-vinieron-a-terminar-con-la-casta-revelaciones-exclusivas-y-testimonios-que-incomodan\/\">Solo datos: c\u00f3mo se multiplic\u00f3 el patrimonio de \u201clos que vinieron a terminar con la casta\u201d \u2014 Revelaciones exclusivas y testimonios que incomodan<\/a><\/blockquote><iframe loading=\"lazy\" class=\"wp-embedded-content\" sandbox=\"allow-scripts\" security=\"restricted\" style=\"position: absolute; visibility: hidden;\" title=\"\u00abSolo datos: c\u00f3mo se multiplic\u00f3 el patrimonio de \u201clos que vinieron a terminar con la casta\u201d \u2014 Revelaciones exclusivas y testimonios que incomodan\u00bb \u2014 \" src=\"https:\/\/www.enorsai.com\/noticias\/politica\/solo-datos-como-se-multiplico-el-patrimonio-de-los-que-vinieron-a-terminar-con-la-casta-revelaciones-exclusivas-y-testimonios-que-incomodan\/embed\/#?secret=ppsYkCRjSh#?secret=rrGaAXhxG5\" data-secret=\"rrGaAXhxG5\" width=\"600\" height=\"338\" frameborder=\"0\" marginwidth=\"0\" marginheight=\"0\" scrolling=\"no\"><\/iframe>\n<\/div><\/figure>\n\n\n\n<p>\u201cNo es s\u00f3lo la inflaci\u00f3n lo que importa: es c\u00f3mo bajarla y con qui\u00e9n. Si se baja a costa de destruir la sociedad, es un precio inaceptable.\u201d<\/p>\n\n\n\n<h2 class=\"wp-block-heading\">El peronismo y la organizaci\u00f3n necesaria para enfrentar la crisis<\/h2>\n\n\n\n<p>Kicillof llam\u00f3 a la unidad dentro del peronismo y los sectores populares, defendiendo las pol\u00edticas provinciales de cuidado en educaci\u00f3n, salud y trabajo. \u201cMientras Milei impone recortes y amenaza derechos b\u00e1sicos, en la Provincia de Buenos Aires sostenemos el empleo y el desarrollo social. El gobierno nacional apalea a los jubilados todos los mi\u00e9rcoles, pero nosotros acompa\u00f1amos a los sectores m\u00e1s vulnerables y denunciamos el ajuste y la destrucci\u00f3n con hechos, no con palabras.\u201d<\/p>\n\n\n\n<p>Cerr\u00f3: \u201cLa soluci\u00f3n no es el ajuste salvaje, sino poner la econom\u00eda al servicio de la gente y reconstruir un modelo productivo y social. Quedarse sin pa\u00eds no es una opci\u00f3n.\u201d<\/p>\n\n\n\n<h3 class=\"wp-block-heading\">Te puede interesar<\/h3>\n\n\n\n<ul class=\"wp-block-list\">\n<li><a href=\"https:\/\/enorsai.com.ar\/economia\/2025\/08\/07\/inflacion-caba-julio-2025-caida-consumo.html\">Salarios aplastados y consumo desplomado: la otra cara del modelo Milei<\/a><\/li>\n\n\n\n<li><a href=\"https:\/\/enorsai.com.ar\/economia\/2025\/08\/08\/crisis-pyme-cierre-diario-bilanski-enac.html\">Cierran 40 pymes por d\u00eda: radiograf\u00eda del ajuste y la timba financiera<\/a><\/li>\n\n\n\n<li><a href=\"https:\/\/enorsai.com.ar\/politica\/2025\/08\/08\/patrimonios-boom-funcionarios-milei-casta.html\">El boom patrimonial de Milei y su gabinete anticasta<\/a><\/li>\n<\/ul>\n\n\n\n<p>Fuente: Futurock FM \u2013 Cheque en Blanco | Entrevista a Axel Kicillof. An\u00e1lisis de contexto y relevamiento period\u00edstico Enorsai.<\/p>\n","protected":false},"excerpt":{"rendered":"<p>Axel Kicillof cruz\u00f3 a Milei por su \u00faltima cadena nacional: \u201cNo hay m\u00e9rito en bajar la inflaci\u00f3n si se destruyen salarios, industrias y derechos. La soluci\u00f3n es reconstruir el pa\u00eds y poner la econom\u00eda al servicio de la gente\u201d.<\/p>\n","protected":false},"author":4,"featured_media":7358,"comment_status":"open","ping_status":"open","sticky":false,"template":"","format":"standard","meta":{"_monsterinsights_skip_tracking":false,"_monsterinsights_sitenote_active":false,"_monsterinsights_sitenote_note":"","_monsterinsights_sitenote_category":0,"footnotes":"","jetpack_publicize_message":"\ud83d\udca5 Kicillof: \u201cLa cadena nacional fue un delirio c\u00f3smico, Milei destruye producci\u00f3n y apalea a los jubilados cada semana\u201d","jetpack_publicize_feature_enabled":true,"jetpack_social_post_already_shared":false,"jetpack_social_options":{"image_generator_settings":{"template":"highway","default_image_id":0,"font":"","enabled":false},"version":2}},"categories":[3,2],"tags":[58,2682,238,2822,2818,184,1771,983,1753,806,227,106,509,2820,363,2185,285,101,263,2819,1589,2821],"class_list":["post-7357","post","type-post","status-publish","format-standard","has-post-thumbnail","hentry","category-economia","category-politica","tag-ajuste","tag-aparato-productivo","tag-axel-kicillof","tag-bienestar","tag-cadena-nacional","tag-caputo","tag-crisis-social","tag-critica","tag-derechos-sociales","tag-dolarizacion","tag-inflacion","tag-javier-milei","tag-jubilados","tag-modelo-productivo","tag-peronismo","tag-politica-economica","tag-provincia-de-buenos-aires","tag-recesion","tag-salarios","tag-timba-financiera","tag-unidad","tag-wall-street"],"jetpack_publicize_connections":[],"_links":{"self":[{"href":"https:\/\/www.enorsai.com\/noticias\/wp-json\/wp\/v2\/posts\/7357","targetHints":{"allow":["GET"]}}],"collection":[{"href":"https:\/\/www.enorsai.com\/noticias\/wp-json\/wp\/v2\/posts"}],"about":[{"href":"https:\/\/www.enorsai.com\/noticias\/wp-json\/wp\/v2\/types\/post"}],"author":[{"embeddable":true,"href":"https:\/\/www.enorsai.com\/noticias\/wp-json\/wp\/v2\/users\/4"}],"replies":[{"embeddable":true,"href":"https:\/\/www.enorsai.com\/noticias\/wp-json\/wp\/v2\/comments?post=7357"}],"version-history":[{"count":1,"href":"https:\/\/www.enorsai.com\/noticias\/wp-json\/wp\/v2\/posts\/7357\/revisions"}],"predecessor-version":[{"id":7359,"href":"https:\/\/www.enorsai.com\/noticias\/wp-json\/wp\/v2\/posts\/7357\/revisions\/7359"}],"wp:featuredmedia":[{"embeddable":true,"href":"https:\/\/www.enorsai.com\/noticias\/wp-json\/wp\/v2\/media\/7358"}],"wp:attachment":[{"href":"https:\/\/www.enorsai.com\/noticias\/wp-json\/wp\/v2\/media?parent=7357"}],"wp:term":[{"taxonomy":"category","embeddable":true,"href":"https:\/\/www.enorsai.com\/noticias\/wp-json\/wp\/v2\/categories?post=7357"},{"taxonomy":"post_tag","embeddable":true,"href":"https:\/\/www.enorsai.com\/noticias\/wp-json\/wp\/v2\/tags?post=7357"}],"curies":[{"name":"wp","href":"https:\/\/api.w.org\/{rel}","templated":true}]}}