{"id":7345,"date":"2025-08-08T23:42:36","date_gmt":"2025-08-09T02:42:36","guid":{"rendered":"https:\/\/www.enorsai.com\/noticias\/?p=7345"},"modified":"2025-08-08T23:50:05","modified_gmt":"2025-08-09T02:50:05","slug":"crece-la-emergencia-familias-enteras-en-la-calle-y-refugios-colapsados-alerta-caritas","status":"publish","type":"post","link":"https:\/\/www.enorsai.com\/noticias\/politica\/crece-la-emergencia-familias-enteras-en-la-calle-y-refugios-colapsados-alerta-caritas\/","title":{"rendered":"Crece la emergencia: familias enteras en la calle y refugios colapsados, alerta C\u00e1ritas"},"content":{"rendered":"\n<p>9 de agosto de 2025 | Por Redacci\u00f3n Enorsai<\/p>\n\n\n\n<figure class=\"wp-block-image\"><a href=\"https:\/\/caritas.org.ar\/\"><img decoding=\"async\" src=\"https:\/\/tuservidor.com\/imagenes\/personas-calle-caritas-corrientes-2025.jpg\" alt=\"Personas en situaci\u00f3n de calle C\u00e1ritas Corrientes familias emergencia\"\/><\/a><figcaption class=\"wp-element-caption\"><a href=\"https:\/\/caritas.org.ar\/\" data-type=\"link\" data-id=\"https:\/\/caritas.org.ar\/\">C\u00e1ritas<\/a> Corrientes alerta sobre el crecimiento dram\u00e1tico de familias en situaci\u00f3n de calle y la insuficiencia de refugios y recursos.<\/figcaption><\/figure>\n\n\n\n<h2 class=\"wp-block-heading\">M\u00e1s familias en la calle y la ayuda no alcanza<\/h2>\n\n\n\n<p>La directora de <strong>C\u00e1ritas Corrientes<\/strong>, <strong>Malvina Medina<\/strong>, encendi\u00f3 todas las alarmas por el aumento \u201cexponencial\u201d de personas en situaci\u00f3n de calle, una emergencia que <strong>ya involucra familias completas<\/strong>, no s\u00f3lo adultos solos. \u201cAntes ven\u00edan chicos de la plaza, hoy recibimos cinco o seis familias por d\u00eda pidiendo abrigo, refugio y alimento\u201d, relat\u00f3 en Radio Sudamericana.<\/p>\n\n\n\n<p>Los pedidos se intensifican con la llegada de los d\u00edas fr\u00edos y, ante la escasez de refugios, la mayor\u00eda de las familias no puede acceder ni siquiera a un techo provisorio. \u201cNo tenemos d\u00f3nde enviarlos. Lo \u00fanico disponible \u2014el Cristo Roto\u2014 es s\u00f3lo para hombres, y s\u00f3lo para dormir; al otro d\u00eda deben irse\u201d, se\u00f1al\u00f3 Medina. <\/p>\n\n\n\n<figure class=\"wp-block-embed is-type-wp-embed is-provider-incrustado wp-block-embed-incrustado\"><div class=\"wp-block-embed__wrapper\">\n<blockquote class=\"wp-embedded-content\" data-secret=\"faYPDTTzir\"><a href=\"https:\/\/www.enorsai.com\/noticias\/politica\/solo-datos-como-se-multiplico-el-patrimonio-de-los-que-vinieron-a-terminar-con-la-casta-revelaciones-exclusivas-y-testimonios-que-incomodan\/\">Solo datos: c\u00f3mo se multiplic\u00f3 el patrimonio de \u201clos que vinieron a terminar con la casta\u201d \u2014 Revelaciones exclusivas y testimonios que incomodan<\/a><\/blockquote><iframe loading=\"lazy\" class=\"wp-embedded-content\" sandbox=\"allow-scripts\" security=\"restricted\" style=\"position: absolute; visibility: hidden;\" title=\"\u00abSolo datos: c\u00f3mo se multiplic\u00f3 el patrimonio de \u201clos que vinieron a terminar con la casta\u201d \u2014 Revelaciones exclusivas y testimonios que incomodan\u00bb \u2014 \" src=\"https:\/\/www.enorsai.com\/noticias\/politica\/solo-datos-como-se-multiplico-el-patrimonio-de-los-que-vinieron-a-terminar-con-la-casta-revelaciones-exclusivas-y-testimonios-que-incomodan\/embed\/#?secret=pD7yMnydCd#?secret=faYPDTTzir\" data-secret=\"faYPDTTzir\" width=\"600\" height=\"338\" frameborder=\"0\" marginwidth=\"0\" marginheight=\"0\" scrolling=\"no\"><\/iframe>\n<\/div><\/figure>\n\n\n\n<h2 class=\"wp-block-heading\">D\u00e9ficit de donaciones: ropa de hombre, lo m\u00e1s demandado y escaso<\/h2>\n\n\n\n<p>Uno de los mayores problemas es la falta de <strong>ropa de abrigo para hombres<\/strong>. \u201cRecibimos mucha indumentaria de mujer y para ni\u00f1os, pero casi nada de var\u00f3n. Los muchachos de la plaza son los m\u00e1s expuestos al fr\u00edo y priorizamos asistirlos, pero la demanda supera largamente los recursos\u201d, explic\u00f3 la directora.<\/p>\n\n\n\n<p>C\u00e1ritas reiter\u00f3 el llamado a la solidaridad de la comunidad: cualquier abrigo, frazadas, buzos o ropa de hombre pueden marcar la diferencia entre una noche soportable o una de m\u00e1xima vulnerabilidad.<\/p>\n\n\n\n<h2 class=\"wp-block-heading\">Refugios colapsados y trabajo en red con parroquias<\/h2>\n\n\n\n<p>El escenario se complica d\u00eda a d\u00eda: no s\u00f3lo faltan lugares para dormir, sino que la situaci\u00f3n de calle se expande a barrios antes excluidos del mapa de emergencia social. C\u00e1ritas gestiona las donaciones y coordina con cada parroquia del Gran Corrientes, pero <strong>el flujo de familias que piden ayuda crece m\u00e1s r\u00e1pido que la oferta solidaria<\/strong>.<\/p>\n\n\n\n<p>\u201cEn estos d\u00edas fr\u00edos, cualquier aporte puede salvar vidas \u2014insisti\u00f3 Medina\u2014. Sabemos que muchos resisten con lo que encuentran, pero la situaci\u00f3n ya desbord\u00f3 toda previsi\u00f3n institucional\u201d.<\/p>\n\n\n\n<h2 class=\"wp-block-heading\">Llamado urgente a la comunidad: ropa, abrigo y alimento<\/h2>\n\n\n\n<p><strong>C\u00e1ritas Corrientes<\/strong> pide colaboraci\u00f3n inmediata de vecinos, comercios y organizaciones: ropa de hombre, frazadas, alimentos no perecederos y, si hay posibilidad, ceder espacios temporales donde las familias puedan resguardarse las noches m\u00e1s crudas.<\/p>\n\n\n\n<p>\u201cNunca negamos ayuda, pero necesitamos que la sociedad entienda que el problema es real y crece cada d\u00eda\u201d, concluy\u00f3 Medina. <\/p>\n\n\n\n<figure class=\"wp-block-embed is-type-wp-embed is-provider-incrustado wp-block-embed-incrustado\"><div class=\"wp-block-embed__wrapper\">\n<blockquote class=\"wp-embedded-content\" data-secret=\"3nKaVTI1S4\"><a href=\"https:\/\/www.enorsai.com\/noticias\/economia\/inflacion-semanal-se-acelera-lcg-detecta-2-en-alimentos-y-la-preocupacion-cambia-de-precios-a-salarios-y-empleo\/\">Inflaci\u00f3n semanal se acelera: LCG detecta 2% en alimentos y la preocupaci\u00f3n cambia de precios a salarios y empleo<\/a><\/blockquote><iframe loading=\"lazy\" class=\"wp-embedded-content\" sandbox=\"allow-scripts\" security=\"restricted\" style=\"position: absolute; visibility: hidden;\" title=\"\u00abInflaci\u00f3n semanal se acelera: LCG detecta 2% en alimentos y la preocupaci\u00f3n cambia de precios a salarios y empleo\u00bb \u2014 \" src=\"https:\/\/www.enorsai.com\/noticias\/economia\/inflacion-semanal-se-acelera-lcg-detecta-2-en-alimentos-y-la-preocupacion-cambia-de-precios-a-salarios-y-empleo\/embed\/#?secret=7JGcAz17e0#?secret=3nKaVTI1S4\" data-secret=\"3nKaVTI1S4\" width=\"600\" height=\"338\" frameborder=\"0\" marginwidth=\"0\" marginheight=\"0\" scrolling=\"no\"><\/iframe>\n<\/div><\/figure>\n\n\n\n<h3 class=\"wp-block-heading\">C\u00f3mo colaborar<\/h3>\n\n\n\n<ul class=\"wp-block-list\">\n<li>Llevar ropa de hombre, frazadas o alimentos secos a la sede central de C\u00e1ritas o a cualquiera de las parroquias adheridas.<\/li>\n\n\n\n<li>Difundir en redes sociales y grupos comunitarios las necesidades y el contacto de C\u00e1ritas Corrientes.<\/li>\n\n\n\n<li>Organizar colectas solidarias en escuelas, clubes o empresas.<\/li>\n<\/ul>\n\n\n\n<p>Fuente: Radio Sudamericana \u2013 Radioma\u00f1ana | Entrevista a Malvina Medina, C\u00e1ritas Corrientes<\/p>\n","protected":false},"excerpt":{"rendered":"<p>Explot\u00f3 la demanda de ayuda en C\u00e1ritas Corrientes: familias completas duermen en la calle, faltan refugios y el abrigo para hombres es lo m\u00e1s escaso. Llaman a la comunidad a donar para enfrentar la emergencia social.<\/p>\n","protected":false},"author":5,"featured_media":7346,"comment_status":"open","ping_status":"open","sticky":false,"template":"","format":"standard","meta":{"_monsterinsights_skip_tracking":false,"_monsterinsights_sitenote_active":false,"_monsterinsights_sitenote_note":"","_monsterinsights_sitenote_category":0,"footnotes":"","jetpack_publicize_message":"\ud83c\udd98 Crece la emergencia: C\u00e1ritas Corrientes atiende hasta 6 familias en situaci\u00f3n de calle cada d\u00eda y el fr\u00edo agrava la crisis","jetpack_publicize_feature_enabled":true,"jetpack_social_post_already_shared":false,"jetpack_social_options":{"image_generator_settings":{"template":"highway","default_image_id":0,"font":"","enabled":false},"version":2}},"categories":[3,2,4],"tags":[2797,2796,2791,478,179,2792,2799,2795,1896,2800,2801,2793,475,2794,2798],"class_list":["post-7345","post","type-post","status-publish","format-standard","has-post-thumbnail","hentry","category-economia","category-politica","category-sociedad","tag-abrigo","tag-ayuda-solidaria","tag-caritas-corrientes","tag-corrientes","tag-crisis-economica","tag-donaciones","tag-emergencia-social","tag-familias-sin-techo","tag-frio","tag-malvina-medina","tag-parroquias","tag-personas-en-situacion-de-calle","tag-pobreza","tag-refugios","tag-ropa-de-hombre"],"jetpack_publicize_connections":[],"_links":{"self":[{"href":"https:\/\/www.enorsai.com\/noticias\/wp-json\/wp\/v2\/posts\/7345","targetHints":{"allow":["GET"]}}],"collection":[{"href":"https:\/\/www.enorsai.com\/noticias\/wp-json\/wp\/v2\/posts"}],"about":[{"href":"https:\/\/www.enorsai.com\/noticias\/wp-json\/wp\/v2\/types\/post"}],"author":[{"embeddable":true,"href":"https:\/\/www.enorsai.com\/noticias\/wp-json\/wp\/v2\/users\/5"}],"replies":[{"embeddable":true,"href":"https:\/\/www.enorsai.com\/noticias\/wp-json\/wp\/v2\/comments?post=7345"}],"version-history":[{"count":2,"href":"https:\/\/www.enorsai.com\/noticias\/wp-json\/wp\/v2\/posts\/7345\/revisions"}],"predecessor-version":[{"id":7348,"href":"https:\/\/www.enorsai.com\/noticias\/wp-json\/wp\/v2\/posts\/7345\/revisions\/7348"}],"wp:featuredmedia":[{"embeddable":true,"href":"https:\/\/www.enorsai.com\/noticias\/wp-json\/wp\/v2\/media\/7346"}],"wp:attachment":[{"href":"https:\/\/www.enorsai.com\/noticias\/wp-json\/wp\/v2\/media?parent=7345"}],"wp:term":[{"taxonomy":"category","embeddable":true,"href":"https:\/\/www.enorsai.com\/noticias\/wp-json\/wp\/v2\/categories?post=7345"},{"taxonomy":"post_tag","embeddable":true,"href":"https:\/\/www.enorsai.com\/noticias\/wp-json\/wp\/v2\/tags?post=7345"}],"curies":[{"name":"wp","href":"https:\/\/api.w.org\/{rel}","templated":true}]}}