{"id":7340,"date":"2025-08-08T22:54:26","date_gmt":"2025-08-09T01:54:26","guid":{"rendered":"https:\/\/www.enorsai.com\/noticias\/?p=7340"},"modified":"2025-08-08T22:54:26","modified_gmt":"2025-08-09T01:54:26","slug":"las-internas-del-poder-economico-cae-la-venta-de-maquinaria-y-milei-planea-mover-a-caputo-con-quirno-listo-para-el-cargo","status":"publish","type":"post","link":"https:\/\/www.enorsai.com\/noticias\/politica\/las-internas-del-poder-economico-cae-la-venta-de-maquinaria-y-milei-planea-mover-a-caputo-con-quirno-listo-para-el-cargo\/","title":{"rendered":"Las internas del poder econ\u00f3mico: cae la venta de maquinaria y Milei planea mover a Caputo con Quirno listo para el cargo"},"content":{"rendered":"\n<p>8 de agosto de 2025 | Por Redacci\u00f3n Enorsai<\/p>\n\n\n\n<figure class=\"wp-block-image\"><img decoding=\"async\" src=\"https:\/\/tuservidor.com\/imagenes\/maquinaria-agricola-caputo-quirno-milei.jpg\" alt=\"Ca\u00edda de maquinaria agr\u00edcola y la interna Caputo-Quirno-Ministerio Econom\u00eda Milei\"\/><figcaption class=\"wp-element-caption\">La ca\u00edda en ventas industriales se cruza con la disputa interna del gabinete econ\u00f3mico de Milei: Caputo, Quirno y el futuro del modelo.<\/figcaption><\/figure>\n\n\n\n<h2 class=\"wp-block-heading\">Datos clave: por primera vez en a\u00f1os, cae la venta de maquinaria agr\u00edcola<\/h2>\n\n\n\n<p>El viernes cerr\u00f3 con un dato que sacudi\u00f3 tanto en el sector productivo como en la pol\u00edtica nacional: <strong>la venta de maquinaria agr\u00edcola cay\u00f3 6,1% interanual<\/strong>, rompiendo un ciclo de crecimiento sostenido que ven\u00eda desde 2020. El \u00edndice marca un freno en el sector industrial argentino y anticipa m\u00e1s dificultades para las f\u00e1bricas nacionales, en medio de tasas de inter\u00e9s r\u00e9cord y precios en alza[2][3].<\/p>\n\n\n\n<p>Seg\u00fan concesionarios, la incertidumbre pol\u00edtica y econ\u00f3mica, junto con el ingreso de maquinaria importada usada y el ruido en precios y retenciones, alimentan el clima de estancamiento. Si la tendencia se consolida, el a\u00f1o cerrar\u00e1 en niveles cercanos a los de 2023, lejos de los promedios hist\u00f3ricos[2]. <\/p>\n\n\n\n<figure class=\"wp-block-embed is-type-wp-embed is-provider-incrustado wp-block-embed-incrustado\"><div class=\"wp-block-embed__wrapper\">\n<blockquote class=\"wp-embedded-content\" data-secret=\"QIitMF8hVM\"><a href=\"https:\/\/www.enorsai.com\/noticias\/politica\/solo-datos-como-se-multiplico-el-patrimonio-de-los-que-vinieron-a-terminar-con-la-casta-revelaciones-exclusivas-y-testimonios-que-incomodan\/\">Solo datos: c\u00f3mo se multiplic\u00f3 el patrimonio de \u201clos que vinieron a terminar con la casta\u201d \u2014 Revelaciones exclusivas y testimonios que incomodan<\/a><\/blockquote><iframe loading=\"lazy\" class=\"wp-embedded-content\" sandbox=\"allow-scripts\" security=\"restricted\" style=\"position: absolute; visibility: hidden;\" title=\"\u00abSolo datos: c\u00f3mo se multiplic\u00f3 el patrimonio de \u201clos que vinieron a terminar con la casta\u201d \u2014 Revelaciones exclusivas y testimonios que incomodan\u00bb \u2014 \" src=\"https:\/\/www.enorsai.com\/noticias\/politica\/solo-datos-como-se-multiplico-el-patrimonio-de-los-que-vinieron-a-terminar-con-la-casta-revelaciones-exclusivas-y-testimonios-que-incomodan\/embed\/#?secret=wdls51jbHv#?secret=QIitMF8hVM\" data-secret=\"QIitMF8hVM\" width=\"600\" height=\"338\" frameborder=\"0\" marginwidth=\"0\" marginheight=\"0\" scrolling=\"no\"><\/iframe>\n<\/div><\/figure>\n\n\n\n<h2 class=\"wp-block-heading\">El movimiento pol\u00edtico: Caputo y los rumores de candidatura para Diputado<\/h2>\n\n\n\n<p>En las \u00faltimas horas, trascendi\u00f3 que <strong>Javier Milei quiere postular a Luis \u201cToto\u201d Caputo como diputado nacional por la Ciudad de Buenos Aires<\/strong>, una salida que ser\u00eda \u201celegante\u201d frente al desgaste de la gesti\u00f3n y las internas del equipo econ\u00f3mico[4][18][6]. El propio Caputo, sin embargo, duda de enfrentar debates mano a mano con opositores y prefiere mantenerse fuera de una campa\u00f1a activa.<\/p>\n\n\n\n<p>Fuentes oficiales y period\u00edsticas sugieren que <strong>Milei busca usar la candidatura de Caputo como pasaje para renovar el Ministerio de Econom\u00eda<\/strong>, con la bandera de la baja de inflaci\u00f3n como principal logro de gesti\u00f3n. Una candidatura de funcionarios sirve como blindaje pol\u00edtico y \u201cfueros\u201d para enfrentar meses convulsos[4]. <\/p>\n\n\n\n<figure class=\"wp-block-embed is-type-wp-embed is-provider-incrustado wp-block-embed-incrustado\"><div class=\"wp-block-embed__wrapper\">\n<blockquote class=\"wp-embedded-content\" data-secret=\"fo4Jm7mLAa\"><a href=\"https:\/\/www.enorsai.com\/noticias\/politica\/milei-y-el-retroceso-ganadero-tres-medidas-que-hicieron-historia-y-catastrofe-productiva\/\">Milei y el retroceso ganadero: tres medidas que hicieron historia (y cat\u00e1strofe productiva)<\/a><\/blockquote><iframe loading=\"lazy\" class=\"wp-embedded-content\" sandbox=\"allow-scripts\" security=\"restricted\" style=\"position: absolute; visibility: hidden;\" title=\"\u00abMilei y el retroceso ganadero: tres medidas que hicieron historia (y cat\u00e1strofe productiva)\u00bb \u2014 \" src=\"https:\/\/www.enorsai.com\/noticias\/politica\/milei-y-el-retroceso-ganadero-tres-medidas-que-hicieron-historia-y-catastrofe-productiva\/embed\/#?secret=NSlPex4Px2#?secret=fo4Jm7mLAa\" data-secret=\"fo4Jm7mLAa\" width=\"600\" height=\"338\" frameborder=\"0\" marginwidth=\"0\" marginheight=\"0\" scrolling=\"no\"><\/iframe>\n<\/div><\/figure>\n\n\n\n<h2 class=\"wp-block-heading\">Pablo Quirno, el elegido para el Ministerio: \u00bfl\u00f3gica de reemplazo o cambio de modelo?<\/h2>\n\n\n\n<p>Todo indica que <strong>Pablo Quirno, actual secretario de Finanzas<\/strong> y principal brazo ejecutor de la pol\u00edtica de Milei, <strong>es el candidato preferido del presidente para reemplazar a Caputo<\/strong> en Econom\u00eda[4][7][16]. Quirno es visto por Milei como m\u00e1s alineado al pensamiento \u201cSturzenegger\u201d, t\u00e9cnica dura y visi\u00f3n ortodoxa de la econom\u00eda.<\/p>\n\n\n\n<p>Algunos funcionarios lo consideran \u201cradicalizado\u201d en su enfoque financiero, aunque sus contactos en el mundo financiero y minero son vistos como ventaja para destrabar inversiones y relaciones con el FMI[7][13][16]. Quirno ha declarado estar preparado para levantar el cepo en forma ordenada y avanzar en macroequilibrios, lo que lo acerca a la visi\u00f3n presidencial[7]. <\/p>\n\n\n\n<figure class=\"wp-block-embed is-type-wp-embed is-provider-incrustado wp-block-embed-incrustado\"><div class=\"wp-block-embed__wrapper\">\n<blockquote class=\"wp-embedded-content\" data-secret=\"tkadjtXPL8\"><a href=\"https:\/\/www.enorsai.com\/noticias\/economia\/exodo-multinacional-en-la-argentina-shell-carrefour-y-total-energy-se-van-y-la-economia-se-queda-sin-dolares-nuevos\/\">\u00c9xodo multinacional en la Argentina: Shell, Carrefour y Total Energy se van y la econom\u00eda se queda sin d\u00f3lares nuevos<\/a><\/blockquote><iframe loading=\"lazy\" class=\"wp-embedded-content\" sandbox=\"allow-scripts\" security=\"restricted\" style=\"position: absolute; visibility: hidden;\" title=\"\u00ab\u00c9xodo multinacional en la Argentina: Shell, Carrefour y Total Energy se van y la econom\u00eda se queda sin d\u00f3lares nuevos\u00bb \u2014 \" src=\"https:\/\/www.enorsai.com\/noticias\/economia\/exodo-multinacional-en-la-argentina-shell-carrefour-y-total-energy-se-van-y-la-economia-se-queda-sin-dolares-nuevos\/embed\/#?secret=f97dGV8r2e#?secret=tkadjtXPL8\" data-secret=\"tkadjtXPL8\" width=\"600\" height=\"338\" frameborder=\"0\" marginwidth=\"0\" marginheight=\"0\" scrolling=\"no\"><\/iframe>\n<\/div><\/figure>\n\n\n\n<p>Bajo el modelo Milei, el debate no es s\u00f3lo t\u00e9cnico: se disputa el futuro del ajuste, la desregulaci\u00f3n y la apertura total, con riesgos y promesas de estabilidad.<\/p>\n\n\n\n<h2 class=\"wp-block-heading\">\u00bfQui\u00e9n gana, qui\u00e9n pierde?<\/h2>\n\n\n\n<p>La ca\u00edda en ventas e inversi\u00f3n industrial muestra el costo social de la pol\u00edtica econ\u00f3mica y la falta de cr\u00e9dito para el aparato productivo. El posible recambio en Econom\u00eda revela tanto los l\u00edmites como las ambiciones del gobierno para el segundo semestre y camino a 2027.<\/p>\n\n\n\n<p>La decisi\u00f3n final tendr\u00e1 impacto directo en consumidores, productores y en la negociaci\u00f3n parlamentaria que se recalentar\u00e1 en los pr\u00f3ximos meses.<\/p>\n\n\n\n<h3 class=\"wp-block-heading\">Te puede interesar<\/h3>\n\n\n\n<ul class=\"wp-block-list\">\n<li><a href=\"https:\/\/news.agrofy.com.ar\/noticia\/213240\/crece-venta-maquinaria-agricola-pero-contexto-le-mete-ruido-mercado\">Por qu\u00e9 la venta de maquinaria agr\u00edcola se fren\u00f3 en 2025<\/a><\/li>\n\n\n\n<li><a href=\"https:\/\/www.lapoliticaonline.com\/politica\/el-gobierno-analiza-llevar-a-toto-caputo-como-primer-diputado-en-la-capital\/\">La interna libertaria: Caputo candidato y la pulseada por Econom\u00eda<\/a><\/li>\n\n\n\n<li><a href=\"https:\/\/econojournal.com.ar\/2025\/03\/pablo-quirno-estamos-haciendo-los-deberes-para-que-cuando-levantemos-el-cepo-no-se-produzca-un-evento-disruptivo\/\">Quirno: \u201cEstamos preparados para evitar crisis si se levanta el cepo\u201d<\/a><\/li>\n<\/ul>\n\n\n\n<p>Fuente: Radio 10 &#8211; El amor es m\u00e1s fuerte | An\u00e1lisis y relevamiento de prensa nacional | Agrofy, LPO, EconoJournal.<\/p>\n","protected":false},"excerpt":{"rendered":"<p>8 de agosto de 2025 | Por Redacci\u00f3n Enorsai Datos clave: por primera vez en a\u00f1os, cae la venta de maquinaria agr\u00edcola El viernes cerr\u00f3 con un dato que sacudi\u00f3 tanto en el sector productivo como en la pol\u00edtica nacional: la venta de maquinaria agr\u00edcola cay\u00f3 6,1% interanual, rompiendo un ciclo de crecimiento sostenido que&#8230;<\/p>\n","protected":false},"author":5,"featured_media":7343,"comment_status":"open","ping_status":"open","sticky":false,"template":"","format":"standard","meta":{"_monsterinsights_skip_tracking":false,"_monsterinsights_sitenote_active":false,"_monsterinsights_sitenote_note":"","_monsterinsights_sitenote_category":0,"footnotes":"","jetpack_publicize_message":"\ud83d\udd25 Caen ventas en la industria y Milei arma el recambio: \u00bfCaputo Diputado y Quirno ministro?","jetpack_publicize_feature_enabled":true,"jetpack_social_post_already_shared":false,"jetpack_social_options":{"image_generator_settings":{"template":"highway","default_image_id":0,"font":"","enabled":false},"version":2}},"categories":[3,2],"tags":[58,2726,184,2786,2785,1411,2787,936,2735,227,2782,45,2783,2789,2781,2185,2784,2742,253,2788],"class_list":["post-7340","post","type-post","status-publish","format-standard","has-post-thumbnail","hentry","category-economia","category-politica","tag-ajuste","tag-caida-ventas","tag-caputo","tag-credito","tag-debate-libertario","tag-elecciones-2025","tag-gabinete-milei","tag-importaciones","tag-industria-argentina","tag-inflacion","tag-maquinaria-agricola","tag-milei","tag-ministerio-de-economia","tag-ortodoxia-economica","tag-pablo-quirno","tag-politica-economica","tag-recambio-gabinete","tag-sector-industrial","tag-sturzenegger","tag-tasa-de-interes"],"jetpack_publicize_connections":[],"_links":{"self":[{"href":"https:\/\/www.enorsai.com\/noticias\/wp-json\/wp\/v2\/posts\/7340","targetHints":{"allow":["GET"]}}],"collection":[{"href":"https:\/\/www.enorsai.com\/noticias\/wp-json\/wp\/v2\/posts"}],"about":[{"href":"https:\/\/www.enorsai.com\/noticias\/wp-json\/wp\/v2\/types\/post"}],"author":[{"embeddable":true,"href":"https:\/\/www.enorsai.com\/noticias\/wp-json\/wp\/v2\/users\/5"}],"replies":[{"embeddable":true,"href":"https:\/\/www.enorsai.com\/noticias\/wp-json\/wp\/v2\/comments?post=7340"}],"version-history":[{"count":1,"href":"https:\/\/www.enorsai.com\/noticias\/wp-json\/wp\/v2\/posts\/7340\/revisions"}],"predecessor-version":[{"id":7344,"href":"https:\/\/www.enorsai.com\/noticias\/wp-json\/wp\/v2\/posts\/7340\/revisions\/7344"}],"wp:featuredmedia":[{"embeddable":true,"href":"https:\/\/www.enorsai.com\/noticias\/wp-json\/wp\/v2\/media\/7343"}],"wp:attachment":[{"href":"https:\/\/www.enorsai.com\/noticias\/wp-json\/wp\/v2\/media?parent=7340"}],"wp:term":[{"taxonomy":"category","embeddable":true,"href":"https:\/\/www.enorsai.com\/noticias\/wp-json\/wp\/v2\/categories?post=7340"},{"taxonomy":"post_tag","embeddable":true,"href":"https:\/\/www.enorsai.com\/noticias\/wp-json\/wp\/v2\/tags?post=7340"}],"curies":[{"name":"wp","href":"https:\/\/api.w.org\/{rel}","templated":true}]}}