{"id":734,"date":"2025-02-06T07:30:00","date_gmt":"2025-02-06T10:30:00","guid":{"rendered":"https:\/\/www.enorsai.com\/noticias\/?p=734"},"modified":"2025-02-06T07:14:40","modified_gmt":"2025-02-06T10:14:40","slug":"el-proyecto-de-ficha-limpia-es-la-legalizacion-de-la-proscripcion-de-cristina-fernandez-de-kirchner","status":"publish","type":"post","link":"https:\/\/www.enorsai.com\/noticias\/politica\/el-proyecto-de-ficha-limpia-es-la-legalizacion-de-la-proscripcion-de-cristina-fernandez-de-kirchner\/","title":{"rendered":"\u00abEl proyecto de Ficha Limpia es la legalizaci\u00f3n de la proscripci\u00f3n de Cristina Fern\u00e1ndez de Kirchner\u00bb"},"content":{"rendered":"\n<p><strong><em>En la comisi\u00f3n conjunta del Congreso, la diputada Vanesa Siley de Uni\u00f3n por la Patria expuso con contundencia c\u00f3mo el proyecto Ficha Limpia busca legalizar la proscripci\u00f3n pol\u00edtica, apuntando directamente contra Cristina Fern\u00e1ndez de Kirchner. Siley denunci\u00f3 el intento de Mauricio Macri de torcerle el brazo a Javier Milei para instaurar un sistema que limita la soberan\u00eda popular, transformando la voluntad del pueblo en un bot\u00edn de maniobras judiciales y legislativas.<br><\/em><\/strong><br>\u00abLa legalizaci\u00f3n de la proscripci\u00f3n de Cristina Fern\u00e1ndez de Kirchner\u00bb. As\u00ed, sin eufemismos, defini\u00f3 la diputada Vanesa Siley el proyecto Ficha Limpia durante la comisi\u00f3n conjunta del Congreso celebrada el 5 de febrero de 2025. Lo que para algunos se presenta como una normativa en favor de la \u00abtransparencia\u00bb y la \u00abhonestidad\u00bb en la pol\u00edtica, para Siley y una parte significativa de la oposici\u00f3n no es m\u00e1s que un sofisticado artilugio legal para eliminar a competidores pol\u00edticos inc\u00f3modos mediante mecanismos judiciales disfrazados de moral institucional.<br><br>Desde el inicio de su intervenci\u00f3n, la diputada dej\u00f3 claro que este proyecto no es un ejercicio neutral de mejora institucional, sino una continuidad del \u00ablawfare\u00bb que ha perseguido a Cristina Fern\u00e1ndez de Kirchner durante a\u00f1os. \u00abLo que no pueden hacer con el voto popular, lo quieren hacer a trav\u00e9s de un artilugio legal, como antes lo hicieron con un artilugio judicial y medi\u00e1tico\u00bb, denunci\u00f3. No se trata de una hip\u00f3tesis abstracta: la historia reciente de la Argentina est\u00e1 plagada de ejemplos donde la combinaci\u00f3n de medios hegem\u00f3nicos, jueces alineados y legisladores funcionales ha sido la f\u00f3rmula para intentar desactivar la voluntad popular.<\/p>\n\n\n\n<div class=\"wp-block-jetpack-related-posts\">\n<h2 class=\"wp-block-heading\"><\/h2>\n<\/div>\n\n\n\n<p>Siley no solo cuestion\u00f3 el fondo del proyecto, sino tambi\u00e9n su forma. Se\u00f1al\u00f3 que es un error garrafal equiparar a un empleado p\u00fablico con un representante del pueblo, como si ambos desempe\u00f1aran funciones intercambiables dentro de la maquinaria estatal. \u00abEstamos en el marco de los derechos pol\u00edticos, que son esenciales y de los cuales dependen todos los dem\u00e1s derechos. Esto se llama soberan\u00eda del pueblo\u00bb, subray\u00f3. Restringir el derecho a ser elegido es un acto que va mucho m\u00e1s all\u00e1 de una simple regulaci\u00f3n electoral; es un golpe directo al coraz\u00f3n de la democracia.<br><br>En este sentido, la diputada cit\u00f3 la Constituci\u00f3n Nacional, recordando que el art\u00edculo 37 consagra el principio de soberan\u00eda popular y garantiza los derechos pol\u00edticos como fundamentales. \u00abLa proscripci\u00f3n lleva directamente a da\u00f1ar el derecho soberano del pueblo argentino, que es lo que est\u00e1 haciendo este proyecto\u00bb, afirm\u00f3 con firmeza. La argumentaci\u00f3n no dej\u00f3 lugar a dudas: el Ficha Limpia es un caballo de Troya legislativo que busca normalizar la exclusi\u00f3n de dirigentes populares, especialmente de aquellos que representan una amenaza para el status quo econ\u00f3mico y pol\u00edtico que ciertos sectores defienden con u\u00f1as y dientes.<\/p>\n\n\n\n<figure class=\"wp-block-embed is-type-video is-provider-youtube wp-block-embed-youtube wp-embed-aspect-16-9 wp-has-aspect-ratio\"><div class=\"wp-block-embed__wrapper\">\n<iframe loading=\"lazy\" title=\"COMISI\u00d3N COMPLETA: CONJUNTA - 5 de febrero de 2025 - FICHA LIMPIA | Diputados Argentina\" width=\"640\" height=\"360\" src=\"https:\/\/www.youtube.com\/embed\/6XT7TSHKmVc?start=5069&#038;feature=oembed\" frameborder=\"0\" allow=\"accelerometer; autoplay; clipboard-write; encrypted-media; gyroscope; picture-in-picture; web-share\" referrerpolicy=\"strict-origin-when-cross-origin\" allowfullscreen><\/iframe>\n<\/div><\/figure>\n\n\n\n<p><br><br>Siley tambi\u00e9n desnud\u00f3 las contradicciones de quienes impulsan el proyecto. Record\u00f3 que Javier Milei, el mismo que en la apertura de sesiones ordinarias prometi\u00f3 no perseguir opositores, ahora se pliega a una agenda que parece dictada por Mauricio Macri. \u00abMe pregunto: \u00bfQui\u00e9n conduce en la Argentina? \u00bfConduce La Libertad Avanza, Milei o finalmente va a terminar conduciendo Mauricio Macri nuevamente?\u00bb, dispar\u00f3, dejando en evidencia la subordinaci\u00f3n del actual gobierno a los intereses del macrismo, disfrazados de \u00abrenovaci\u00f3n pol\u00edtica\u00bb.<br><br>El proyecto Ficha Limpia tambi\u00e9n se apoya en una falacia recurrente: la idea de que existe un clamor popular que exige su aprobaci\u00f3n. Sin embargo, Siley fue contundente al desmontar este argumento. \u00abNi siquiera las 400.000 firmas que juntaron alcanzan para una iniciativa popular. Cuando nuestro espacio pol\u00edtico decidi\u00f3 juntar firmas por los derechos de los jubilados, logramos un mill\u00f3n en un mes\u00bb, record\u00f3. No se trata de un pedido masivo de la ciudadan\u00eda, sino de una operaci\u00f3n pol\u00edtica cuidadosamente orquestada.<br><br>En el n\u00facleo de su discurso, la diputada insisti\u00f3 en que los derechos pol\u00edticos son derechos humanos de importancia fundamental. \u00abLa obstrucci\u00f3n o amedrentamiento de estas libertades deja a las personas sin instrumentos para defender sus intereses. El primero y \u00faltimo instrumento para defender el inter\u00e9s del pueblo es la capacidad de elegir y ser elegido\u00bb, sentenci\u00f3. Sin este pilar, la democracia se vac\u00eda de contenido, convirti\u00e9ndose en una c\u00e1scara vac\u00eda donde las decisiones ya no las toma el pueblo, sino una \u00e9lite que manipula las reglas del juego a su antojo.<br><br>Este intento de proscripci\u00f3n legal se suma a una larga serie de ataques sistem\u00e1ticos contra Cristina Fern\u00e1ndez de Kirchner, que van desde denuncias judiciales infundadas hasta campa\u00f1as medi\u00e1ticas de difamaci\u00f3n. Pero el trasfondo es siempre el mismo: neutralizar a una dirigente que encarna un proyecto pol\u00edtico que desaf\u00eda los privilegios de los poderosos. \u00abCuando proscriben a Cristina, no solo la proscriben a ella, sino a todo el pueblo que la quiere votar\u00bb, enfatiz\u00f3 Siley, poniendo en el centro del debate la verdadera cuesti\u00f3n: la lucha por la soberan\u00eda popular frente a los embates de quienes quieren controlar la democracia desde las sombras.<br><br>El proyecto Ficha Limpia no es, entonces, una herramienta de transparencia. Es una declaraci\u00f3n de guerra contra la participaci\u00f3n popular, un intento de reducir la democracia a un juego de simulacro donde las cartas est\u00e1n marcadas desde el principio. Y como bien advirti\u00f3 Vanesa Siley, la historia demuestra que cada vez que se restringen derechos en nombre de la \u00abpureza institucional\u00bb, lo que realmente est\u00e1 en juego es el poder de decidir de la gente com\u00fan.<br><br>En definitiva, el Ficha Limpia no busca limpiar la pol\u00edtica de corruptos, sino de l\u00edderes inc\u00f3modos. Y en esa limpieza, lo que se barre bajo la alfombra no son los delitos, sino la voluntad popular.<\/p>\n\n\n\n<p><\/p>\n\n\n","protected":false},"excerpt":{"rendered":"<p>Vanesa Siley desenmascara en el Congreso el verdadero objetivo del proyecto Ficha Limpia: no es transparencia, es persecuci\u00f3n pol\u00edtica.<\/p>\n","protected":false},"author":9,"featured_media":740,"comment_status":"open","ping_status":"open","sticky":false,"template":"","format":"standard","meta":{"_monsterinsights_skip_tracking":false,"_monsterinsights_sitenote_active":false,"_monsterinsights_sitenote_note":"","_monsterinsights_sitenote_category":0,"footnotes":"","jetpack_publicize_message":"En la comisi\u00f3n conjunta del Congreso, la diputada Vanesa Siley de Uni\u00f3n por la Patria expuso con contundencia c\u00f3mo el proyecto Ficha Limpia busca legalizar la proscripci\u00f3n pol\u00edtica, apuntando directamente contra Cristina Fern\u00e1ndez de Kirchner. Siley denunci\u00f3 el intento de Mauricio Macri de torcerle el brazo a Javier Milei para instaurar un sistema que limita la soberan\u00eda popular, transformando la voluntad del pueblo en un bot\u00edn de maniobras judiciales y legislativas.","jetpack_publicize_feature_enabled":true,"jetpack_social_post_already_shared":true,"jetpack_social_options":{"image_generator_settings":{"template":"highway","enabled":false},"version":2}},"categories":[2],"tags":[257,255,45,256],"class_list":["post-734","post","type-post","status-publish","format-standard","has-post-thumbnail","hentry","category-politica","tag-congreso","tag-ficha-limpia","tag-milei","tag-siley"],"jetpack_publicize_connections":[],"_links":{"self":[{"href":"https:\/\/www.enorsai.com\/noticias\/wp-json\/wp\/v2\/posts\/734","targetHints":{"allow":["GET"]}}],"collection":[{"href":"https:\/\/www.enorsai.com\/noticias\/wp-json\/wp\/v2\/posts"}],"about":[{"href":"https:\/\/www.enorsai.com\/noticias\/wp-json\/wp\/v2\/types\/post"}],"author":[{"embeddable":true,"href":"https:\/\/www.enorsai.com\/noticias\/wp-json\/wp\/v2\/users\/9"}],"replies":[{"embeddable":true,"href":"https:\/\/www.enorsai.com\/noticias\/wp-json\/wp\/v2\/comments?post=734"}],"version-history":[{"count":2,"href":"https:\/\/www.enorsai.com\/noticias\/wp-json\/wp\/v2\/posts\/734\/revisions"}],"predecessor-version":[{"id":741,"href":"https:\/\/www.enorsai.com\/noticias\/wp-json\/wp\/v2\/posts\/734\/revisions\/741"}],"wp:featuredmedia":[{"embeddable":true,"href":"https:\/\/www.enorsai.com\/noticias\/wp-json\/wp\/v2\/media\/740"}],"wp:attachment":[{"href":"https:\/\/www.enorsai.com\/noticias\/wp-json\/wp\/v2\/media?parent=734"}],"wp:term":[{"taxonomy":"category","embeddable":true,"href":"https:\/\/www.enorsai.com\/noticias\/wp-json\/wp\/v2\/categories?post=734"},{"taxonomy":"post_tag","embeddable":true,"href":"https:\/\/www.enorsai.com\/noticias\/wp-json\/wp\/v2\/tags?post=734"}],"curies":[{"name":"wp","href":"https:\/\/api.w.org\/{rel}","templated":true}]}}