{"id":7339,"date":"2025-08-08T22:45:43","date_gmt":"2025-08-09T01:45:43","guid":{"rendered":"https:\/\/www.enorsai.com\/noticias\/?p=7339"},"modified":"2025-08-08T22:45:43","modified_gmt":"2025-08-09T01:45:43","slug":"milei-en-cadena-nacional-amenazas-al-congreso-ajuste-salvaje-y-un-golpe-directo-a-la-republica","status":"publish","type":"post","link":"https:\/\/www.enorsai.com\/noticias\/politica\/milei-en-cadena-nacional-amenazas-al-congreso-ajuste-salvaje-y-un-golpe-directo-a-la-republica\/","title":{"rendered":"Milei en cadena nacional: amenazas al Congreso, ajuste salvaje y un golpe directo a la Rep\u00fablica"},"content":{"rendered":"\n<p><strong><em>El Presidente convirti\u00f3 un discurso econ\u00f3mico en un acto de intimidaci\u00f3n pol\u00edtica. Ratific\u00f3 que no habr\u00e1 aumentos para jubilados ni personas con discapacidad y lanz\u00f3 advertencias que exponen la insensibilidad social de su gobierno.<\/em><\/strong><\/p>\n\n\n\n<p>La cadena nacional fue mucho m\u00e1s que un balance econ\u00f3mico: fue un ultim\u00e1tum. Javier Milei no solo defendi\u00f3 su ajuste como una cruzada personal, sino que amenaz\u00f3 al Congreso y dej\u00f3 claro que, para su plan, los m\u00e1s vulnerables no est\u00e1n en la ecuaci\u00f3n.<\/p>\n\n\n\n<p>Ocurri\u00f3 en horario central, con todos los canales transmitiendo. El Presidente, solo frente a c\u00e1mara, se plant\u00f3 como un jefe de guerra: \u201cSi quieren volver atr\u00e1s, me van a tener que sacar con los pies para adelante\u201d. No era una met\u00e1fora inocente. Era una advertencia directa al Congreso.<\/p>\n\n\n\n<p>Ese tono no es nuevo, pero esta vez lleg\u00f3 al l\u00edmite. Milei no solo defendi\u00f3 el d\u00e9ficit cero como dogma, sino que convirti\u00f3 cualquier intento de aumentar jubilaciones, salarios docentes o pensiones por discapacidad en un acto \u201ccriminal\u201d contra la econom\u00eda.<\/p>\n\n\n\n<p>Dijo que esos proyectos son \u201cenga\u00f1o demag\u00f3gico\u201d. Habl\u00f3 de \u201cquiebra nacional\u201d y de un Congreso que quiere destruir lo que \u00e9l llama \u201cla piedra angular\u201d de su gesti\u00f3n. Pero lo que evit\u00f3 mencionar es que detr\u00e1s de cada peso que se niega hay una persona que sigue viviendo con ingresos que no alcanzan para sobrevivir.<\/p>\n\n\n\n<p>No hubo una palabra sobre c\u00f3mo vive un jubilado que apenas llega a fin de mes. Ni sobre las familias que dependen de una pensi\u00f3n por discapacidad y tienen que elegir entre pagar remedios o comer. Para Milei, la sensibilidad social es un gasto que no figura en su Excel.<\/p>\n\n\n\n<p>En cambio, s\u00ed hubo amenazas veladas y medidas punitivas. Anunci\u00f3 que prohibir\u00e1 al Tesoro financiar gasto con emisi\u00f3n y que enviar\u00e1 una ley para penalizar a legisladores que voten presupuestos deficitarios. La pol\u00edtica, para \u00e9l, no se debate: se acata.<\/p>\n\n\n\n<p>Este no fue un discurso institucional. Fue un acto de disciplinamiento. El Ejecutivo dici\u00e9ndole al Legislativo: \u201cO siguen mi plan o ser\u00e1n culpables del desastre\u201d. Esa no es la m\u00fasica de una rep\u00fablica viva, sino la de una democracia que empieza a sofocarse.<\/p>\n\n\n\n<p>Milei repiti\u00f3 que hay solo dos caminos: el suyo o el del abismo. Esa falsa dicotom\u00eda es el arma perfecta para blindar su poder y criminalizar el disenso. El ajuste se convierte as\u00ed en una religi\u00f3n y todo el que la cuestione, en un enemigo.<\/p>\n\n\n\n<p>La cadena nacional del 8 de agosto quedar\u00e1 como una se\u00f1al peligrosa. No solo por el rechazo expl\u00edcito a aliviar la situaci\u00f3n de los m\u00e1s vulnerables, sino por el modo en que un presidente se permite amenazar, en vivo, a otro poder del Estado.<\/p>\n\n\n\n<p>La Rep\u00fablica no muere de golpe. Muere as\u00ed: con discursos que normalizan la intimidaci\u00f3n, con gobiernos que convierten la pol\u00edtica en obediencia ciega y con decisiones que ponen el equilibrio fiscal por encima de la dignidad humana.<\/p>\n\n\n\n<p>Milei eligi\u00f3 su trinchera. La pregunta es si la sociedad est\u00e1 dispuesta a pagar el precio de esa batalla.<\/p>\n","protected":false},"excerpt":{"rendered":"<p>Amenazas al Congreso, ajuste sin alivio a jubilados ni personas con discapacidad y una ley para penalizar presupuestos deficitarios. En su cadena nacional, Milei defendi\u00f3 su plan como dogma y convirti\u00f3 el desacuerdo pol\u00edtico en una batalla personal, mientras la Rep\u00fablica se resquebraja y la insensibilidad social se hace norma.<\/p>\n","protected":false},"author":9,"featured_media":7341,"comment_status":"open","ping_status":"open","sticky":false,"template":"","format":"standard","meta":{"_monsterinsights_skip_tracking":false,"_monsterinsights_sitenote_active":false,"_monsterinsights_sitenote_note":"","_monsterinsights_sitenote_category":0,"footnotes":"","jetpack_publicize_message":"","jetpack_publicize_feature_enabled":true,"jetpack_social_post_already_shared":true,"jetpack_social_options":{"image_generator_settings":{"template":"highway","default_image_id":0,"font":"","enabled":false},"version":2}},"categories":[2],"tags":[58,817,257,49,209,900,509,45,72,2790],"class_list":["post-7339","post","type-post","status-publish","format-standard","has-post-thumbnail","hentry","category-politica","tag-ajuste","tag-amenazas","tag-congreso","tag-deficit","tag-democracia","tag-discapacidad","tag-jubilados","tag-milei","tag-politica","tag-republica"],"jetpack_publicize_connections":[],"_links":{"self":[{"href":"https:\/\/www.enorsai.com\/noticias\/wp-json\/wp\/v2\/posts\/7339","targetHints":{"allow":["GET"]}}],"collection":[{"href":"https:\/\/www.enorsai.com\/noticias\/wp-json\/wp\/v2\/posts"}],"about":[{"href":"https:\/\/www.enorsai.com\/noticias\/wp-json\/wp\/v2\/types\/post"}],"author":[{"embeddable":true,"href":"https:\/\/www.enorsai.com\/noticias\/wp-json\/wp\/v2\/users\/9"}],"replies":[{"embeddable":true,"href":"https:\/\/www.enorsai.com\/noticias\/wp-json\/wp\/v2\/comments?post=7339"}],"version-history":[{"count":1,"href":"https:\/\/www.enorsai.com\/noticias\/wp-json\/wp\/v2\/posts\/7339\/revisions"}],"predecessor-version":[{"id":7342,"href":"https:\/\/www.enorsai.com\/noticias\/wp-json\/wp\/v2\/posts\/7339\/revisions\/7342"}],"wp:featuredmedia":[{"embeddable":true,"href":"https:\/\/www.enorsai.com\/noticias\/wp-json\/wp\/v2\/media\/7341"}],"wp:attachment":[{"href":"https:\/\/www.enorsai.com\/noticias\/wp-json\/wp\/v2\/media?parent=7339"}],"wp:term":[{"taxonomy":"category","embeddable":true,"href":"https:\/\/www.enorsai.com\/noticias\/wp-json\/wp\/v2\/categories?post=7339"},{"taxonomy":"post_tag","embeddable":true,"href":"https:\/\/www.enorsai.com\/noticias\/wp-json\/wp\/v2\/tags?post=7339"}],"curies":[{"name":"wp","href":"https:\/\/api.w.org\/{rel}","templated":true}]}}