{"id":7335,"date":"2025-08-08T21:20:52","date_gmt":"2025-08-09T00:20:52","guid":{"rendered":"https:\/\/www.enorsai.com\/noticias\/?p=7335"},"modified":"2025-08-08T21:30:24","modified_gmt":"2025-08-09T00:30:24","slug":"inflacion-semanal-se-acelera-lcg-detecta-2-en-alimentos-y-la-preocupacion-cambia-de-precios-a-salarios-y-empleo","status":"publish","type":"post","link":"https:\/\/www.enorsai.com\/noticias\/economia\/inflacion-semanal-se-acelera-lcg-detecta-2-en-alimentos-y-la-preocupacion-cambia-de-precios-a-salarios-y-empleo\/","title":{"rendered":"Inflaci\u00f3n semanal se acelera: LCG detecta 2% en alimentos y la preocupaci\u00f3n cambia de precios a salarios y empleo"},"content":{"rendered":"\n<p>8 de agosto de 2025 | Por Redacci\u00f3n Enorsai<\/p>\n\n\n\n<figure class=\"wp-block-image\"><img decoding=\"async\" src=\"https:\/\/tuservidor.com\/imagenes\/lcg-iragui-inflacion-alimentos-bebidas-2025.jpg\" alt=\"Florencia Iragui LCG inflaci\u00f3n alimentos agosto 2025\"\/><figcaption class=\"wp-element-caption\">La consultora LCG advierte un repunte de la inflaci\u00f3n semanal en alimentos al 2%: alerta sobre salario real y consumo.<\/figcaption><\/figure>\n\n\n\n<h2 class=\"wp-block-heading\">Datos duros: alimentos y bebidas impulsan el rebote inflacionario<\/h2>\n\n\n\n<p>Seg\u00fan Florencia Iragui, economista de la consultora LCG, <strong>la inflaci\u00f3n semanal en alimentos y bebidas peg\u00f3 un salto al 2% en la primera semana de agosto<\/strong>. Este registro es casi el triple del 0,7% marcado en el mismo lapso de julio y refleja el <strong>efecto directo de nuevas remarcaciones y el movimiento del d\u00f3lar<\/strong>.<\/p>\n\n\n\n<p>A pesar de que la inflaci\u00f3n mensual viene desacelerando, <strong>la suba puntual en la \u00faltima semana responde a listas nuevas de mayoristas y al impacto inmediato de la inestabilidad cambiaria<\/strong>. LCG advierte que la primera semana suele ser la m\u00e1s \u201ccaliente\u201d por remarcaciones, pero el dato marca tendencia para el mes.<\/p>\n\n\n\n<h2 class=\"wp-block-heading\">\u00bfS\u00f3lo un \u201cpico transitorio\u201d o tendencia preocupante?<\/h2>\n\n\n\n<p>Iragui explica que aunque el 2% semanal pueda corregirse si aparecen ofertas o promociones, <strong>es probable que agosto cierre con una inflaci\u00f3n claramente mayor a la de julio<\/strong>. Los regulados (tarifas, combustibles, transporte) tambi\u00e9n empujan, y el dato de inflaci\u00f3n de julio en CABA ya mostr\u00f3 un 2,5% mensual, un escal\u00f3n m\u00e1s alto que el mes previo.<\/p>\n\n\n\n<p><strong>Productos con alto componente importado (como limpieza o algunos alimentos procesados)<\/strong> sintieron de inmediato el salto del d\u00f3lar, mientras las importaciones ofrecen una \u201cancla relativa\u201d al limitar la suba por competencia, pero no la cortan si el d\u00f3lar se mueve.<\/p>\n\n\n\n<figure class=\"wp-block-embed is-type-wp-embed is-provider-incrustado wp-block-embed-incrustado\"><div class=\"wp-block-embed__wrapper\">\n<blockquote class=\"wp-embedded-content\" data-secret=\"3S2KNEpNsn\"><a href=\"https:\/\/www.enorsai.com\/noticias\/politica\/solo-datos-como-se-multiplico-el-patrimonio-de-los-que-vinieron-a-terminar-con-la-casta-revelaciones-exclusivas-y-testimonios-que-incomodan\/\">Solo datos: c\u00f3mo se multiplic\u00f3 el patrimonio de \u201clos que vinieron a terminar con la casta\u201d \u2014 Revelaciones exclusivas y testimonios que incomodan<\/a><\/blockquote><iframe loading=\"lazy\" class=\"wp-embedded-content\" sandbox=\"allow-scripts\" security=\"restricted\" style=\"position: absolute; visibility: hidden;\" title=\"\u00abSolo datos: c\u00f3mo se multiplic\u00f3 el patrimonio de \u201clos que vinieron a terminar con la casta\u201d \u2014 Revelaciones exclusivas y testimonios que incomodan\u00bb \u2014 \" src=\"https:\/\/www.enorsai.com\/noticias\/politica\/solo-datos-como-se-multiplico-el-patrimonio-de-los-que-vinieron-a-terminar-con-la-casta-revelaciones-exclusivas-y-testimonios-que-incomodan\/embed\/#?secret=0A5SMi6IWQ#?secret=3S2KNEpNsn\" data-secret=\"3S2KNEpNsn\" width=\"600\" height=\"338\" frameborder=\"0\" marginwidth=\"0\" marginheight=\"0\" scrolling=\"no\"><\/iframe>\n<\/div><\/figure>\n\n\n\n<h2 class=\"wp-block-heading\">Cambio de clima social: del espanto a la inflaci\u00f3n al miedo por el salario y el empleo<\/h2>\n\n\n\n<p>La economista enfatiz\u00f3 un <strong>cambio en las preocupaciones sociales<\/strong>: \u201cHoy la gente ya no menciona tanto la inflaci\u00f3n como obsesi\u00f3n principal; pasa a encabezar el ranking la ca\u00edda del salario real, el desempleo o los ingresos insuficientes\u201d.<\/p>\n\n\n\n<p>Iragui sostiene que <strong>la \u201csensibilidad\u201d a la inflaci\u00f3n depende del bolsillo<\/strong>: no hay un n\u00famero m\u00e1gico, sino el diferencial entre la suba de precios y el ajuste de ingresos. Si la inflaci\u00f3n semanal es 2%, pero la paritaria suma 1%, el malestar y la demanda social crecen.<\/p>\n\n\n\n<figure class=\"wp-block-embed is-type-wp-embed is-provider-incrustado wp-block-embed-incrustado\"><div class=\"wp-block-embed__wrapper\">\n<blockquote class=\"wp-embedded-content\" data-secret=\"GpkZweviPy\"><a href=\"https:\/\/www.enorsai.com\/noticias\/economia\/exodo-multinacional-en-la-argentina-shell-carrefour-y-total-energy-se-van-y-la-economia-se-queda-sin-dolares-nuevos\/\">\u00c9xodo multinacional en la Argentina: Shell, Carrefour y Total Energy se van y la econom\u00eda se queda sin d\u00f3lares nuevos<\/a><\/blockquote><iframe loading=\"lazy\" class=\"wp-embedded-content\" sandbox=\"allow-scripts\" security=\"restricted\" style=\"position: absolute; visibility: hidden;\" title=\"\u00ab\u00c9xodo multinacional en la Argentina: Shell, Carrefour y Total Energy se van y la econom\u00eda se queda sin d\u00f3lares nuevos\u00bb \u2014 \" src=\"https:\/\/www.enorsai.com\/noticias\/economia\/exodo-multinacional-en-la-argentina-shell-carrefour-y-total-energy-se-van-y-la-economia-se-queda-sin-dolares-nuevos\/embed\/#?secret=OzyGUruBmK#?secret=GpkZweviPy\" data-secret=\"GpkZweviPy\" width=\"600\" height=\"338\" frameborder=\"0\" marginwidth=\"0\" marginheight=\"0\" scrolling=\"no\"><\/iframe>\n<\/div><\/figure>\n\n\n\n<h2 class=\"wp-block-heading\">\u00bfCu\u00e1ndo la inflaci\u00f3n vuelve a preocupar de verdad?<\/h2>\n\n\n\n<p>No existe un umbral num\u00e9rico fijo, advierte LCG: <strong>\u201cUn 2% de aumento semanal es preocupante cuando el ingreso sigue rezagado\u201d<\/strong>. Tras meses donde la inflaci\u00f3n parec\u00eda desacelerar, la combinaci\u00f3n de remarcaciones, suba del d\u00f3lar y paritarias por detr\u00e1s del \u00edndice vuelve a encender alertas.<\/p>\n\n\n\n<p>El riesgo real, dice Iragui, es instalarse en un piso de inflaci\u00f3n a\u00fan elevado (por encima del 20%-25% anual, contra 5% de pa\u00edses vecinos) con salarios estancados y p\u00e9rdida acumulada de poder adquisitivo.<\/p>\n\n\n\n<h2 class=\"wp-block-heading\">Contexto para entender: impacto del d\u00f3lar, importaciones y regulados<\/h2>\n\n\n\n<ul class=\"wp-block-list\">\n<li>Remarcaciones inmediatas tras el salto cambiario, sobre todo en mayoristas.<\/li>\n\n\n\n<li>Productos regulados (luz, agua, gas, transportes p\u00fablicos) suben cerca de 2% mensual, afectando el piso general de inflaci\u00f3n.<\/li>\n\n\n\n<li>Importaciones pueden frenar algunas subas, pero en alimentos y esenciales la inflaci\u00f3n sigue alta por costos internos.<\/li>\n\n\n\n<li>Los consumidores priorizan precios, compran ofertas y \u201cajustan la canasta\u201d.<\/li>\n<\/ul>\n\n\n\n<h3 class=\"wp-block-heading\">Te puede interesar<\/h3>\n\n\n\n<ul class=\"wp-block-list\">\n<li><a href=\"https:\/\/enorsai.com.ar\/economia\/2025\/08\/07\/inflacion-caba-julio-2025-caida-consumo.html\">Inflaci\u00f3n en CABA: vuelve a subir y ahoga el consumo<\/a><\/li>\n\n\n\n<li><a href=\"https:\/\/enorsai.com.ar\/analisis\/2025\/08\/07\/bermudez-inflacion-clase-media-crisis.html\">Berm\u00fadez: \u201cLa clase media, la gran perdedora de la inflaci\u00f3n\u201d<\/a><\/li>\n\n\n\n<li><a href=\"https:\/\/enorsai.com.ar\/economia\/2025\/08\/07\/diab-came-advertencia-consumo-crisis.html\">CAME: advertencia pyme, el consumo sigue en crisis<\/a><\/li>\n<\/ul>\n\n\n\n<p>Fuente: Radio 10 &#8211; El amor es m\u00e1s fuerte | Consultora LCG, Florencia Iragui.<\/p>\n","protected":false},"excerpt":{"rendered":"<p>La inflaci\u00f3n semanal en alimentos salt\u00f3 al 2%, seg\u00fan LCG. El temor ya no es solo el precio sino salarios atrasados y consumo frenado: la crisis se siente en el bolsillo y en el \u00e1nimo social.<\/p>\n","protected":false},"author":5,"featured_media":7338,"comment_status":"open","ping_status":"open","sticky":false,"template":"","format":"standard","meta":{"_monsterinsights_skip_tracking":false,"_monsterinsights_sitenote_active":false,"_monsterinsights_sitenote_note":"","_monsterinsights_sitenote_category":0,"footnotes":"","jetpack_publicize_message":"\u26a0\ufe0f Inflaci\u00f3n semanal pega el 2% en alimentos: LCG alerta rebote y la preocupaci\u00f3n ya no es solo precios, sino salarios y empleo","jetpack_publicize_feature_enabled":true,"jetpack_social_post_already_shared":false,"jetpack_social_options":{"image_generator_settings":{"template":"highway","default_image_id":0,"font":"","enabled":false},"version":2}},"categories":[3],"tags":[2777,1635,2778,282,225,32,2775,2776,2773,2774,2662,1169,2780,2779,2727,263,917],"class_list":["post-7335","post","type-post","status-publish","format-standard","has-post-thumbnail","hentry","category-economia","tag-consultora","tag-consumo","tag-datos-semanales","tag-dolar","tag-economia-argentina","tag-empleo","tag-florencia-iragui","tag-inflacion-agosto-2025","tag-inflacion-alimentos","tag-lcg","tag-poder-adquisitivo","tag-precios","tag-preocupacion-social","tag-regulados","tag-remarcaciones","tag-salarios","tag-tarifas"],"jetpack_publicize_connections":[],"_links":{"self":[{"href":"https:\/\/www.enorsai.com\/noticias\/wp-json\/wp\/v2\/posts\/7335","targetHints":{"allow":["GET"]}}],"collection":[{"href":"https:\/\/www.enorsai.com\/noticias\/wp-json\/wp\/v2\/posts"}],"about":[{"href":"https:\/\/www.enorsai.com\/noticias\/wp-json\/wp\/v2\/types\/post"}],"author":[{"embeddable":true,"href":"https:\/\/www.enorsai.com\/noticias\/wp-json\/wp\/v2\/users\/5"}],"replies":[{"embeddable":true,"href":"https:\/\/www.enorsai.com\/noticias\/wp-json\/wp\/v2\/comments?post=7335"}],"version-history":[{"count":1,"href":"https:\/\/www.enorsai.com\/noticias\/wp-json\/wp\/v2\/posts\/7335\/revisions"}],"predecessor-version":[{"id":7336,"href":"https:\/\/www.enorsai.com\/noticias\/wp-json\/wp\/v2\/posts\/7335\/revisions\/7336"}],"wp:featuredmedia":[{"embeddable":true,"href":"https:\/\/www.enorsai.com\/noticias\/wp-json\/wp\/v2\/media\/7338"}],"wp:attachment":[{"href":"https:\/\/www.enorsai.com\/noticias\/wp-json\/wp\/v2\/media?parent=7335"}],"wp:term":[{"taxonomy":"category","embeddable":true,"href":"https:\/\/www.enorsai.com\/noticias\/wp-json\/wp\/v2\/categories?post=7335"},{"taxonomy":"post_tag","embeddable":true,"href":"https:\/\/www.enorsai.com\/noticias\/wp-json\/wp\/v2\/tags?post=7335"}],"curies":[{"name":"wp","href":"https:\/\/api.w.org\/{rel}","templated":true}]}}