{"id":7327,"date":"2025-08-08T11:26:51","date_gmt":"2025-08-08T14:26:51","guid":{"rendered":"https:\/\/www.enorsai.com\/noticias\/?p=7327"},"modified":"2025-08-08T11:26:51","modified_gmt":"2025-08-08T14:26:51","slug":"solo-datos-como-se-multiplico-el-patrimonio-de-los-que-vinieron-a-terminar-con-la-casta-revelaciones-exclusivas-y-testimonios-que-incomodan","status":"publish","type":"post","link":"https:\/\/www.enorsai.com\/noticias\/politica\/solo-datos-como-se-multiplico-el-patrimonio-de-los-que-vinieron-a-terminar-con-la-casta-revelaciones-exclusivas-y-testimonios-que-incomodan\/","title":{"rendered":"Solo datos: c\u00f3mo se multiplic\u00f3 el patrimonio de \u201clos que vinieron a terminar con la casta\u201d \u2014 Revelaciones exclusivas y testimonios que incomodan"},"content":{"rendered":"\n<p>8 de agosto de 2025 | Por Redacci\u00f3n Enorsai<\/p>\n\n\n\n<figure class=\"wp-block-image\"><img decoding=\"async\" src=\"https:\/\/tuservidor.com\/imagenes\/milei-patrimonio-casta-millonarios-2025.jpg\" alt=\"Crecimiento patrimonio administraci\u00f3n Milei Libertad Avanza funcionarios PRO\"\/><figcaption class=\"wp-element-caption\">\u201cAnticasta\u201d convertidos en millonarios: los n\u00fameros que la sociedad merece conocer.<\/figcaption><\/figure>\n\n\n\n<h2 class=\"wp-block-heading\">Pandilla millonaria: el audio que confirma la trama<\/h2>\n\n\n\n<p>Un audio recientemente accedido y analizado en exclusiva por <strong>Enorsai<\/strong> aporta voces directas y datos sobre el fenomenal crecimiento patrimonial de funcionarios de La Libertad Avanza, familiares de Milei y aliados del PRO. El registro revela lo que hasta ahora algunos sospechaban: <strong>los \u201canticasta\u201d aprovecharon el poder como ninguna otra gesti\u00f3n reciente<\/strong>.<\/p>\n\n\n\n<p><strong>En el audio se discute abiertamente c\u00f3mo miembros del gabinete y sus entornos cercanos registraron saltos en cuentas bancarias, adquisici\u00f3n de inmuebles y movimientos de fondos a para\u00edsos fiscales<\/strong>. Se insin\u00faa que la operatoria para manejar fondos entre CABA, Uruguay y bancos privados se volvi\u00f3 cotidiana y hasta \u201cnatural\u201d dentro del espacio oficialista.<\/p>\n\n\n\n<p><em>\u201cSi no entr\u00e1s, te qued\u00e1s afuera\u201d, se escucha decir a un allegado a la mesa chica. \u201cAc\u00e1 todos ya blanquearon, y el que no tiene una offshore, es porque duerme\u201d, agrega otra voz del entorno econ\u00f3mico cercano a la presidencia.<\/em><\/p>\n\n\n\n<h2 class=\"wp-block-heading\">Patrimonios en tiempo r\u00e9cord: datos p\u00fablicos y secretos a voces<\/h2>\n\n\n\n<p>Fuentes p\u00fablicas y period\u00edsticas respaldan el fen\u00f3meno:<\/p>\n\n\n\n<ul class=\"wp-block-list\">\n<li><strong>Javier Milei<\/strong> declar\u00f3 un aumento patrimonial del 87% s\u00f3lo en el primer a\u00f1o,<br><small>[El Destape, Chequeado]<\/small><\/li>\n\n\n\n<li><strong>Karina Milei<\/strong> pas\u00f3 de ingresos declarados m\u00ednimos a compras inmobiliarias y veh\u00edculos de alta gama,<br><small>[OA, La Naci\u00f3n]<\/small><\/li>\n\n\n\n<li><strong>Luis Caputo<\/strong> y <strong>Santiago Bausili<\/strong> aparecen en el audio como ejemplo de \u201cc\u00f3mo se invierte en el momento justo\u201d: incrementaron sus activos hasta 40% mediante movimientos en el exterior y acciones vinculadas a empresas estatales,<br><small>[Perfil, iProfesional]<\/small><\/li>\n\n\n\n<li>Nombres del PRO como <strong>Bullrich<\/strong> y <strong>Clusellas<\/strong> figuran en testimonios y registros con adquisiciones en Uruguay y el exterior, creciendo hasta 70% en 18 meses.<br><small>[La Naci\u00f3n, Chequeado]<\/small><\/li>\n<\/ul>\n\n\n\n<p>En el audio, un interlocutor bromea: \u201cSi Caputo te llama a tiempo, duplic\u00e1s tus verdes en tres meses. Es el \u00fanico que entiende la l\u00f3gica&#8230; antes de que explote todo.\u201d <\/p>\n\n\n\n<figure class=\"wp-block-embed is-type-wp-embed is-provider-incrustado wp-block-embed-incrustado\"><div class=\"wp-block-embed__wrapper\">\n<blockquote class=\"wp-embedded-content\" data-secret=\"Nqe4mIB797\"><a href=\"https:\/\/www.enorsai.com\/noticias\/politica\/el-emporio-millonario-del-hijo-de-bullrich-70-bares-una-denuncia-congelada-y-muchas-sospechas\/\">El emporio millonario del hijo de Bullrich: 70 bares, una denuncia congelada y muchas sospechas<\/a><\/blockquote><iframe loading=\"lazy\" class=\"wp-embedded-content\" sandbox=\"allow-scripts\" security=\"restricted\" style=\"position: absolute; visibility: hidden;\" title=\"\u00abEl emporio millonario del hijo de Bullrich: 70 bares, una denuncia congelada y muchas sospechas\u00bb \u2014 \" src=\"https:\/\/www.enorsai.com\/noticias\/politica\/el-emporio-millonario-del-hijo-de-bullrich-70-bares-una-denuncia-congelada-y-muchas-sospechas\/embed\/#?secret=6u4cum2Bej#?secret=Nqe4mIB797\" data-secret=\"Nqe4mIB797\" width=\"600\" height=\"338\" frameborder=\"0\" marginwidth=\"0\" marginheight=\"0\" scrolling=\"no\"><\/iframe>\n<\/div><\/figure>\n\n\n\n<h2 class=\"wp-block-heading\">C\u00f3mo y por qu\u00e9 se enriquecen mientras ajustan a todos los dem\u00e1s<\/h2>\n\n\n\n<ul class=\"wp-block-list\">\n<li><strong>Sociedades en el exterior<\/strong> creadas desde diciembre 2023, triangulaciones v\u00eda Panam\u00e1 y Miami, blanqueos de \u201crentas financieras\u201d despu\u00e9s de cada DNU o privatizaci\u00f3n.<\/li>\n\n\n\n<li>Uso de informaci\u00f3n privilegiada para mover fondos a cuentas \u201cprotegidas\u201d y comprar inmuebles en CABA y Uruguay.<\/li>\n\n\n\n<li>Declaraciones juradas con saltos de hasta cien millones de pesos, mientras el empleo formal y las pymes se desmoronan.<\/li>\n<\/ul>\n\n\n\n<p>Las voces del audio remarcan que la operatoria es \u201clegal, pero poco \u00e9tica\u201d, y hasta portavoces cercanos a la Secretar\u00eda General admiten que \u201cnadie revisa a fondo las DDJJ\u201d, endilgando la responsabilidad a la OA y el propio Congreso.<\/p>\n\n\n\n<h2 class=\"wp-block-heading\">La indignaci\u00f3n en la sociedad: \u201cMientras nos piden sacrificios, ellos se llenan los bolsillos\u201d<\/h2>\n\n\n\n<p>Vecinos y referentes sociales, citados en el audio y recogidos en testimonios callejeros, explotan: <strong>\u201cNos ajustan a todos, pero ellos compran casas y abren cuentas afuera\u201d<\/strong>. Antes, el relato anti-casta. Ahora, mansiones, blindajes y fortunas. Mientras tanto, el pa\u00eds con r\u00e9cord de cierre de pymes y ca\u00edda del salario real.<\/p>\n\n\n\n<p>\u201cNada ha cambiado. Son los mismos millonarios de siempre, solo que ahora lo hacen sin esconderlo\u201d, sentencia un empresario en off.<\/p>\n\n\n\n<h2 class=\"wp-block-heading\">\u00bfPuede investigarse m\u00e1s? Los caminos abiertos (y bloqueados)<\/h2>\n\n\n\n<p>Las causas por enriquecimiento il\u00edcito avanzan lento; los medios alternativos y organizaciones civiles ahora piden acceso p\u00fablico tiempo real a las DDJJ y los registros notariales. Mientras tanto, el crecimiento patrimonial de los funcionarios de Milei y el PRO <strong>sigue batiendo r\u00e9cords<\/strong>.<\/p>\n\n\n\n<h3 class=\"wp-block-heading\">Te puede interesar<\/h3>\n\n\n\n<ul class=\"wp-block-list\">\n<li><a href=\"https:\/\/chequeado.com\/investigacion\/la-evolucion-del-patrimonio-de-los-principales-funcionarios\/\" target=\"_blank\" rel=\"noreferrer noopener\">Chequeado: la evoluci\u00f3n del patrimonio de la \u201canticasta\u201d<\/a><\/li>\n\n\n\n<li><a href=\"https:\/\/www.perfil.com\/noticias\/politica\/politicos-ricos-patrimonios-randazzo-caputo-bullrich.phtml\" target=\"_blank\" rel=\"noreferrer noopener\">Perfil: funcionarios ricos, patrimonios millonarios<\/a><\/li>\n\n\n\n<li><a href=\"https:\/\/www.eldestapeweb.com\/politica\/patrimonio-funcionarios-milei-crecimiento-casta-2025.html\" target=\"_blank\" rel=\"noreferrer noopener\">El Destape: el boom patrimonial de Milei y gabinete<\/a><\/li>\n<\/ul>\n\n\n\n<p>Fuente: audio accedido por Enorsai, registros p\u00fablicos OA-DDJJ 2023-2025, Chequeado, La Naci\u00f3n, El Destape, Perfil, testimonios sociales e informes period\u00edsticos.<\/p>\n","protected":false},"excerpt":{"rendered":"<p>El an\u00e1lisis exclusivo del audio confirma y ampl\u00eda los datos oficiales: Milei, sus funcionarios y socios multiplican fortunas mientras reclaman \u201csacrificio\u201d a la sociedad. Sociedades, bienes y cuentas en el exterior, con testimonios y cifras documentadas.<\/p>\n","protected":false},"author":4,"featured_media":7328,"comment_status":"open","ping_status":"open","sticky":false,"template":"","format":"standard","meta":{"_monsterinsights_skip_tracking":false,"_monsterinsights_sitenote_active":false,"_monsterinsights_sitenote_note":"","_monsterinsights_sitenote_category":0,"footnotes":"","jetpack_publicize_message":"\ud83d\udca5 \u201cSolo datos: el boom patrimonial de Milei y su gabinete anticasta \u2013 el audio prohibido y las pruebas oficiales que incomodan\u201d","jetpack_publicize_feature_enabled":true,"jetpack_social_post_already_shared":false,"jetpack_social_options":{"image_generator_settings":{"template":"highway","default_image_id":0,"font":"","enabled":false},"version":2}},"categories":[3,2],"tags":[58,2766,262,2768,75,179,2767,2765,819,473,106,174,446,930,2763,2770,616,2764,2769,769],"class_list":["post-7327","post","type-post","status-publish","format-standard","has-post-thumbnail","hentry","category-economia","category-politica","tag-ajuste","tag-anti-casta","tag-bullrich","tag-compra-de-inmuebles","tag-corrupcion","tag-crisis-economica","tag-cuentas-en-el-exterior","tag-declaraciones-juradas","tag-denuncia","tag-enriquecimiento","tag-javier-milei","tag-karina-milei","tag-la-libertad-avanza","tag-luis-caputo","tag-patrimonio-funcionarios","tag-privilegios-politicos","tag-pro","tag-santiago-bausili","tag-sociedades-offshore","tag-transparencia"],"jetpack_publicize_connections":[],"_links":{"self":[{"href":"https:\/\/www.enorsai.com\/noticias\/wp-json\/wp\/v2\/posts\/7327","targetHints":{"allow":["GET"]}}],"collection":[{"href":"https:\/\/www.enorsai.com\/noticias\/wp-json\/wp\/v2\/posts"}],"about":[{"href":"https:\/\/www.enorsai.com\/noticias\/wp-json\/wp\/v2\/types\/post"}],"author":[{"embeddable":true,"href":"https:\/\/www.enorsai.com\/noticias\/wp-json\/wp\/v2\/users\/4"}],"replies":[{"embeddable":true,"href":"https:\/\/www.enorsai.com\/noticias\/wp-json\/wp\/v2\/comments?post=7327"}],"version-history":[{"count":1,"href":"https:\/\/www.enorsai.com\/noticias\/wp-json\/wp\/v2\/posts\/7327\/revisions"}],"predecessor-version":[{"id":7329,"href":"https:\/\/www.enorsai.com\/noticias\/wp-json\/wp\/v2\/posts\/7327\/revisions\/7329"}],"wp:featuredmedia":[{"embeddable":true,"href":"https:\/\/www.enorsai.com\/noticias\/wp-json\/wp\/v2\/media\/7328"}],"wp:attachment":[{"href":"https:\/\/www.enorsai.com\/noticias\/wp-json\/wp\/v2\/media?parent=7327"}],"wp:term":[{"taxonomy":"category","embeddable":true,"href":"https:\/\/www.enorsai.com\/noticias\/wp-json\/wp\/v2\/categories?post=7327"},{"taxonomy":"post_tag","embeddable":true,"href":"https:\/\/www.enorsai.com\/noticias\/wp-json\/wp\/v2\/tags?post=7327"}],"curies":[{"name":"wp","href":"https:\/\/api.w.org\/{rel}","templated":true}]}}