{"id":7320,"date":"2025-08-08T08:10:37","date_gmt":"2025-08-08T11:10:37","guid":{"rendered":"https:\/\/www.enorsai.com\/noticias\/?p=7320"},"modified":"2025-08-08T08:10:37","modified_gmt":"2025-08-08T11:10:37","slug":"mondino-milei-y-el-caso-libra-o-no-es-muy-inteligente-o-es-corrupto","status":"publish","type":"post","link":"https:\/\/www.enorsai.com\/noticias\/uncategorized\/mondino-milei-y-el-caso-libra-o-no-es-muy-inteligente-o-es-corrupto\/","title":{"rendered":"Mondino, Milei y el caso $Libra: \u201cO no es muy inteligente o es corrupto\u201d"},"content":{"rendered":"\n<p><strong><em>La excanciller argentina, Diana Mondino, reapareci\u00f3 p\u00fablicamente para dejar mal parado a Javier Milei por el caso $Libra y por los rumores sobre sus perros.<\/em><\/strong><\/p>\n\n\n\n<p>Este mi\u00e9rcoles la excanciller argentina, Diana Mondino, reapareci\u00f3 en una entrevista televisiva con un periodista brit\u00e1nico, en la que dio una declaraci\u00f3n ins\u00f3lita contra el presidente de la Naci\u00f3n, Javier Milei, por la estafa de la criptomoneda $Libra y por los rumores sobre que el Jefe de Estado libertario dialoga con sus perros ya fallecidos.<\/p>\n\n\n\n<p>\u201cHay dos posibilidades: o no es muy inteligente o es una suerte de corrupto. Elija usted. No s\u00e9\u201d, desliz\u00f3 Mondino al ser consultada sobre el periodista Maehdi Hasan sobre la implicancia de Milei en el caso $Libra, con el que m\u00e1s de 75 mil inversionistas salieron estafados.<\/p>\n\n\n\n<figure class=\"wp-block-embed is-type-rich is-provider-twitter wp-block-embed-twitter\"><div class=\"wp-block-embed__wrapper\">\n<blockquote class=\"twitter-tweet\" data-width=\"550\" data-dnt=\"true\"><p lang=\"es\" dir=\"ltr\">&quot;Diana Mondino&quot;:<br>Por sus comentarios sobre Javier Milei <a href=\"https:\/\/t.co\/M60ZDxILbR\">pic.twitter.com\/M60ZDxILbR<\/a><\/p>&mdash; \u00bfPor qu\u00e9 es tendencia? (@porquetendencia) <a href=\"https:\/\/twitter.com\/porquetendencia\/status\/1953549300182446404?ref_src=twsrc%5Etfw\">August 7, 2025<\/a><\/blockquote><script async src=\"https:\/\/platform.twitter.com\/widgets.js\" charset=\"utf-8\"><\/script>\n<\/div><\/figure>\n\n\n\n<p>En medio de la pol\u00e9mica por la ca\u00edda y posterior reapertura de la comisi\u00f3n investigadora de $Libra en el Congreso, Mondino se vio acorralada por uno de los esc\u00e1ndalos m\u00e1s grandes que enfrent\u00f3 la gesti\u00f3n nacional de Milei. Ante la pregunta del periodista sobre los m\u00e1s de USD 250 millones desaparecidos, la excanciller declar\u00f3: \u201cEspero que no, y si lo es, alg\u00fan d\u00eda tendr\u00e1 que ir a la c\u00e1rcel\u201d.<\/p>\n\n\n\n<p>Seg\u00fan evalu\u00f3 Mondino, Milei no debi\u00f3 haber hecho el tweet para promocionar la criptomoneda, y reflexion\u00f3 que el Presidente debi\u00f3 haber hecho eso por recomendaci\u00f3n de alguien. Apenas declar\u00f3 que el Presidente es \u201cest\u00fapido o corrupto\u201d, la excanciller supo que el da\u00f1o estaba hecho.<\/p>\n\n\n\n<p>\u201cCreo que hablo por todos cuando digo \u2018wow\u2019, es la primera vez que Diana Mondino dice que Milei es corrupto o est\u00fapido\u201d, respondi\u00f3 at\u00f3nito Hasan. Por su parte, la exfuncionaria de Milei no atin\u00f3 a desmentirse, sino m\u00e1s bien esquivo el tema.<\/p>\n\n\n\n<p><strong>Mondino se refiri\u00f3 a los rumores de Milei sobre sus perros<\/strong><\/p>\n\n\n\n<p>En la misma entrevista, quien fuera titular de la Canciller\u00eda hasta que fue despedida por Milei, se refiri\u00f3 a otro de los temas m\u00e1s inc\u00f3modos para el l\u00edder de La Libertad Avanza: su relaci\u00f3n con sus perros fallecidos.<\/p>\n\n\n\n<p>Al ser interrogada por Hasan sobre la posibilidad de que Milei consulte a su perro Conan, quien falleci\u00f3 en 2017, como una especie de asesor presidencia, Mondino no neg\u00f3 los rumores. \u201cCuando era ministra de Asuntos Exteriores, \u00bfMilei sigui\u00f3 m\u00e1s consejos suyos o de sus perros?\u201d. consult\u00f3.<\/p>\n\n\n\n<p>\u201cEn realidad, como estaba trabajando en acuerdos de comercio exterior, nadie me dio ning\u00fan tipo de consejo porque ten\u00edamos que trabajar con Mercosur\u201d, respondi\u00f3 Mondino, obviando lo inveros\u00edmil de la pregunta de su interlocutor.<\/p>\n\n\n\n<p>De forma insistente, Hasan retrotrajo el caso del economista Carlos Rodr\u00edguez, que funcion\u00f3 como asesor de Milei durante la campa\u00f1a presidencial y que, cuando el l\u00edder libertario lleg\u00f3 a Casa Rosada, fue echado por la puerta de atr\u00e1s. \u201cRodr\u00edguez renunci\u00f3 al Consejo de Asesores porque el desbalance mental de Milei se volvi\u00f3 evidente\u201d, interrog\u00f3 el periodista brit\u00e1nico.<\/p>\n\n\n\n<p>\u201dTengo que decir que Carlos siempre tiene la raz\u00f3n\u201c, respondi\u00f3 Mondino, que aport\u00f3 que Rodr\u00edguez fue su jefe durante m\u00e1s de 25 a\u00f1os. \u201cAs\u00ed que tiene un desequilibrio mental evidente\u201d, insisti\u00f3 Hasan. \u201cNo, no puedo decir eso\u201d, complet\u00f3 la excanciller.<\/p>\n\n\n\n<p>Vale aclarar que, el perro de Milei falleci\u00f3 en 2017 a ra\u00edz de de un c\u00e1ncer de m\u00e9dula espinal, tal como aparecen en varios posteos en redes sociales. Seg\u00fan el libro autobiogr\u00e1fico \u201cEl Loco\u201c, que fue citado durante la entrevista por el propio Hasan, el Presidente habr\u00eda iniciado contactos con m\u00e9diums para \u201cmantener un v\u00ednculo simb\u00f3lico\u201d. El rumor m\u00e1s fuerte sobre la anterior mascota del l\u00edder libertario, es que fue clonado por \u00f3rdenes de Milei por la empresa estadounidense PerPETuate.<\/p>\n\n\n\n<p>Por Diputados Bonaerenses<\/p>\n","protected":false},"excerpt":{"rendered":"<p>La excanciller argentina, Diana Mondino, reapareci\u00f3 p\u00fablicamente para dejar mal parado a Javier Milei por el caso $Libra y por los rumores sobre sus perros. Este mi\u00e9rcoles la excanciller argentina, Diana Mondino, reapareci\u00f3 en una entrevista televisiva con un periodista brit\u00e1nico, en la que dio una declaraci\u00f3n ins\u00f3lita contra el presidente de la Naci\u00f3n, Javier&#8230;<\/p>\n","protected":false},"author":5,"featured_media":7322,"comment_status":"open","ping_status":"open","sticky":false,"template":"","format":"standard","meta":{"_monsterinsights_skip_tracking":false,"_monsterinsights_sitenote_active":false,"_monsterinsights_sitenote_note":"","_monsterinsights_sitenote_category":0,"footnotes":"","jetpack_publicize_message":"","jetpack_publicize_feature_enabled":true,"jetpack_social_post_already_shared":true,"jetpack_social_options":{"image_generator_settings":{"template":"highway","default_image_id":0,"font":"","enabled":false},"version":2}},"categories":[2,1],"tags":[606,43,70,45],"class_list":["post-7320","post","type-post","status-publish","format-standard","has-post-thumbnail","hentry","category-politica","category-uncategorized","tag-libra","tag-crisis","tag-justicia","tag-milei"],"jetpack_publicize_connections":[],"_links":{"self":[{"href":"https:\/\/www.enorsai.com\/noticias\/wp-json\/wp\/v2\/posts\/7320","targetHints":{"allow":["GET"]}}],"collection":[{"href":"https:\/\/www.enorsai.com\/noticias\/wp-json\/wp\/v2\/posts"}],"about":[{"href":"https:\/\/www.enorsai.com\/noticias\/wp-json\/wp\/v2\/types\/post"}],"author":[{"embeddable":true,"href":"https:\/\/www.enorsai.com\/noticias\/wp-json\/wp\/v2\/users\/5"}],"replies":[{"embeddable":true,"href":"https:\/\/www.enorsai.com\/noticias\/wp-json\/wp\/v2\/comments?post=7320"}],"version-history":[{"count":2,"href":"https:\/\/www.enorsai.com\/noticias\/wp-json\/wp\/v2\/posts\/7320\/revisions"}],"predecessor-version":[{"id":7325,"href":"https:\/\/www.enorsai.com\/noticias\/wp-json\/wp\/v2\/posts\/7320\/revisions\/7325"}],"wp:featuredmedia":[{"embeddable":true,"href":"https:\/\/www.enorsai.com\/noticias\/wp-json\/wp\/v2\/media\/7322"}],"wp:attachment":[{"href":"https:\/\/www.enorsai.com\/noticias\/wp-json\/wp\/v2\/media?parent=7320"}],"wp:term":[{"taxonomy":"category","embeddable":true,"href":"https:\/\/www.enorsai.com\/noticias\/wp-json\/wp\/v2\/categories?post=7320"},{"taxonomy":"post_tag","embeddable":true,"href":"https:\/\/www.enorsai.com\/noticias\/wp-json\/wp\/v2\/tags?post=7320"}],"curies":[{"name":"wp","href":"https:\/\/api.w.org\/{rel}","templated":true}]}}