{"id":7317,"date":"2025-08-08T07:56:20","date_gmt":"2025-08-08T10:56:20","guid":{"rendered":"https:\/\/www.enorsai.com\/noticias\/?p=7317"},"modified":"2025-08-08T08:59:29","modified_gmt":"2025-08-08T11:59:29","slug":"garcia-cuerva-los-que-revuelven-la-basura-no-lo-hacen-porque-les-gusta","status":"publish","type":"post","link":"https:\/\/www.enorsai.com\/noticias\/politica\/garcia-cuerva-los-que-revuelven-la-basura-no-lo-hacen-porque-les-gusta\/","title":{"rendered":"Garc\u00eda Cuerva: \u201cLos que revuelven la basura no lo hacen porque les gusta\u201d"},"content":{"rendered":"\n<p><strong><em>En el D\u00eda de San Cayetano, el arzobispo de Buenos Aires, Jorge Garc\u00eda Cuerva, critic\u00f3 al Gobierno y demand\u00f3 pol\u00edticas de empleo.<\/em><\/strong><\/p>\n\n\n\n<p>El arzobispo de Buenos Aires, Jorge Garc\u00eda Cuerva, encabez\u00f3 este mi\u00e9rcoles la tradicional misa por el D\u00eda de San Cayetano y lanz\u00f3 un mensaje con fuertes cr\u00edticas al Gobierno nacional y a la administraci\u00f3n porte\u00f1a. A menos de 24 horas de la movilizaci\u00f3n que protagonizaron jubilados y trabajadores del Hospital Garrahan en Plaza de Mayo, el referente eclesi\u00e1stico reclam\u00f3 pol\u00edticas p\u00fablicas que generen empleo, protejan a los sectores m\u00e1s vulnerables y terminen con el \u201cchiquero de la descalificaci\u00f3n\u201d.<\/p>\n\n\n\n<p>Frente a cientos de fieles que se congregaron en el santuario de Liniers, Garc\u00eda Cuerva sostuvo que \u201cel trabajo es un gran ordenador social\u201d y \u201cdignifica a las personas\u201d. En ese marco, el cl\u00e9rigo expres\u00f3: \u201cPedimos una vez m\u00e1s a San Cayetano por todos los trabajadores de nuestra Patria, por todos, porque como Iglesia valoramos todas las formas de trabajo: el empleo formal, los emprendimientos familiares, la econom\u00eda popular, el reciclado, las changas\u201d.<\/p>\n\n\n\n<p>Asimismo, el l\u00edder pastoral inst\u00f3 a los dirigentes pol\u00edticos a reconocer y acompa\u00f1ar a quienes, con esfuerzo, logran llevar dignamente el pan a la mesa. \u201cSomos custodios de los m\u00e1s pobres, de los m\u00e1s d\u00e9biles, de los ancianos que siguen esperando una jubilaci\u00f3n digna. Somos custodios de las personas con discapacidad y los enfermos\u201d.<\/p>\n\n\n\n<p>En medio del debate por los recientes vetos presidenciales, el arzobispo subray\u00f3 la necesidad de abrir espacios de di\u00e1logo y construir una \u201ccasa de reconciliaci\u00f3n\u201d. En esa l\u00ednea, la autoridad cat\u00f3lica reclam\u00f3 ante los presentes: \u201cDejemos de descalificarnos, de odiarnos, de tratarnos mal y de usar palabras que lastiman mucho\u201d.<\/p>\n\n\n\n<figure class=\"wp-block-embed is-type-video is-provider-youtube wp-block-embed-youtube wp-embed-aspect-4-3 wp-has-aspect-ratio\"><div class=\"wp-block-embed__wrapper\">\n<iframe loading=\"lazy\" title=\"Homil\u00eda de Mons  Garc\u00eda Cuerva en la celebraci\u00f3n de San Cayetano\" width=\"640\" height=\"360\" src=\"https:\/\/www.youtube.com\/embed\/qV-LF7CEiEg?feature=oembed\" frameborder=\"0\" allow=\"accelerometer; autoplay; clipboard-write; encrypted-media; gyroscope; picture-in-picture; web-share\" referrerpolicy=\"strict-origin-when-cross-origin\" allowfullscreen><\/iframe>\n<\/div><\/figure>\n\n\n\n<p>Por otra parte, Garc\u00eda Cuerva cuestion\u00f3 una medida reciente del jefe de Gobierno porte\u00f1o, Jorge Macri, aunque evit\u00f3 nombrarla de forma directa. \u201cNo podemos desentendernos de los que sufren, de los que revuelven los tachos de basura buscando algo para comer, que no lo hacen porque les gusta, lo hacen por necesidad\u201d, advirti\u00f3 el prelado.<\/p>\n\n\n\n<p>En el tramo final de su homil\u00eda, el sacerdote pidi\u00f3 \u201cdejar atr\u00e1s la cultura del enfrentamiento\u201d y recuperar la \u201ccultura del encuentro\u201d. Para reforzar su mensaje, el religioso cit\u00f3 al recientemente fallecido papa Francisco: \u201cEl aislamiento y la cerraz\u00f3n en uno mismo o en los propios intereses jam\u00e1s son el camino para devolver esperanza. El aislamiento no, la cercan\u00eda s\u00ed. Cultura del enfrentamiento, no; cultura del encuentro, s\u00ed\u201d.<\/p>\n\n\n\n<p>Finalmente, la celebraci\u00f3n tambi\u00e9n incluy\u00f3 una reflexi\u00f3n sobre la fraternidad y el rol de la Iglesia en la protecci\u00f3n de quienes m\u00e1s lo necesitan. \u201cLa Casa del Padre tambi\u00e9n es hogar de fraternidad porque \u00c9l no quiere que nadie quede afuera. No quiere que se distancien. Quiere que se reconozcan hermanos responsables unos de otros\u201d, expres\u00f3 Garc\u00eda Cuerva.<\/p>\n\n\n\n<p>Como cada 7 de agosto, la misa en honor a San Cayetano reuni\u00f3 a cientos de fieles en el santuario del santo patrono, quienes participaron de la procesi\u00f3n, llevaron herramientas para bendecir y agradecieron por el trabajo o rezaron para conseguirlo. Al mismo tiempo, movimientos sociales, sindicalistas e intendentes marcharon hacia Plaza de Mayo bajo la consigna \u201cPaz, Pan, Tierra, Techo y Trabajo\u201d.<\/p>\n\n\n\n<p>Por Diputados Bonaerenses<\/p>\n","protected":false},"excerpt":{"rendered":"<p>En el D\u00eda de San Cayetano, el arzobispo de Buenos Aires, Jorge Garc\u00eda Cuerva, critic\u00f3 al Gobierno y demand\u00f3 pol\u00edticas de empleo. El arzobispo de Buenos Aires, Jorge Garc\u00eda Cuerva, encabez\u00f3 este mi\u00e9rcoles la tradicional misa por el D\u00eda de San Cayetano y lanz\u00f3 un mensaje con fuertes cr\u00edticas al Gobierno nacional y a la&#8230;<\/p>\n","protected":false},"author":5,"featured_media":7318,"comment_status":"open","ping_status":"open","sticky":false,"template":"","format":"standard","meta":{"_monsterinsights_skip_tracking":false,"_monsterinsights_sitenote_active":false,"_monsterinsights_sitenote_note":"","_monsterinsights_sitenote_category":0,"footnotes":"","jetpack_publicize_message":"","jetpack_publicize_feature_enabled":true,"jetpack_social_post_already_shared":true,"jetpack_social_options":{"image_generator_settings":{"template":"highway","default_image_id":0,"font":"","enabled":false},"version":2}},"categories":[2],"tags":[43,2758,72,2757],"class_list":["post-7317","post","type-post","status-publish","format-standard","has-post-thumbnail","hentry","category-politica","tag-crisis","tag-garcia-cuerva","tag-politica","tag-san-cayetano"],"jetpack_publicize_connections":[],"_links":{"self":[{"href":"https:\/\/www.enorsai.com\/noticias\/wp-json\/wp\/v2\/posts\/7317","targetHints":{"allow":["GET"]}}],"collection":[{"href":"https:\/\/www.enorsai.com\/noticias\/wp-json\/wp\/v2\/posts"}],"about":[{"href":"https:\/\/www.enorsai.com\/noticias\/wp-json\/wp\/v2\/types\/post"}],"author":[{"embeddable":true,"href":"https:\/\/www.enorsai.com\/noticias\/wp-json\/wp\/v2\/users\/5"}],"replies":[{"embeddable":true,"href":"https:\/\/www.enorsai.com\/noticias\/wp-json\/wp\/v2\/comments?post=7317"}],"version-history":[{"count":2,"href":"https:\/\/www.enorsai.com\/noticias\/wp-json\/wp\/v2\/posts\/7317\/revisions"}],"predecessor-version":[{"id":7326,"href":"https:\/\/www.enorsai.com\/noticias\/wp-json\/wp\/v2\/posts\/7317\/revisions\/7326"}],"wp:featuredmedia":[{"embeddable":true,"href":"https:\/\/www.enorsai.com\/noticias\/wp-json\/wp\/v2\/media\/7318"}],"wp:attachment":[{"href":"https:\/\/www.enorsai.com\/noticias\/wp-json\/wp\/v2\/media?parent=7317"}],"wp:term":[{"taxonomy":"category","embeddable":true,"href":"https:\/\/www.enorsai.com\/noticias\/wp-json\/wp\/v2\/categories?post=7317"},{"taxonomy":"post_tag","embeddable":true,"href":"https:\/\/www.enorsai.com\/noticias\/wp-json\/wp\/v2\/tags?post=7317"}],"curies":[{"name":"wp","href":"https:\/\/api.w.org\/{rel}","templated":true}]}}