{"id":7307,"date":"2025-08-07T23:27:40","date_gmt":"2025-08-08T02:27:40","guid":{"rendered":"https:\/\/www.enorsai.com\/noticias\/?p=7307"},"modified":"2025-08-07T23:27:40","modified_gmt":"2025-08-08T02:27:40","slug":"cayo-la-industria-argentina-rosato-advierte-que-sin-financiamiento-baja-en-las-ventas-y-el-costo-de-la-energia-matan-a-las-pymes","status":"publish","type":"post","link":"https:\/\/www.enorsai.com\/noticias\/economia\/cayo-la-industria-argentina-rosato-advierte-que-sin-financiamiento-baja-en-las-ventas-y-el-costo-de-la-energia-matan-a-las-pymes\/","title":{"rendered":"Cay\u00f3 la industria argentina: Rosato advierte que sin financiamiento, baja en las ventas y el costo de la energ\u00eda matan a las pymes"},"content":{"rendered":"\n<p><\/p>\n\n\n\n<p>7 de agosto de 2025 | Por Redacci\u00f3n Enorsai<\/p>\n\n\n\n<figure class=\"wp-block-image\"><img decoding=\"async\" src=\"https:\/\/tuservidor.com\/imagenes\/rosato-caida-industria-pyme-2025.jpg\" alt=\"Daniel Rosato ca\u00edda industria PyME costos energ\u00eda inflaci\u00f3n empresas\"\/><figcaption class=\"wp-element-caption\">Daniel Rosato (Industriales Pymes Argentinos): la industria cae por costos r\u00e9cord y falta total de financiamiento accesible.<\/figcaption><\/figure>\n\n\n\n<h2 class=\"wp-block-heading\">La industria en retroceso: ca\u00edda del 1,2% y ning\u00fan sector se salva<\/h2>\n\n\n\n<p>La actividad industrial en Argentina volvi\u00f3 a caer un <strong>1,2% en junio<\/strong>, retrocediendo a niveles de marzo, seg\u00fan confirm\u00f3 Daniel Rosato, presidente de Industriales Pymes Argentinos en <strong>Continental<\/strong>. El desplome es \u201ctransversal\u201d y afecta a todos los sectores, especialmente a los m\u00e1s dependientes de insumos importados y energ\u00eda.<\/p>\n\n\n\n<p>\u201cLas ventas bajan cada mes y la situaci\u00f3n se agrava en julio. Hay industrias con facturas de electricidad que subieron hasta un 100% en apenas tres meses, y no pueden trasladar el costo porque falta demanda y el mercado est\u00e1 saturado\u201d, alert\u00f3 Rosato.<\/p>\n\n\n\n<h2 class=\"wp-block-heading\">Costos de energ\u00eda y financiamiento impagables<\/h2>\n\n\n\n<p>Entre los principales factores que ahogan a la pyme industrial:<\/p>\n\n\n\n<ul class=\"wp-block-list\">\n<li><strong>Facturas de energ\u00eda el\u00e9ctrica subieron 40-100% en el \u00faltimo trimestre<\/strong>, con aumentos \u00abinexplicables\u00bb en t\u00e9rminos de consumo y cargos mensuales.<\/li>\n\n\n\n<li>El financiamiento bancario es pr\u00e1cticamente inexistente: <strong>tasas de 40-60%<\/strong> para pr\u00e9stamos o leasing, y en muchos bancos directamente no hay l\u00edneas dadas las condiciones del mercado.<\/li>\n\n\n\n<li>La inflaci\u00f3n puede haber cedido y el d\u00f3lar permanece algo m\u00e1s estable, pero \u201cla industria no accede a girar d\u00f3lares libremente ni a comprar m\u00e1quinas sin restricciones\u201d. El levantamiento del cepo es parcial y la inestabilidad dificulta toda proyecci\u00f3n.<\/li>\n<\/ul>\n\n\n\n<figure class=\"wp-block-embed is-type-wp-embed is-provider-incrustado wp-block-embed-incrustado\"><div class=\"wp-block-embed__wrapper\">\n<blockquote class=\"wp-embedded-content\" data-secret=\"PR6Qt8pKGR\"><a href=\"https:\/\/www.enorsai.com\/noticias\/politica\/milei-y-el-retroceso-ganadero-tres-medidas-que-hicieron-historia-y-catastrofe-productiva\/\">Milei y el retroceso ganadero: tres medidas que hicieron historia (y cat\u00e1strofe productiva)<\/a><\/blockquote><iframe loading=\"lazy\" class=\"wp-embedded-content\" sandbox=\"allow-scripts\" security=\"restricted\" style=\"position: absolute; visibility: hidden;\" title=\"\u00abMilei y el retroceso ganadero: tres medidas que hicieron historia (y cat\u00e1strofe productiva)\u00bb \u2014 \" src=\"https:\/\/www.enorsai.com\/noticias\/politica\/milei-y-el-retroceso-ganadero-tres-medidas-que-hicieron-historia-y-catastrofe-productiva\/embed\/#?secret=l4KY71WfTu#?secret=PR6Qt8pKGR\" data-secret=\"PR6Qt8pKGR\" width=\"600\" height=\"338\" frameborder=\"0\" marginwidth=\"0\" marginheight=\"0\" scrolling=\"no\"><\/iframe>\n<\/div><\/figure>\n\n\n\n<h2 class=\"wp-block-heading\">Sin Secretar\u00eda PyME, las empresas pierden un sost\u00e9n clave<\/h2>\n\n\n\n<p>La <strong>disoluci\u00f3n de la Secretar\u00eda PyME y la de Comercio y Producci\u00f3n<\/strong> fue un error grave, seg\u00fan Rosato. \u201cEra el interlocutor y quien facilitaba cr\u00e9dito, capacitaci\u00f3n y asistencia real al mundo pyme. Hoy el \u00e1rea qued\u00f3 sin recursos y uno de los pocos funcionarios que intent\u00f3 sostenerla \u2014Marcos Ayerra\u2014 no pudo revertir un panorama de absoluta debilidad presupuestaria\u201d. Ahora, las pymes s\u00f3lo pueden reclamar ante una estructura m\u00e1s lejana y sin recursos espec\u00edficos.<\/p>\n\n\n\n<figure class=\"wp-block-embed is-type-wp-embed is-provider-incrustado wp-block-embed-incrustado\"><div class=\"wp-block-embed__wrapper\">\n<blockquote class=\"wp-embedded-content\" data-secret=\"hZkvIWawU7\"><a href=\"https:\/\/www.enorsai.com\/noticias\/politica\/el-presidente-came-advierte-menos-consumo-inflacion-estancada-y-la-crisis-pyme-se-profundiza\/\">El Presidente de CAME advierte: menos consumo, inflaci\u00f3n estancada y la crisis pyme se profundiza<\/a><\/blockquote><iframe loading=\"lazy\" class=\"wp-embedded-content\" sandbox=\"allow-scripts\" security=\"restricted\" style=\"position: absolute; visibility: hidden;\" title=\"\u00abEl Presidente de CAME advierte: menos consumo, inflaci\u00f3n estancada y la crisis pyme se profundiza\u00bb \u2014 \" src=\"https:\/\/www.enorsai.com\/noticias\/politica\/el-presidente-came-advierte-menos-consumo-inflacion-estancada-y-la-crisis-pyme-se-profundiza\/embed\/#?secret=XRxGqOlKVO#?secret=hZkvIWawU7\" data-secret=\"hZkvIWawU7\" width=\"600\" height=\"338\" frameborder=\"0\" marginwidth=\"0\" marginheight=\"0\" scrolling=\"no\"><\/iframe>\n<\/div><\/figure>\n\n\n\n<h2 class=\"wp-block-heading\">Panorama 2025: ning\u00fan rubro inmune a la tormenta<\/h2>\n\n\n\n<p>\u201cNo hay rubros que escapen\u201d, sostiene Rosato. Algunos sectores energ\u00e9ticos y vinculados a petr\u00f3leo y gas resisten por la demanda espec\u00edfica, pero la situaci\u00f3n general es de <strong>recorte, ca\u00edda de producci\u00f3n y falta de inversi\u00f3n<\/strong> desde hace meses. Los alimentos, a pesar de la demanda b\u00e1sica, tambi\u00e9n registran m\u00e1rgenes m\u00ednimos por la presi\u00f3n de costos y la suba de insumos.<\/p>\n\n\n\n<h2 class=\"wp-block-heading\">\u00bfQu\u00e9 puede cambiar el rumbo?<\/h2>\n\n\n\n<p>Rosato y los Industriales Pymes Argentinos exigen:<\/p>\n\n\n\n<ul class=\"wp-block-list\">\n<li>Aceleraci\u00f3n y sinceramiento del mercado cambiario (liberaci\u00f3n total del cepo, pero con reglas claras)<\/li>\n\n\n\n<li>Tarifas de energ\u00eda revisadas y segmentadas<\/li>\n\n\n\n<li>Tasas de financiamiento trabajables, l\u00edneas de cr\u00e9dito productivo reales y de r\u00e1pido acceso<\/li>\n\n\n\n<li>Restituci\u00f3n de \u00e1reas espec\u00edficas para pymes y producci\u00f3n como condici\u00f3n fundamental de interlocuci\u00f3n y pol\u00edtica p\u00fablica<\/li>\n<\/ul>\n\n\n\n<figure class=\"wp-block-embed is-type-wp-embed is-provider-incrustado wp-block-embed-incrustado\"><div class=\"wp-block-embed__wrapper\">\n<blockquote class=\"wp-embedded-content\" data-secret=\"nd9VcYTlGF\"><a href=\"https:\/\/www.enorsai.com\/noticias\/politica\/marcelo-fernandez-cgera-las-pymes-estan-al-limite-y-el-empleo-desaparece-mientras-el-gobierno-mira-a-otro-lado\/\">Marcelo Fern\u00e1ndez (CGERA): \u201cLas pymes est\u00e1n al l\u00edmite y el empleo desaparece mientras el gobierno mira a otro lado\u201d<\/a><\/blockquote><iframe loading=\"lazy\" class=\"wp-embedded-content\" sandbox=\"allow-scripts\" security=\"restricted\" style=\"position: absolute; visibility: hidden;\" title=\"\u00abMarcelo Fern\u00e1ndez (CGERA): \u201cLas pymes est\u00e1n al l\u00edmite y el empleo desaparece mientras el gobierno mira a otro lado\u201d\u00bb \u2014 \" src=\"https:\/\/www.enorsai.com\/noticias\/politica\/marcelo-fernandez-cgera-las-pymes-estan-al-limite-y-el-empleo-desaparece-mientras-el-gobierno-mira-a-otro-lado\/embed\/#?secret=w4HbrmpkUQ#?secret=nd9VcYTlGF\" data-secret=\"nd9VcYTlGF\" width=\"600\" height=\"338\" frameborder=\"0\" marginwidth=\"0\" marginheight=\"0\" scrolling=\"no\"><\/iframe>\n<\/div><\/figure>\n\n\n\n<p>La ca\u00edda industrial de junio es un nuevo llamado de atenci\u00f3n a la pol\u00edtica econ\u00f3mica nacional: <strong>sin mercado interno vigoroso, sin cr\u00e9dito y con costos r\u00e9cord, la industria pyme est\u00e1 en terapia intensiva<\/strong>.<\/p>\n\n\n\n<h3 class=\"wp-block-heading\">Te puede interesar<\/h3>\n\n\n\n<ul class=\"wp-block-list\">\n<li><a href=\"https:\/\/enorsai.com.ar\/economia\/2025\/08\/06\/crisis-pyme-cierre-diario-bilanski-enac.html\">Ya cierran 40 pymes por d\u00eda: la otra mitad oculta del ajuste<\/a><\/li>\n\n\n\n<li><a href=\"https:\/\/enorsai.com.ar\/economia\/2025\/08\/07\/diab-came-advertencia-consumo-crisis.html\">Consumo desplomado y advertencia de CAME: PyMEs en riesgo<\/a><\/li>\n\n\n\n<li><a href=\"https:\/\/enorsai.com.ar\/actualidad\/2025\/08\/05\/brandolin-cordoba-comercio-caida-ventas.html\">Comerciantes cordobeses: ventas en picada y sin cr\u00e9dito<\/a><\/li>\n<\/ul>\n\n\n\n<p>Fuente: <a href=\"https:\/\/www.continental.com.ar\/\" rel=\"noreferrer noopener\" target=\"_blank\">Radio Continental &#8211; Elijo creer<\/a><\/p>\n","protected":false},"excerpt":{"rendered":"<p>7 de agosto de 2025 | Por Redacci\u00f3n Enorsai La industria en retroceso: ca\u00edda del 1,2% y ning\u00fan sector se salva La actividad industrial en Argentina volvi\u00f3 a caer un 1,2% en junio, retrocediendo a niveles de marzo, seg\u00fan confirm\u00f3 Daniel Rosato, presidente de Industriales Pymes Argentinos en Continental. El desplome es \u201ctransversal\u201d y afecta&#8230;<\/p>\n","protected":false},"author":4,"featured_media":7308,"comment_status":"open","ping_status":"open","sticky":false,"template":"","format":"standard","meta":{"_monsterinsights_skip_tracking":false,"_monsterinsights_sitenote_active":false,"_monsterinsights_sitenote_note":"","_monsterinsights_sitenote_category":0,"footnotes":"","jetpack_publicize_message":"\u26a1 \u201cLa industria argentina cae y las pymes pagan la crisis: energ\u00eda por las nubes, sin financiamiento y sin voz ante el gobierno\u201d","jetpack_publicize_feature_enabled":true,"jetpack_social_post_already_shared":false,"jetpack_social_options":{"image_generator_settings":{"template":"highway","default_image_id":0,"font":"","enabled":false},"version":2}},"categories":[3],"tags":[58,2734,2733,2741,2738,2736,537,936,2735,227,2740,2744,2743,301,2725,2742,2739,2387,2737],"class_list":["post-7307","post","type-post","status-publish","format-standard","has-post-thumbnail","hentry","category-economia","tag-ajuste","tag-caida-industrial","tag-costos-energia","tag-credito-bancario","tag-crisis-productiva","tag-daniel-rosato","tag-financiamiento","tag-importaciones","tag-industria-argentina","tag-inflacion","tag-mercado-interno","tag-politica-industrial","tag-produccion-nacional","tag-pymes","tag-secretaria-pyme","tag-sector-industrial","tag-tarifas-electricas","tag-tasas-de-interes","tag-ventas-industriales"],"jetpack_publicize_connections":[],"_links":{"self":[{"href":"https:\/\/www.enorsai.com\/noticias\/wp-json\/wp\/v2\/posts\/7307","targetHints":{"allow":["GET"]}}],"collection":[{"href":"https:\/\/www.enorsai.com\/noticias\/wp-json\/wp\/v2\/posts"}],"about":[{"href":"https:\/\/www.enorsai.com\/noticias\/wp-json\/wp\/v2\/types\/post"}],"author":[{"embeddable":true,"href":"https:\/\/www.enorsai.com\/noticias\/wp-json\/wp\/v2\/users\/4"}],"replies":[{"embeddable":true,"href":"https:\/\/www.enorsai.com\/noticias\/wp-json\/wp\/v2\/comments?post=7307"}],"version-history":[{"count":1,"href":"https:\/\/www.enorsai.com\/noticias\/wp-json\/wp\/v2\/posts\/7307\/revisions"}],"predecessor-version":[{"id":7309,"href":"https:\/\/www.enorsai.com\/noticias\/wp-json\/wp\/v2\/posts\/7307\/revisions\/7309"}],"wp:featuredmedia":[{"embeddable":true,"href":"https:\/\/www.enorsai.com\/noticias\/wp-json\/wp\/v2\/media\/7308"}],"wp:attachment":[{"href":"https:\/\/www.enorsai.com\/noticias\/wp-json\/wp\/v2\/media?parent=7307"}],"wp:term":[{"taxonomy":"category","embeddable":true,"href":"https:\/\/www.enorsai.com\/noticias\/wp-json\/wp\/v2\/categories?post=7307"},{"taxonomy":"post_tag","embeddable":true,"href":"https:\/\/www.enorsai.com\/noticias\/wp-json\/wp\/v2\/tags?post=7307"}],"curies":[{"name":"wp","href":"https:\/\/api.w.org\/{rel}","templated":true}]}}