{"id":7297,"date":"2025-08-07T18:38:47","date_gmt":"2025-08-07T21:38:47","guid":{"rendered":"https:\/\/www.enorsai.com\/noticias\/?p=7297"},"modified":"2025-08-07T19:25:03","modified_gmt":"2025-08-07T22:25:03","slug":"el-presidente-came-advierte-menos-consumo-inflacion-estancada-y-la-crisis-pyme-se-profundiza","status":"publish","type":"post","link":"https:\/\/www.enorsai.com\/noticias\/politica\/el-presidente-came-advierte-menos-consumo-inflacion-estancada-y-la-crisis-pyme-se-profundiza\/","title":{"rendered":"El Presidente de CAME advierte: menos consumo, inflaci\u00f3n estancada y la crisis pyme se profundiza"},"content":{"rendered":"\n<p>7 de agosto de 2025 | Por Redacci\u00f3n Enorsai<\/p>\n\n\n\n<figure class=\"wp-block-image\"><img decoding=\"async\" src=\"https:\/\/tuservidor.com\/imagenes\/ricardo-diab-came-2025-consumo-crisis.jpg\" alt=\"Ricardo Diab presidente CAME advertencia crisis pyme inflaci\u00f3n consumo\"\/><figcaption class=\"wp-element-caption\">Ricardo Diab (CAME): el consumo no se recupera, la inflaci\u00f3n amenaza y la p\u00e9rdida de jerarqu\u00eda PyME resulta letal para el sector medio.<\/figcaption><\/figure>\n\n\n\n<h2 class=\"wp-block-heading\">\u201cEsto es una advertencia\u201d: la preocupaci\u00f3n central deja de ser la inflaci\u00f3n y pasa al consumo<\/h2>\n\n\n\n<p><strong>Ricardo Diab<\/strong>, presidente de la Confederaci\u00f3n Argentina de la Mediana Empresa (CAME), fue contundente en <strong>El Destape<\/strong>: la reciente inflaci\u00f3n de la Ciudad de Buenos Aires (2,5%) es preocupante, pero el <strong>mayor drama es la ca\u00edda del consumo en comercios y pymes<\/strong>.<br>\u201cSi bien la desaceleraci\u00f3n inflacionaria se sosten\u00eda, estas cifras y la volatilidad del d\u00f3lar pueden desvirtuar cualquier esfuerzo. Pero lo realmente grave es el consumo: <strong>nadie convalida aumentos<\/strong> porque la gente no puede comprar\u201d, advirti\u00f3 Diab.<\/p>\n\n\n\n<p>El presidente de CAME se\u00f1al\u00f3 que, si la tendencia inflacionaria vuelve a virar al alza, \u201ctodo el esfuerzo de equilibrio fiscal y ajuste se va por la borda\u201d, y la l\u00ednea de flotaci\u00f3n del consumo cae a\u00fan m\u00e1s.<\/p>\n\n\n\n<p><a href=\"https:\/\/www.enorsai.com.ar\/economia\/42726-gabriel-rubinstein-alerta-sobre-el-modelo-de-milei--el-esquema-cambiario-presenta-fragilidades-e-incertidumbres.html\">Gabriel Rubinstein <strong>alerta sobre el modelo de Milei:<\/strong> \u201cEl esquema cambiario presenta fragilidades e incertidumbres\u201d<\/a><\/p>\n\n\n\n<h2 class=\"wp-block-heading\">El sinceramiento: la \u201cno convalidaci\u00f3n\u201d y la crisis de ventas<\/h2>\n\n\n\n<p>Diab describi\u00f3 un escenario donde, tras la escalada del d\u00f3lar, <strong>no todos los proveedores pueden aumentar precios<\/strong> porque directamente se corta la demanda. \u201cHay productos, como aceites o limpieza, que subieron por decisi\u00f3n de pocas marcas que concentran el mercado, pero en general nadie tiene margen. El cliente solo compra lo justo, y el consumidor que iba a restaurantes hoy va a fast food, y el de fast food ahora compra pan de oferta para cenar en su casa\u201d.<\/p>\n\n\n\n<p>Seg\u00fan CAME, esta din\u00e1mica no es una mejora del consumo sino un <strong>desplazamiento social y comercial descendente<\/strong>: comercios que antes vend\u00edan producto premium ahora venden lo b\u00e1sico, y muchos ya ni eso. El poder adquisitivo sigue en ca\u00edda, y las empresas solo resisten \u201cachicando todo lo posible\u201d. <\/p>\n\n\n\n<figure class=\"wp-block-embed is-type-wp-embed is-provider-incrustado wp-block-embed-incrustado\"><div class=\"wp-block-embed__wrapper\">\n<blockquote class=\"wp-embedded-content\" data-secret=\"vPpvDnYYZw\"><a href=\"https:\/\/www.enorsai.com\/noticias\/politica\/marcelo-fernandez-cgera-las-pymes-estan-al-limite-y-el-empleo-desaparece-mientras-el-gobierno-mira-a-otro-lado\/\">Marcelo Fern\u00e1ndez (CGERA): \u201cLas pymes est\u00e1n al l\u00edmite y el empleo desaparece mientras el gobierno mira a otro lado\u201d<\/a><\/blockquote><iframe loading=\"lazy\" class=\"wp-embedded-content\" sandbox=\"allow-scripts\" security=\"restricted\" style=\"position: absolute; visibility: hidden;\" title=\"\u00abMarcelo Fern\u00e1ndez (CGERA): \u201cLas pymes est\u00e1n al l\u00edmite y el empleo desaparece mientras el gobierno mira a otro lado\u201d\u00bb \u2014 \" src=\"https:\/\/www.enorsai.com\/noticias\/politica\/marcelo-fernandez-cgera-las-pymes-estan-al-limite-y-el-empleo-desaparece-mientras-el-gobierno-mira-a-otro-lado\/embed\/#?secret=S6AlNzEAXs#?secret=vPpvDnYYZw\" data-secret=\"vPpvDnYYZw\" width=\"600\" height=\"338\" frameborder=\"0\" marginwidth=\"0\" marginheight=\"0\" scrolling=\"no\"><\/iframe>\n<\/div><\/figure>\n\n\n\n<h2 class=\"wp-block-heading\">Preocupaci\u00f3n in\u00e9dita: disoluci\u00f3n de la Secretar\u00eda PyME, menos defensa y rumbo incierto<\/h2>\n\n\n\n<p>Diab alert\u00f3 que la reciente <strong>disoluci\u00f3n de la Secretar\u00eda PyME<\/strong> y la Secretar\u00eda de Industria profundiza el desconcierto: \u201cSi realmente se reconoce que las PyMEs son el sost\u00e9n del trabajo, la producci\u00f3n y la econom\u00eda, \u00bfpor qu\u00e9 no se las jerarquiza m\u00e1s? Lo m\u00ednimo es mantener una secretar\u00eda fuerte; lo l\u00f3gico ser\u00eda crear un <strong>ministerio PyME<\/strong> con poder real, no borrar \u00e1reas clave para achicar gasto ciego\u201d, dispar\u00f3 Diab.<\/p>\n\n\n\n<p>La CAME, hist\u00f3ricamente alineada con la idea de reducir la burocracia estatal y \u201cmotosierra\u201d, reclama ahora por la necesidad urgente de <strong>pol\u00edticas pro-pyme y m\u00e1s capacidad para asistir en la crisis<\/strong>. La simplificaci\u00f3n a ultranza, advirti\u00f3, jaquea el entramado productivo y deja a las medianas empresas sin defensa ni interlocuci\u00f3n.<\/p>\n\n\n\n<h2 class=\"wp-block-heading\">\u00bfVacaciones de invierno \u201cmejor de lo esperado\u201d? El rebote es puro espejismo<\/h2>\n\n\n\n<p>En uno de sus \u00faltimos comunicados, CAME relativiz\u00f3 las cifras tur\u00edsticas de las vacaciones de invierno: si bien algunos destinos \u201cexhibieron movimiento\u201d, la realidad fue una <strong>fuerte ca\u00edda real del dinero gastado y el retroceso en t\u00e9rmino de ventas<\/strong>, incluso en centros tur\u00edsticos cl\u00e1sicos.<\/p>\n\n\n\n<p>La paradoja: algunos empresarios ven un \u201crepunte\u201d comparado con el colapso de 2024, \u201cpero la comparaci\u00f3n es con una cat\u00e1strofe absoluta y ni por asomo recuperamos los niveles de 2023\u201d. Hoy, para vender, todos bajan precios y apelan a promociones imposibles.<\/p>\n\n\n\n<h2 class=\"wp-block-heading\">Crisis estructural: menos consumo, menos poder, menos Estado para las PyMEs<\/h2>\n\n\n\n<p>CAME resume la alerta en una consigna: <strong>sin consumo, no hay PyMEs; sin PyMEs, no hay empleo ni desarrollo<\/strong>.<br>El achique estatal, la recesi\u00f3n prolongada y la falta de pol\u00edticas espec\u00edficas est\u00e1n empujando a medianos y peque\u00f1os empresarios a un punto de no retorno. \u201cEs una advertencia \u2014dijo Diab\u2014. Si el gobierno sigue mirando la macro y olvida la calle, no quedar\u00e1 quien levante la persiana cuando termine el ajuste\u201d.<\/p>\n\n\n\n<h3 class=\"wp-block-heading\">Te puede interesar<\/h3>\n\n\n\n<ul class=\"wp-block-list\">\n<li><a href=\"https:\/\/enorsai.com.ar\/economia\/2025\/08\/06\/crisis-pyme-cierre-diario-bilanski-enac.html\">Cierran 40 pymes por d\u00eda: el otro ajuste invisible<\/a><\/li>\n\n\n\n<li><a href=\"https:\/\/enorsai.com.ar\/politica\/2025\/07\/disolucion-secretaria-pyme.html\">El cierre de la Secretar\u00eda PyME y la reacci\u00f3n empresarial<\/a><\/li>\n\n\n\n<li><a href=\"https:\/\/enorsai.com.ar\/analisis\/2025\/08\/consumo-familias-2025.html\">Por qu\u00e9 el bolsillo ya no llega: radiograf\u00eda de la mesa argentina<\/a><\/li>\n<\/ul>\n\n\n\n<p>Fuente: <a href=\"https:\/\/www.eldestapeweb.com\/\" rel=\"noreferrer noopener\" target=\"_blank\">El Destape &#8211; Palo y Zanahoria<\/a> | Confederaci\u00f3n Argentina de la Mediana Empresa (CAME)<\/p>\n","protected":false},"excerpt":{"rendered":"<p>7 de agosto de 2025 | Por Redacci\u00f3n Enorsai \u201cEsto es una advertencia\u201d: la preocupaci\u00f3n central deja de ser la inflaci\u00f3n y pasa al consumo Ricardo Diab, presidente de la Confederaci\u00f3n Argentina de la Mediana Empresa (CAME), fue contundente en El Destape: la reciente inflaci\u00f3n de la Ciudad de Buenos Aires (2,5%) es preocupante, pero&#8230;<\/p>\n","protected":false},"author":4,"featured_media":7298,"comment_status":"open","ping_status":"open","sticky":false,"template":"","format":"standard","meta":{"_monsterinsights_skip_tracking":false,"_monsterinsights_sitenote_active":false,"_monsterinsights_sitenote_note":"","_monsterinsights_sitenote_category":0,"footnotes":"","jetpack_publicize_message":"\u26a0\ufe0f \u201cSin consumo y sin PyMEs, no queda pa\u00eds\u201d: CAME lanza una advertencia fulminante al gobierno por la crisis econ\u00f3mica","jetpack_publicize_feature_enabled":true,"jetpack_social_post_already_shared":false,"jetpack_social_options":{"image_generator_settings":{"template":"highway","default_image_id":0,"font":"","enabled":false},"version":2}},"categories":[3,2],"tags":[58,2697,2721,2719,2724,1635,2723,2718,225,32,29,227,2720,691,2662,1169,101,2722,2725,2717,2400],"class_list":["post-7297","post","type-post","status-publish","format-standard","has-post-thumbnail","hentry","category-economia","category-politica","tag-ajuste","tag-caida-de-ventas","tag-came","tag-cierre-empresas","tag-comercio-minorista","tag-consumo","tag-crisis-pyme","tag-crisis-sectorial","tag-economia-argentina","tag-empleo","tag-industria","tag-inflacion","tag-ministerio-pyme","tag-motosierra","tag-poder-adquisitivo","tag-precios","tag-recesion","tag-ricardo-diab","tag-secretaria-pyme","tag-sector-pyme","tag-vacaciones-de-invierno"],"jetpack_publicize_connections":[],"_links":{"self":[{"href":"https:\/\/www.enorsai.com\/noticias\/wp-json\/wp\/v2\/posts\/7297","targetHints":{"allow":["GET"]}}],"collection":[{"href":"https:\/\/www.enorsai.com\/noticias\/wp-json\/wp\/v2\/posts"}],"about":[{"href":"https:\/\/www.enorsai.com\/noticias\/wp-json\/wp\/v2\/types\/post"}],"author":[{"embeddable":true,"href":"https:\/\/www.enorsai.com\/noticias\/wp-json\/wp\/v2\/users\/4"}],"replies":[{"embeddable":true,"href":"https:\/\/www.enorsai.com\/noticias\/wp-json\/wp\/v2\/comments?post=7297"}],"version-history":[{"count":3,"href":"https:\/\/www.enorsai.com\/noticias\/wp-json\/wp\/v2\/posts\/7297\/revisions"}],"predecessor-version":[{"id":7301,"href":"https:\/\/www.enorsai.com\/noticias\/wp-json\/wp\/v2\/posts\/7297\/revisions\/7301"}],"wp:featuredmedia":[{"embeddable":true,"href":"https:\/\/www.enorsai.com\/noticias\/wp-json\/wp\/v2\/media\/7298"}],"wp:attachment":[{"href":"https:\/\/www.enorsai.com\/noticias\/wp-json\/wp\/v2\/media?parent=7297"}],"wp:term":[{"taxonomy":"category","embeddable":true,"href":"https:\/\/www.enorsai.com\/noticias\/wp-json\/wp\/v2\/categories?post=7297"},{"taxonomy":"post_tag","embeddable":true,"href":"https:\/\/www.enorsai.com\/noticias\/wp-json\/wp\/v2\/tags?post=7297"}],"curies":[{"name":"wp","href":"https:\/\/api.w.org\/{rel}","templated":true}]}}