{"id":7278,"date":"2025-08-07T06:44:07","date_gmt":"2025-08-07T09:44:07","guid":{"rendered":"https:\/\/www.enorsai.com\/noticias\/?p=7278"},"modified":"2025-08-07T08:59:20","modified_gmt":"2025-08-07T11:59:20","slug":"el-congreso-derogo-las-facultades-delegadas-a-milei-y-rechazo-cinco-decretos-clave","status":"publish","type":"post","link":"https:\/\/www.enorsai.com\/noticias\/politica\/el-congreso-derogo-las-facultades-delegadas-a-milei-y-rechazo-cinco-decretos-clave\/","title":{"rendered":"El Congreso derog\u00f3 las facultades delegadas a Milei y rechaz\u00f3 cinco decretos clave"},"content":{"rendered":"\n<p><strong><em>En una sesi\u00f3n marat\u00f3nica que quedar\u00e1 registrada como uno de los momentos m\u00e1s cr\u00edticos para el gobierno de La Libertad Avanza, la oposici\u00f3n logr\u00f3 una serie de victorias estrat\u00e9gicas en el Congreso. La derogaci\u00f3n de facultades delegadas, el rechazo de cinco DNU, la aprobaci\u00f3n de leyes sociales sensibles y la reactivaci\u00f3n de temas inc\u00f3modos para el Ejecutivo configuran una se\u00f1al inequ\u00edvoca: Javier Milei ya no tiene el control absoluto que so\u00f1aba.<\/em><\/strong><\/p>\n\n\n\n<p>Lo que comenz\u00f3 como una sesi\u00f3n ordinaria en la C\u00e1mara de Diputados, termin\u00f3 con un vendaval legislativo que arremeti\u00f3 contra las estructuras de poder del presidente Javier Milei. El Congreso, esa instituci\u00f3n tantas veces desde\u00f1ada por el propio mandatario, volvi\u00f3 a hacer valer su peso institucional. La oposici\u00f3n, tan fragmentada como activa, encontr\u00f3 un punto de confluencia: ponerle un freno pol\u00edtico y simb\u00f3lico al autoritarismo ejecutivo con sello libertario. El saldo de la jornada fue demoledor: 12 votaciones, 12 derrotas para el oficialismo.<\/p>\n\n\n\n<p>La sesi\u00f3n avanz\u00f3 con tensi\u00f3n palpable, con choques discursivos y gestos de exasperaci\u00f3n. Sin embargo, el dato estructural es que Milei perdi\u00f3 todo lo que hab\u00eda en juego. Y eso, en t\u00e9rminos pol\u00edticos, no es un tropez\u00f3n: es una se\u00f1al de alarma.<\/p>\n\n\n\n<p>El primer golpe vino por el lado social. Con 158 votos afirmativos, se aprob\u00f3 la Ley de Financiamiento Universitario. Este proyecto no s\u00f3lo garantiza recursos para el funcionamiento de las universidades nacionales, sino que apunta a recomponer los salarios de sus trabajadores, un sector que viene siendo brutalmente golpeado por la motosierra libertaria. El gobierno, que apost\u00f3 a una asfixia presupuestaria como m\u00e9todo disciplinador, ahora tendr\u00e1 que lidiar con un Congreso que, por primera vez en meses, puso por delante la educaci\u00f3n p\u00fablica.<\/p>\n\n\n\n<figure class=\"wp-block-embed is-type-video is-provider-youtube wp-block-embed-youtube wp-embed-aspect-16-9 wp-has-aspect-ratio\"><div class=\"wp-block-embed__wrapper\">\n<iframe loading=\"lazy\" title=\"El Congreso derog\u00f3 las facultades delegadas a Milei y rechaz\u00f3 cinco decretos clave\" width=\"640\" height=\"360\" src=\"https:\/\/www.youtube.com\/embed\/-mCYcrEhjGU?feature=oembed\" frameborder=\"0\" allow=\"accelerometer; autoplay; clipboard-write; encrypted-media; gyroscope; picture-in-picture; web-share\" referrerpolicy=\"strict-origin-when-cross-origin\" allowfullscreen><\/iframe>\n<\/div><\/figure>\n\n\n\n<p>Pero la estocada m\u00e1s profunda se dio con la aprobaci\u00f3n por 159 votos de la ley que declara la emergencia sanitaria pedi\u00e1trica. El \u00abcaso Garrahan\u00bb, como ya empieza a llamarse en los pasillos del Congreso, condens\u00f3 un clima social insoportable: m\u00e9dicos residentes cobrando sueldos de miseria, servicios saturados y ni\u00f1os sin acceso a tratamientos. La pol\u00edtica, aunque tarde, tom\u00f3 nota de un drama que se expand\u00eda sin contenci\u00f3n.<\/p>\n\n\n\n<p>Sin embargo, lo que termin\u00f3 por dinamitar el esquema de poder de Milei fue la derogaci\u00f3n de las facultades delegadas. Este punto es neur\u00e1lgico. El Presidente ven\u00eda operando como un monarca moderno, blindado por DNU y con superpoderes que el Congreso le hab\u00eda habilitado en nombre de la emergencia. Esa ficci\u00f3n institucional se derrumb\u00f3 en esta sesi\u00f3n. La oposici\u00f3n dijo basta, y dijo basta en todos los idiomas posibles.<\/p>\n\n\n\n<p>No fue un simple acto legislativo. Fue un mensaje pol\u00edtico, una frontera que el Congreso traz\u00f3 para evitar que el Ejecutivo siga gobernando con atropello. Porque en ese paquete de facultades delegadas se escond\u00eda la arquitectura de un modelo donde Milei jugaba a ser un CEO de la Argentina S.A., tomando decisiones sin pasar por el filtro democr\u00e1tico del Parlamento.<\/p>\n\n\n\n<p>Y si algo faltaba para completar la escena, la C\u00e1mara baja tambi\u00e9n rechaz\u00f3 cinco DNU clave en la reforma del Estado. La disoluci\u00f3n de organismos del Ministerio de Econom\u00eda, la reorganizaci\u00f3n de la Secretar\u00eda de Transporte, los cambios en Cultura, la transformaci\u00f3n del Banco Nacional de Datos Gen\u00e9ticos y un r\u00e9gimen de excepci\u00f3n para la Marina Mercante: todos quedaron desactivados. Cada uno de esos decretos representaba una pieza del rompecabezas neoliberal que Milei pretend\u00eda imponer sin debate.<\/p>\n\n\n\n<p>El rechazo a esos decretos no es s\u00f3lo una cuesti\u00f3n t\u00e9cnica. Es una enmienda pol\u00edtica a un presidente que se niega al di\u00e1logo, que descalifica al Congreso, que desprecia la historia institucional argentina y que cree que el pa\u00eds puede ser gobernado a puro tuit y cadena nacional.<\/p>\n\n\n\n<p>Para rematar la jornada, se forz\u00f3 el tratamiento de cinco temas que el oficialismo ven\u00eda dilatando o directamente ignorando. La coparticipaci\u00f3n federal de los ATN y el impuesto a los combustibles, impulsada por gobernadores hartos del destrato presidencial, encontr\u00f3 eco en el recinto. Tambi\u00e9n la emergencia en Ciencia y Tecnolog\u00eda, que expresa la descomposici\u00f3n del sistema cient\u00edfico bajo este gobierno. La enfermedad de Alzheimer y la escandalosa estafa de la financiera $LIBRA, con su respectiva comisi\u00f3n investigadora, se sumaron a la lista. En todos los casos, la C\u00e1mara dict\u00f3 una orden directa: estos temas deben tratarse. El Gobierno, por primera vez, no podr\u00e1 esquivar el debate.<\/p>\n\n\n\n<p>Lo que se vivi\u00f3 en el Congreso fue mucho m\u00e1s que una serie de votaciones. Fue una radiograf\u00eda del momento pol\u00edtico argentino. Javier Milei, que lleg\u00f3 al poder enarbolando la bandera de la \u00abcasta\u00bb, hoy enfrenta a esa misma casta, reorganizada y dispuesta a ponerle un l\u00edmite. Una casta que, con todas sus contradicciones, todav\u00eda conserva mecanismos republicanos para hacer equilibrio frente al intento de instaurar un r\u00e9gimen de excepcionalidad permanente.<\/p>\n\n\n\n<p>Y no es que el Congreso haya descubierto la democracia esta semana. Es que la deriva autoritaria del gobierno fue tan brutal, tan expl\u00edcita, tan prepotente, que hasta los sectores m\u00e1s reacios a la confrontaci\u00f3n entendieron que seguir permitiendo este rumbo era suicida. Para el sistema pol\u00edtico, pero tambi\u00e9n para la sociedad.<\/p>\n\n\n\n<p>Milei, por su parte, se encuentra ahora frente a un escenario in\u00e9dito. No tiene mayor\u00eda, no tiene aliados firmes, no tiene interlocutores v\u00e1lidos en el Congreso. Tiene, s\u00ed, un grupo de diputados que act\u00faa como guardia pretoriana, pero que no alcanza ni por asomo para frenar una coalici\u00f3n opositora que, al menos por esta vez, logr\u00f3 articularse en defensa del sentido com\u00fan.<\/p>\n\n\n\n<p>La pregunta que sobrevuela ahora es qu\u00e9 har\u00e1 el Presidente. \u00bfProfundizar\u00e1 su estrategia de confrontaci\u00f3n total? \u00bfRedoblar\u00e1 la apuesta con nuevos DNU? \u00bfO intentar\u00e1 \u2014aunque suene a ciencia ficci\u00f3n\u2014 abrir un canal de di\u00e1logo con las fuerzas pol\u00edticas que representan a millones de argentinos?<\/p>\n\n\n\n<p>Lo cierto es que la jornada parlamentaria del 7 de agosto marca un punto de inflexi\u00f3n. El Congreso le quit\u00f3 a Javier Milei el disfraz de emperador. Y lo dej\u00f3 expuesto como lo que realmente es: un presidente sin red, sin m\u00fasculo pol\u00edtico y con cada vez menos margen para imponer su agenda sin rendir cuentas.<\/p>\n\n\n\n<p><strong>Fuente:<\/strong><br><a>https:\/\/www.notiaires.com.ar\/politica\/duro-reves-del-congreso-a-javier-milei-la-oposicion-se-unio-y-le-propino-12-derrotas-en-una-sesion-maratonica.htm<\/a><\/p>\n","protected":false},"excerpt":{"rendered":"<p>En una sesi\u00f3n marat\u00f3nica que quedar\u00e1 registrada como uno de los momentos m\u00e1s cr\u00edticos para el gobierno de La Libertad Avanza, la oposici\u00f3n logr\u00f3 una serie de victorias estrat\u00e9gicas en el Congreso. La derogaci\u00f3n de facultades delegadas, el rechazo de cinco DNU, la aprobaci\u00f3n de leyes sociales sensibles y la reactivaci\u00f3n de temas inc\u00f3modos para&#8230;<\/p>\n","protected":false},"author":9,"featured_media":7280,"comment_status":"open","ping_status":"open","sticky":false,"template":"","format":"standard","meta":{"_monsterinsights_skip_tracking":false,"_monsterinsights_sitenote_active":false,"_monsterinsights_sitenote_note":"","_monsterinsights_sitenote_category":0,"footnotes":"","jetpack_publicize_message":"","jetpack_publicize_feature_enabled":true,"jetpack_social_post_already_shared":true,"jetpack_social_options":{"image_generator_settings":{"template":"highway","default_image_id":0,"font":"","enabled":false},"version":2}},"categories":[2],"tags":[257,43,260,862,2700,1414,45,985,72,1474],"class_list":["post-7278","post","type-post","status-publish","format-standard","has-post-thumbnail","hentry","category-politica","tag-congreso","tag-crisis","tag-diputados","tag-dnu","tag-facultades","tag-garrahan","tag-milei","tag-oposicion","tag-politica","tag-universidades"],"jetpack_publicize_connections":[],"_links":{"self":[{"href":"https:\/\/www.enorsai.com\/noticias\/wp-json\/wp\/v2\/posts\/7278","targetHints":{"allow":["GET"]}}],"collection":[{"href":"https:\/\/www.enorsai.com\/noticias\/wp-json\/wp\/v2\/posts"}],"about":[{"href":"https:\/\/www.enorsai.com\/noticias\/wp-json\/wp\/v2\/types\/post"}],"author":[{"embeddable":true,"href":"https:\/\/www.enorsai.com\/noticias\/wp-json\/wp\/v2\/users\/9"}],"replies":[{"embeddable":true,"href":"https:\/\/www.enorsai.com\/noticias\/wp-json\/wp\/v2\/comments?post=7278"}],"version-history":[{"count":3,"href":"https:\/\/www.enorsai.com\/noticias\/wp-json\/wp\/v2\/posts\/7278\/revisions"}],"predecessor-version":[{"id":7282,"href":"https:\/\/www.enorsai.com\/noticias\/wp-json\/wp\/v2\/posts\/7278\/revisions\/7282"}],"wp:featuredmedia":[{"embeddable":true,"href":"https:\/\/www.enorsai.com\/noticias\/wp-json\/wp\/v2\/media\/7280"}],"wp:attachment":[{"href":"https:\/\/www.enorsai.com\/noticias\/wp-json\/wp\/v2\/media?parent=7278"}],"wp:term":[{"taxonomy":"category","embeddable":true,"href":"https:\/\/www.enorsai.com\/noticias\/wp-json\/wp\/v2\/categories?post=7278"},{"taxonomy":"post_tag","embeddable":true,"href":"https:\/\/www.enorsai.com\/noticias\/wp-json\/wp\/v2\/tags?post=7278"}],"curies":[{"name":"wp","href":"https:\/\/api.w.org\/{rel}","templated":true}]}}