{"id":7266,"date":"2025-08-06T21:02:57","date_gmt":"2025-08-07T00:02:57","guid":{"rendered":"https:\/\/www.enorsai.com\/noticias\/?p=7266"},"modified":"2025-08-06T21:02:57","modified_gmt":"2025-08-07T00:02:57","slug":"marcelo-fernandez-cgera-las-pymes-estan-al-limite-y-el-empleo-desaparece-mientras-el-gobierno-mira-a-otro-lado","status":"publish","type":"post","link":"https:\/\/www.enorsai.com\/noticias\/politica\/marcelo-fernandez-cgera-las-pymes-estan-al-limite-y-el-empleo-desaparece-mientras-el-gobierno-mira-a-otro-lado\/","title":{"rendered":"Marcelo Fern\u00e1ndez (CGERA): \u201cLas pymes est\u00e1n al l\u00edmite y el empleo desaparece mientras el gobierno mira a otro lado\u201d"},"content":{"rendered":"\n<p>6 de agosto de 2025 | Por Redacci\u00f3n Enorsai<\/p>\n\n\n\n<figure class=\"wp-block-image\"><img decoding=\"async\" src=\"https:\/\/tuservidor.com\/imagenes\/marcelo-fernandez-cgera-2025.jpg\" alt=\"Marcelo Fern\u00e1ndez CGERA crisis pymes argentina 2025\"\/><figcaption class=\"wp-element-caption\">Marcelo Fern\u00e1ndez, titular de CGERA, advierte que la crisis industrial pone a miles de pymes al borde del cierre y acelera la p\u00e9rdida de empleo.<\/figcaption><\/figure>\n\n\n\n<h2 class=\"wp-block-heading\">\u201cLa crisis destruye empleo y producci\u00f3n nacional\u201d<\/h2>\n\n\n\n<p>En una entrevista exclusiva, <strong>Marcelo Fern\u00e1ndez<\/strong> \u2014presidente de la Confederaci\u00f3n General Empresaria de la Rep\u00fablica Argentina (CGERA) y referente de m\u00e1s de 70 c\u00e1maras pyme\u2014 advierte: <strong>\u201cHoy la crisis econ\u00f3mica y las pol\u00edticas oficiales est\u00e1n destruyendo empleo registrado y empujando a miles de empresas al cierre\u201d<\/strong>.<\/p>\n\n\n\n<p>Fern\u00e1ndez, que tambi\u00e9n encabeza la C\u00e1mara Argentina de Fabricantes de Av\u00edos y Accesorios para la Confecci\u00f3n y Marroquiner\u00eda y la f\u00e1brica Lynsa, sostuvo: <em>\u201cEn mis d\u00e9cadas como industrial y representante, jam\u00e1s vi una desprotecci\u00f3n semejante al sector productivo nacional\u201d<\/em>.<\/p>\n\n\n\n<figure class=\"wp-block-embed is-type-wp-embed is-provider-incrustado wp-block-embed-incrustado\"><div class=\"wp-block-embed__wrapper\">\n<blockquote class=\"wp-embedded-content\" data-secret=\"5a9deuM9I2\"><a href=\"https:\/\/www.enorsai.com\/noticias\/politica\/crisis-pyme-40-empresas-cierran-cada-dia-y-el-sector-reclama-ni-una-pyme-menos\/\">Crisis PyME: 40 empresas cierran cada d\u00eda y el sector reclama \u201cNi Una Pyme Menos\u201d<\/a><\/blockquote><iframe loading=\"lazy\" class=\"wp-embedded-content\" sandbox=\"allow-scripts\" security=\"restricted\" style=\"position: absolute; visibility: hidden;\" title=\"\u00abCrisis PyME: 40 empresas cierran cada d\u00eda y el sector reclama \u201cNi Una Pyme Menos\u201d\u00bb \u2014 \" src=\"https:\/\/www.enorsai.com\/noticias\/politica\/crisis-pyme-40-empresas-cierran-cada-dia-y-el-sector-reclama-ni-una-pyme-menos\/embed\/#?secret=TNBkMiXiPO#?secret=5a9deuM9I2\" data-secret=\"5a9deuM9I2\" width=\"600\" height=\"338\" frameborder=\"0\" marginwidth=\"0\" marginheight=\"0\" scrolling=\"no\"><\/iframe>\n<\/div><\/figure>\n\n\n\n<h2 class=\"wp-block-heading\">El c\u00f3ctel fatal: desplome de ventas, tarifas y apertura sin control<\/h2>\n\n\n\n<p>El dirigente detall\u00f3 los factores que afectan a las pymes:<\/p>\n\n\n\n<ul class=\"wp-block-list\">\n<li>Ca\u00edda en ventas superior al 30% en la mayor\u00eda de los rubros industriales y comerciales.<\/li>\n\n\n\n<li>Tarifas de energ\u00eda, agua y servicios dolarizadas que \u201cimposibilitan cualquier planificaci\u00f3n, incluso en empresas que lograron sobrevivir a la pandemia\u201d.<\/li>\n\n\n\n<li>Importaciones indiscriminadas que, al abrir la competencia a productos extranjeros con reglas impositivas y laborales distintas, \u201cdejaron a las pymes argentinas indefensas en su propio mercado\u201d.<\/li>\n\n\n\n<li>Cr\u00e9dito inaccesible y tasas por arriba del 40%, con bancos que no otorgan l\u00edneas productivas. \u201cNo podemos endeudarnos para producir si los costos financieros superan la rentabilidad\u201d, afirm\u00f3.<\/li>\n<\/ul>\n\n\n\n<p>Fern\u00e1ndez apunt\u00f3 adem\u00e1s que el consumo se derrumba por la ca\u00edda del poder adquisitivo, lo que termina reflej\u00e1ndose en despidos y suspensiones en todo el pa\u00eds. \u201cEn nuestras c\u00e1maras todos los d\u00edas recibimos reportes de cierres, reducci\u00f3n de turnos y f\u00e1bricas trabajando por debajo del 50% de capacidad\u201d, agreg\u00f3.<\/p>\n\n\n\n<figure class=\"wp-block-embed is-type-wp-embed is-provider-incrustado wp-block-embed-incrustado\"><div class=\"wp-block-embed__wrapper\">\n<blockquote class=\"wp-embedded-content\" data-secret=\"T68oqhFqgR\"><a href=\"https:\/\/www.enorsai.com\/noticias\/politica\/plan-milei-apertura-total-atraso-cambiario-y-caida-de-margenes-industriales-el-regreso-a-los-90-segun-sellaro\/\">Plan Milei: Apertura total, atraso cambiario y ca\u00edda de m\u00e1rgenes industriales, el regreso a los \u201990 seg\u00fan Sellaro<\/a><\/blockquote><iframe loading=\"lazy\" class=\"wp-embedded-content\" sandbox=\"allow-scripts\" security=\"restricted\" style=\"position: absolute; visibility: hidden;\" title=\"\u00abPlan Milei: Apertura total, atraso cambiario y ca\u00edda de m\u00e1rgenes industriales, el regreso a los \u201990 seg\u00fan Sellaro\u00bb \u2014 \" src=\"https:\/\/www.enorsai.com\/noticias\/politica\/plan-milei-apertura-total-atraso-cambiario-y-caida-de-margenes-industriales-el-regreso-a-los-90-segun-sellaro\/embed\/#?secret=0pTYH9s02B#?secret=T68oqhFqgR\" data-secret=\"T68oqhFqgR\" width=\"600\" height=\"338\" frameborder=\"0\" marginwidth=\"0\" marginheight=\"0\" scrolling=\"no\"><\/iframe>\n<\/div><\/figure>\n\n\n\n<h2 class=\"wp-block-heading\">Desindustrializaci\u00f3n acelerada y p\u00e9rdida de puestos de trabajo<\/h2>\n\n\n\n<p><strong>\u201cLa industria nacional est\u00e1 otra vez en peligro de extinci\u00f3n\u201d<\/strong>, denuncia Fern\u00e1ndez. Seg\u00fan datos de CGERA, el 75% de las pymes del sector textil, marroquiner\u00eda y manufacturas sufre ca\u00eddas interanuales de dos d\u00edgitos. \u201cCada empresa que cierra no solo destruye patrimonio, sino que deja sin trabajo a familias enteras y genera una cadena de peque\u00f1as tragedias econ\u00f3micas y sociales\u201d, lament\u00f3.<\/p>\n\n\n\n<p>En la f\u00e1brica de cierres Lynsa y en su experiencia como dirigente, percibe \u201cdesilusiones de empresarios que apostaron al actual gobierno esperando incentivos, pero recibieron aumentos de tarifas, d\u00f3lar atrasado y cr\u00e9ditos imposibles\u201d.<\/p>\n\n\n\n<h2 class=\"wp-block-heading\">Cr\u00edticas al modelo: sin mercado interno, sin producci\u00f3n y con futuro incierto<\/h2>\n\n\n\n<p>Fern\u00e1ndez remarca que la actual pol\u00edtica econ\u00f3mica solo beneficia a unos pocos sectores concentrados y a las grandes empresas exportadoras: \u201cSi no se restituye un modelo de desarrollo que defienda el trabajo nacional, la econom\u00eda va a seguir achic\u00e1ndose y la salida ser\u00e1 a\u00fan m\u00e1s dif\u00edcil\u201d.<\/p>\n\n\n\n<p>Llama la atenci\u00f3n sobre la necesidad urgente de pol\u00edticas que impulsen el consumo interno, protejan la producci\u00f3n local y den acceso a cr\u00e9dito real. <strong>\u201cLas pymes queremos trabajar, invertir, innovar. Pero para eso el Estado debe estar presente, planificar y acompa\u00f1ar. De lo contrario, solo quedan cierres y desempleo\u201d<\/strong>.<\/p>\n\n\n\n<h2 class=\"wp-block-heading\">\u201cEl cierre masivo de pymes no es coyuntural: es un retroceso hist\u00f3rico\u201d<\/h2>\n\n\n\n<p>Fern\u00e1ndez concluye <strong>advirtiendo que la hemorragia de empresas es un da\u00f1o profundo y duradero para la Argentina<\/strong>: \u201cEl modelo de apertura total, tarifas dolarizadas y ausencia de est\u00edmulos nos retrocede a las peores \u00e9pocas de desindustrializaci\u00f3n. Si no se da un giro urgente, gran parte del tejido empresarial que cost\u00f3 d\u00e9cadas construir no va a sobrevivir\u201d.<\/p>\n\n\n\n<p><a href=\"https:\/\/youtu.be\/jsMF8HEnjZs\" rel=\"noreferrer noopener\" target=\"_blank\">Ver entrevista completa a Marcelo Fern\u00e1ndez en YouTube<\/a><\/p>\n\n\n\n<h3 class=\"wp-block-heading\">Te puede interesar<\/h3>\n\n\n\n<ul class=\"wp-block-list\">\n<li><a href=\"https:\/\/enorsai.com.ar\/economia\/2025\/08\/06\/crisis-pyme-cierre-diario-bilanski-enac.html\">Cierran 40 pymes por d\u00eda: la alarma del sector productivo nacional<\/a><\/li>\n\n\n\n<li><a href=\"https:\/\/enorsai.com.ar\/analisis\/2025\/08\/modelo-libre-apertura-importaciones-pymes.html\">\u00bfA qui\u00e9n beneficia la apertura total? Impacto en pymes e industria argentina<\/a><\/li>\n\n\n\n<li><a href=\"https:\/\/enorsai.com.ar\/actualidad\/2025\/07\/empleo-industrial-crisis.html\">El drama del empleo industrial en la Argentina de la recesi\u00f3n<\/a><\/li>\n<\/ul>\n\n\n\n<p>Fuente: Entrevista exclusiva de CGERA | <a href=\"https:\/\/youtu.be\/jsMF8HEnjZs\" rel=\"noreferrer noopener\" target=\"_blank\">Ver video completo<\/a><\/p>\n","protected":false},"excerpt":{"rendered":"<p>Marcelo Fern\u00e1ndez (CGERA) advierte que la crisis y las pol\u00edticas oficiales ponen al borde del cierre a miles de pymes: \u201cLa desindustrializaci\u00f3n se acelera y el empleo se pierde cada d\u00eda por falta de respuesta y por el modelo de ajuste sin l\u00edmite\u201d.<\/p>\n","protected":false},"author":4,"featured_media":7268,"comment_status":"open","ping_status":"open","sticky":false,"template":"","format":"standard","meta":{"_monsterinsights_skip_tracking":false,"_monsterinsights_sitenote_active":false,"_monsterinsights_sitenote_note":"","_monsterinsights_sitenote_category":0,"footnotes":"","jetpack_publicize_message":"\ud83d\udea8 \u201cCierran f\u00e1bricas todos los d\u00edas y el empleo desaparece\u201d: el grito que CGERA lleva al gobierno ante la crisis pyme","jetpack_publicize_feature_enabled":true,"jetpack_social_post_already_shared":false,"jetpack_social_options":{"image_generator_settings":{"template":"highway","default_image_id":0,"font":"","enabled":false},"version":2}},"categories":[3,2],"tags":[2690,2694,2697,2696,2687,2678,2693,2691,2686,1673,32,288,2695,2692,2689,2185,101,2698,2688],"class_list":["post-7266","post","type-post","status-publish","format-standard","has-post-thumbnail","hentry","category-economia","category-politica","tag-apertura-de-importaciones","tag-cafaicym","tag-caida-de-ventas","tag-camaras-empresarias","tag-cgera","tag-cierre-de-empresas","tag-consumo-interno","tag-credito-pyme","tag-crisis-pymes","tag-desindustrializacion","tag-empleo","tag-industria-nacional","tag-lynsa","tag-manufactura-argentina","tag-marcelo-fernandez","tag-politica-economica","tag-recesion","tag-sector-textil","tag-tarifas-dolarizadas"],"jetpack_publicize_connections":[],"_links":{"self":[{"href":"https:\/\/www.enorsai.com\/noticias\/wp-json\/wp\/v2\/posts\/7266","targetHints":{"allow":["GET"]}}],"collection":[{"href":"https:\/\/www.enorsai.com\/noticias\/wp-json\/wp\/v2\/posts"}],"about":[{"href":"https:\/\/www.enorsai.com\/noticias\/wp-json\/wp\/v2\/types\/post"}],"author":[{"embeddable":true,"href":"https:\/\/www.enorsai.com\/noticias\/wp-json\/wp\/v2\/users\/4"}],"replies":[{"embeddable":true,"href":"https:\/\/www.enorsai.com\/noticias\/wp-json\/wp\/v2\/comments?post=7266"}],"version-history":[{"count":1,"href":"https:\/\/www.enorsai.com\/noticias\/wp-json\/wp\/v2\/posts\/7266\/revisions"}],"predecessor-version":[{"id":7269,"href":"https:\/\/www.enorsai.com\/noticias\/wp-json\/wp\/v2\/posts\/7266\/revisions\/7269"}],"wp:featuredmedia":[{"embeddable":true,"href":"https:\/\/www.enorsai.com\/noticias\/wp-json\/wp\/v2\/media\/7268"}],"wp:attachment":[{"href":"https:\/\/www.enorsai.com\/noticias\/wp-json\/wp\/v2\/media?parent=7266"}],"wp:term":[{"taxonomy":"category","embeddable":true,"href":"https:\/\/www.enorsai.com\/noticias\/wp-json\/wp\/v2\/categories?post=7266"},{"taxonomy":"post_tag","embeddable":true,"href":"https:\/\/www.enorsai.com\/noticias\/wp-json\/wp\/v2\/tags?post=7266"}],"curies":[{"name":"wp","href":"https:\/\/api.w.org\/{rel}","templated":true}]}}