{"id":7258,"date":"2025-08-06T20:22:35","date_gmt":"2025-08-06T23:22:35","guid":{"rendered":"https:\/\/www.enorsai.com\/noticias\/?p=7258"},"modified":"2025-08-06T20:27:36","modified_gmt":"2025-08-06T23:27:36","slug":"diputados-dio-media-sancion-al-proyecto-que-garantiza-recursos-para-las-universidades-y-recomposicion-salarial-docente","status":"publish","type":"post","link":"https:\/\/www.enorsai.com\/noticias\/politica\/diputados-dio-media-sancion-al-proyecto-que-garantiza-recursos-para-las-universidades-y-recomposicion-salarial-docente\/","title":{"rendered":"Diputados dio media sanci\u00f3n al proyecto que garantiza recursos para las universidades y recomposici\u00f3n salarial docente"},"content":{"rendered":"\n<p><strong><em>Mientras Javier Milei se burla del sistema universitario desde el sill\u00f3n presidencial, su bloque en el Congreso demuestra una mezcla de indiferencia y desprecio por la educaci\u00f3n p\u00fablica. La votaci\u00f3n en general del financiamiento universitario fue un acto de resistencia pol\u00edtica, pero tambi\u00e9n dej\u00f3 al desnudo a quienes, en silencio o con cinismo, eligen no defender lo que el pueblo exige preservar.<\/em><\/strong><\/p>\n\n\n\n<p>En una sesi\u00f3n marcada por las tensiones, las ausencias simb\u00f3licas y los silencios ensordecedores, la C\u00e1mara de Diputados finalmente aprob\u00f3 en general el dictamen que garantiza el financiamiento para la educaci\u00f3n universitaria y la recomposici\u00f3n salarial docente. El resultado fue contundente: 158 votos afirmativos, 75 negativos y una cadena de abstenciones que dejaron en evidencia la cobard\u00eda pol\u00edtica de quienes prefieren no comprometerse, ni siquiera frente al colapso de un sistema que forma a generaciones enteras.<\/p>\n\n\n\n<p>Pero lo que debi\u00f3 ser una jornada de celebraci\u00f3n para el sistema universitario argentino, termin\u00f3 por transformarse en una postal de la decadencia institucional: chicanas, micr\u00f3fonos apagados, diputados jugando con perros imaginarios, y una figura omnipresente, aunque ausente f\u00edsicamente: el presidente Javier Milei.<\/p>\n\n\n\n<figure class=\"wp-block-embed is-type-video is-provider-youtube wp-block-embed-youtube wp-embed-aspect-16-9 wp-has-aspect-ratio\"><div class=\"wp-block-embed__wrapper\">\n<iframe loading=\"lazy\" title=\"Media sanci\u00f3n al proyecto que garantiza recursos para universidades y recomposici\u00f3n salarial docente\" width=\"640\" height=\"360\" src=\"https:\/\/www.youtube.com\/embed\/GjgBDmeKIIg?feature=oembed\" frameborder=\"0\" allow=\"accelerometer; autoplay; clipboard-write; encrypted-media; gyroscope; picture-in-picture; web-share\" referrerpolicy=\"strict-origin-when-cross-origin\" allowfullscreen><\/iframe>\n<\/div><\/figure>\n\n\n\n<p>Porque mientras se discut\u00eda el futuro de la educaci\u00f3n p\u00fablica, el mandatario se encontraba, seg\u00fan la chicana de un diputado, \u201ccharlando con Conan\u201d. Y no se trataba de una reuni\u00f3n de gabinete ni de una videollamada de Estado: era, ni m\u00e1s ni menos, que la menci\u00f3n de su perro clonado. Este detalle, que en otro contexto podr\u00eda causar risa o desconcierto, resume con el nivel de desprecio con el que el Ejecutivo trata a las instituciones, al Congreso y, sobre todo, a la universidad p\u00fablica.<\/p>\n\n\n\n<p>Otros legisladores, como Ricardo L\u00f3pez Murphy, optaron por abstenerse, al igual que varios miembros de La Libertad Avanza y el PRO. Esa palabra \u2014\u201cabstenci\u00f3n\u201d\u2014 reson\u00f3 una y otra vez, como una cachetada al clamor de miles que marcharon en defensa de las universidades, de los docentes y del acceso igualitario al conocimiento.<\/p>\n\n\n\n<p>No se trat\u00f3 simplemente de una votaci\u00f3n m\u00e1s. Fue un term\u00f3metro. Una radiograf\u00eda precisa del momento pol\u00edtico que atraviesa la Argentina, donde el cinismo y la frivolidad le ganan terreno al debate serio, donde los micr\u00f3fonos se apagan cuando el discurso incomoda, y donde gritar \u2014literalmente gritar\u2014 parece ser m\u00e1s importante que argumentar.<\/p>\n\n\n\n<p>El proyecto aprobado contempla no solo el financiamiento b\u00e1sico del sistema universitario, sino tambi\u00e9n la recomposici\u00f3n del salario docente, brutalmente castigado por la pol\u00edtica de ajuste que impulsa Milei desde su llegada al poder. Este respaldo legislativo, aunque parcial y todav\u00eda sujeto a tratamiento en particular, constituye una respuesta clara a la ofensiva libertaria contra la universidad p\u00fablica, a la que el presidente ha tildado de \u201cadoctrinadora\u201d y \u201cfoco de privilegios\u201d.<\/p>\n\n\n\n<p>Sin embargo, no todo es victoria. La sesi\u00f3n dej\u00f3 en evidencia a los tibios, a los que se esconden detr\u00e1s de una abstenci\u00f3n para no quedar mal ni con el poder ni con la sociedad. Algunos argumentar\u00e1n razones t\u00e9cnicas, otros apelar\u00e1n al \u201ccontexto econ\u00f3mico\u201d, y los m\u00e1s c\u00ednicos repetir\u00e1n como loros el discurso libertario de \u201clos recursos son limitados\u201d. Pero cuando se trata de educaci\u00f3n, la neutralidad es complicidad.<\/p>\n\n\n\n<p>Resulta inaceptable que, frente a una crisis universitaria sin precedentes, haya sectores pol\u00edticos que elijan mirar para otro lado o, peor a\u00fan, burlarse. Porque mientras algunos diputados ped\u00edan el cierre del debate, otros apenas sab\u00edan c\u00f3mo justificar sus decisiones, y muchos simplemente callaban. No se puede hablar de federalismo si se abandona a las universidades del interior. No se puede hablar de meritocracia si se castiga a los docentes. Y no se puede hablar de libertad si se ahoga al sistema que garantiza el acceso libre y gratuito al conocimiento.<\/p>\n\n\n\n<p>Cada abstenci\u00f3n, cada micr\u00f3fono apagado, cada intervenci\u00f3n vac\u00eda de contenido, suma a la erosi\u00f3n de la democracia. Lo que est\u00e1 en juego no es solo el presupuesto de las universidades, sino el proyecto de pa\u00eds que queremos. \u00bfUno donde la educaci\u00f3n sea un derecho o un privilegio? \u00bfUno donde los j\u00f3venes puedan so\u00f1ar con una carrera universitaria, o uno donde el saber se compre en cuotas?<\/p>\n\n\n\n<p>La aprobaci\u00f3n de este proyecto es apenas un paso, un punto de partida. Pero la batalla por la universidad p\u00fablica contin\u00faa. Contin\u00faa en cada aula sin calefacci\u00f3n, en cada laboratorio paralizado por falta de insumos, en cada docente que no llega a fin de mes, y en cada estudiante que deja sus estudios porque no puede pagarse el colectivo.<\/p>\n\n\n\n<p>El Congreso, al menos en esta oportunidad, mostr\u00f3 que a\u00fan existe una mayor\u00eda dispuesta a defender la educaci\u00f3n p\u00fablica. Pero el comportamiento de buena parte del bloque oficialista, sus aliados silenciosos y sus c\u00f3mplices abstencionistas, debe quedar registrado. Porque cuando el pueblo vuelva a marchar \u2014y lo har\u00e1\u2014 sabr\u00e1 muy bien qui\u00e9n estuvo del lado de la universidad y qui\u00e9n la dej\u00f3 caer.<\/p>\n\n\n\n<p>La historia no absuelve a los tibios. Y si algo ha demostrado la comunidad universitaria argentina, es que no se rinde. Porque la educaci\u00f3n no se mendiga: se defiende.<br><\/p>\n\n\n\n<p><\/p>\n","protected":false},"excerpt":{"rendered":"<p>Con 158 votos afirmativos y 75 negativos, la C\u00e1mara de Diputados dio media sanci\u00f3n al proyecto que garantiza recursos para las universidades y recomposici\u00f3n salarial docente<\/p>\n","protected":false},"author":13,"featured_media":7259,"comment_status":"open","ping_status":"open","sticky":false,"template":"","format":"standard","meta":{"_monsterinsights_skip_tracking":false,"_monsterinsights_sitenote_active":false,"_monsterinsights_sitenote_note":"","_monsterinsights_sitenote_category":0,"footnotes":"","jetpack_publicize_message":"","jetpack_publicize_feature_enabled":true,"jetpack_social_post_already_shared":true,"jetpack_social_options":{"image_generator_settings":{"template":"highway","default_image_id":0,"font":"","enabled":false},"version":2}},"categories":[2],"tags":[58,257,260,513,276,537,45,72,1474,934],"class_list":["post-7258","post","type-post","status-publish","format-standard","has-post-thumbnail","hentry","category-politica","tag-ajuste","tag-congreso","tag-diputados","tag-docentes","tag-educacion","tag-financiamiento","tag-milei","tag-politica","tag-universidades","tag-votacion"],"jetpack_publicize_connections":[],"_links":{"self":[{"href":"https:\/\/www.enorsai.com\/noticias\/wp-json\/wp\/v2\/posts\/7258","targetHints":{"allow":["GET"]}}],"collection":[{"href":"https:\/\/www.enorsai.com\/noticias\/wp-json\/wp\/v2\/posts"}],"about":[{"href":"https:\/\/www.enorsai.com\/noticias\/wp-json\/wp\/v2\/types\/post"}],"author":[{"embeddable":true,"href":"https:\/\/www.enorsai.com\/noticias\/wp-json\/wp\/v2\/users\/13"}],"replies":[{"embeddable":true,"href":"https:\/\/www.enorsai.com\/noticias\/wp-json\/wp\/v2\/comments?post=7258"}],"version-history":[{"count":3,"href":"https:\/\/www.enorsai.com\/noticias\/wp-json\/wp\/v2\/posts\/7258\/revisions"}],"predecessor-version":[{"id":7262,"href":"https:\/\/www.enorsai.com\/noticias\/wp-json\/wp\/v2\/posts\/7258\/revisions\/7262"}],"wp:featuredmedia":[{"embeddable":true,"href":"https:\/\/www.enorsai.com\/noticias\/wp-json\/wp\/v2\/media\/7259"}],"wp:attachment":[{"href":"https:\/\/www.enorsai.com\/noticias\/wp-json\/wp\/v2\/media?parent=7258"}],"wp:term":[{"taxonomy":"category","embeddable":true,"href":"https:\/\/www.enorsai.com\/noticias\/wp-json\/wp\/v2\/categories?post=7258"},{"taxonomy":"post_tag","embeddable":true,"href":"https:\/\/www.enorsai.com\/noticias\/wp-json\/wp\/v2\/tags?post=7258"}],"curies":[{"name":"wp","href":"https:\/\/api.w.org\/{rel}","templated":true}]}}