{"id":7248,"date":"2025-08-06T15:08:46","date_gmt":"2025-08-06T18:08:46","guid":{"rendered":"https:\/\/www.enorsai.com\/noticias\/?p=7248"},"modified":"2025-08-06T15:08:46","modified_gmt":"2025-08-06T18:08:46","slug":"crisis-pyme-40-empresas-cierran-cada-dia-y-el-sector-reclama-ni-una-pyme-menos","status":"publish","type":"post","link":"https:\/\/www.enorsai.com\/noticias\/politica\/crisis-pyme-40-empresas-cierran-cada-dia-y-el-sector-reclama-ni-una-pyme-menos\/","title":{"rendered":"Crisis PyME: 40 empresas cierran cada d\u00eda y el sector reclama \u201cNi Una Pyme Menos\u201d"},"content":{"rendered":"\n<p>6 de agosto de 2025 | Por Redacci\u00f3n Enorsai<\/p>\n\n\n\n<figure class=\"wp-block-image\"><img decoding=\"async\" src=\"https:\/\/tuservidor.com\/imagenes\/crisis-pymes-2025.jpg\" alt=\"Crisis PYMES cierre masivo gobierno Milei Caputo Leo Bilanski\"\/><figcaption class=\"wp-element-caption\">El sector pyme denuncia una ola de cierres diarios y el \u00e9xodo de funcionarios bajo el modelo econ\u00f3mico de Milei y Caputo.<\/figcaption><\/figure>\n\n\n\n<h2 class=\"wp-block-heading\">Un d\u00e9j\u00e0 vu destructivo: el modelo Milei repite la historia de las pymes bajo el macrismo<\/h2>\n\n\n\n<p>La Argentina atraviesa una ola de cierres de PYMEs in\u00e9dita desde la crisis de 2001. La renuncia y huida de los funcionarios Marcos Ayerra y Esteban Marzoratti del Ministerio de Econom\u00eda \u2014despu\u00e9s de la desaparici\u00f3n de 15.000 empresas\u2014 recuerda la gesti\u00f3n de la era Macri, cuando la UIA y el mismo Luis Caputo aplicaron pol\u00edticas que, seg\u00fan denuncian, \u00abfundieron 25.000 pymes\u00bb. Hoy el sector repite: <strong>otro pa\u00eds, la misma receta: ajuste extremo y abandono productivo<\/strong>.<\/p>\n\n\n\n<h2 class=\"wp-block-heading\">Datos crudos: cada 24 horas cierran 40 pymes y se pierden 500 puestos de trabajo<\/h2>\n\n\n\n<p>Seg\u00fan <strong>Leo Bilanski<\/strong>, presidente de ENAC, el sector registra un promedio de <strong>40 cierres de empresas diarias<\/strong>, lo que se traduce en unos <strong>500 empleos menos por d\u00eda<\/strong>. Desde el inicio de la gesti\u00f3n de Javier Milei, ya se han perdido unas <strong>15.000 pymes<\/strong>.<\/p>\n\n\n\n<p>El propio Secretario Pyme, Marcos Ayerra, admiti\u00f3 que durante 2024 cerraron al menos <strong>13.000 firmas<\/strong>. Aunque algunos informes oficiales brillan por su ausencia \u2013el gobierno dej\u00f3 de publicar boletines clave sobre la seguridad social\u2013 los datos de campo y el testimonio de empresarios confirman una recesi\u00f3n demoledora.<\/p>\n\n\n\n<figure class=\"wp-block-embed is-type-wp-embed is-provider-incrustado wp-block-embed-incrustado\"><div class=\"wp-block-embed__wrapper\">\n<blockquote class=\"wp-embedded-content\" data-secret=\"U1k2NKAe1K\"><a href=\"https:\/\/www.enorsai.com\/noticias\/politica\/plan-milei-apertura-total-atraso-cambiario-y-caida-de-margenes-industriales-el-regreso-a-los-90-segun-sellaro\/\">Plan Milei: Apertura total, atraso cambiario y ca\u00edda de m\u00e1rgenes industriales, el regreso a los \u201990 seg\u00fan Sellaro<\/a><\/blockquote><iframe loading=\"lazy\" class=\"wp-embedded-content\" sandbox=\"allow-scripts\" security=\"restricted\" style=\"position: absolute; visibility: hidden;\" title=\"\u00abPlan Milei: Apertura total, atraso cambiario y ca\u00edda de m\u00e1rgenes industriales, el regreso a los \u201990 seg\u00fan Sellaro\u00bb \u2014 \" src=\"https:\/\/www.enorsai.com\/noticias\/politica\/plan-milei-apertura-total-atraso-cambiario-y-caida-de-margenes-industriales-el-regreso-a-los-90-segun-sellaro\/embed\/#?secret=vanlKzOOtg#?secret=U1k2NKAe1K\" data-secret=\"U1k2NKAe1K\" width=\"600\" height=\"338\" frameborder=\"0\" marginwidth=\"0\" marginheight=\"0\" scrolling=\"no\"><\/iframe>\n<\/div><\/figure>\n\n\n\n<h2 class=\"wp-block-heading\">El ajuste y las tasas asfixian: solo una de cada cuatro empresas gana dinero<\/h2>\n\n\n\n<p>Apenas el <strong>28,4% de las empresas<\/strong> declara rentabilidad positiva, mientras la mayor\u00eda sobrevive o pierde plata. La ca\u00edda de la econom\u00eda real \u2013con un <strong>15% menos de actividad en el sector servicios<\/strong> solo en el segundo trimestre\u2013 y tasas crediticias prohibitivas (35-45%) dejan sin opciones a quienes desean producir.<\/p>\n\n\n\n<p><strong>No hay acceso a financiamiento asequible<\/strong>; el cr\u00e9dito se ha vuelto un privilegio inaccesible. La falta de ventas y los tarifazos suman presi\u00f3n, y casos como el de <strong>L\u00e1cteos Ver\u00f3nica<\/strong> \u2014que pas\u00f3 de 500 a 300 empleados\u2014 ilustran el drama colectivo.<\/p>\n\n\n\n<h2 class=\"wp-block-heading\">Un modelo que excluye: la econom\u00eda real, afuera del radar de Milei y Caputo<\/h2>\n\n\n\n<p>El gobierno apuesta por los <strong>sectores agroexportadores y extractivos<\/strong> mientras las pymes quedan indefensas. La <strong>reconfiguraci\u00f3n del capitalismo argentino<\/strong> bajo la visi\u00f3n libertaria pone en jaque la sobrevivencia de los que producen y dan empleo local.<\/p>\n\n\n\n<figure class=\"wp-block-embed is-type-wp-embed is-provider-incrustado wp-block-embed-incrustado\"><div class=\"wp-block-embed__wrapper\">\n<blockquote class=\"wp-embedded-content\" data-secret=\"IQvr4ZMFJz\"><a href=\"https:\/\/www.enorsai.com\/noticias\/uncategorized\/cordoba-la-provincia-clave-donde-milei-arraso-pero-el-comercio-agoniza-y-la-recesion-ahoga-a-todos\/\">C\u00f3rdoba: la provincia clave donde Milei arras\u00f3, pero el comercio agoniza y la recesi\u00f3n ahoga a todos<\/a><\/blockquote><iframe loading=\"lazy\" class=\"wp-embedded-content\" sandbox=\"allow-scripts\" security=\"restricted\" style=\"position: absolute; visibility: hidden;\" title=\"\u00abC\u00f3rdoba: la provincia clave donde Milei arras\u00f3, pero el comercio agoniza y la recesi\u00f3n ahoga a todos\u00bb \u2014 \" src=\"https:\/\/www.enorsai.com\/noticias\/uncategorized\/cordoba-la-provincia-clave-donde-milei-arraso-pero-el-comercio-agoniza-y-la-recesion-ahoga-a-todos\/embed\/#?secret=kbnQKdl8bY#?secret=IQvr4ZMFJz\" data-secret=\"IQvr4ZMFJz\" width=\"600\" height=\"338\" frameborder=\"0\" marginwidth=\"0\" marginheight=\"0\" scrolling=\"no\"><\/iframe>\n<\/div><\/figure>\n\n\n\n<p>Sin pol\u00edticas activas para sostener y reindustrializar, el tejido econ\u00f3mico nacional se deshilacha y la crisis social se profundiza. La descoordinaci\u00f3n oficial incluso borra del mapa informes b\u00e1sicos de la AFIP, que antes permit\u00edan monitorear con precisi\u00f3n la salud empresarial del pa\u00eds.<\/p>\n\n\n\n<h2 class=\"wp-block-heading\">De la promesa al arrepentimiento: empresarios pyme, descontentos y autocr\u00edticos<\/h2>\n\n\n\n<p>Muchos empresarios que acompa\u00f1aron a Milei en las elecciones hoy admiten p\u00fablicamente su desacierto. La esperanza de un cambio eficaz dio paso a la <strong>frustraci\u00f3n econ\u00f3mica y a la gesti\u00f3n ineficaz del equipo econ\u00f3mico<\/strong>. El movimiento <strong>#NiUnaPymeMenos<\/strong> crece: la consigna se\u00f1ala la urgencia de parar la hemorragia productiva antes de que la recuperaci\u00f3n sea imposible.<\/p>\n\n\n\n<p>La provincia de Santa Fe, por su parte, busca blindar a las pymes desde la Constituci\u00f3n, reconoci\u00e9ndolas como actores esenciales para el desarrollo econ\u00f3mico.<\/p>\n\n\n\n<blockquote class=\"wp-block-quote is-layout-flow wp-block-quote-is-layout-flow\">\n<p>\u201cHoy en la Argentina gobernada por Milei, <strong>cierran 40 pymes por d\u00eda<\/strong>. \u00bfQui\u00e9n se hace cargo de reconstruir el pa\u00eds si desmantelan su aparato productivo?\u201d<br><strong>Leo Bilanski<\/strong>, ENAC, en C5N. <a href=\"https:\/\/youtu.be\/cyjkJnmUA8Y\" rel=\"noreferrer noopener\" target=\"_blank\">Ver entrevista<\/a><\/p>\n<\/blockquote>\n\n\n\n<h3 class=\"wp-block-heading\">Te puede interesar<\/h3>\n\n\n\n<ul class=\"wp-block-list\">\n<li><a href=\"https:\/\/enorsai.com.ar\/economia\/2025\/07\/perdida-pymes-argentina-2025.html\">\u00bfPor qu\u00e9 cierran tantas pymes? Radiograf\u00eda del colapso productivo<\/a><\/li>\n\n\n\n<li><a href=\"https:\/\/enorsai.com.ar\/actualidad\/2025\/07\/empleo-industrial-crisis.html\">El empleo industrial, bajo presi\u00f3n: testimonios y cifras<\/a><\/li>\n\n\n\n<li><a href=\"https:\/\/enorsai.com.ar\/analisis\/2025\/08\/politicas-publicas-pymes.html\">\u00bfSe puede reanimar el tejido pyme? Propuestas y reclamos<\/a><\/li>\n<\/ul>\n\n\n\n<p>Fuente: ENAC, entrevista a Leo Bilanski en <a href=\"https:\/\/enac.org.ar\/usuario\/2\/enac\" rel=\"noreferrer noopener\" target=\"_blank\">ENAC<\/a> | <a href=\"https:\/\/youtu.be\/cyjkJnmUA8Y\" rel=\"noreferrer noopener\" target=\"_blank\">Video C5N<\/a><\/p>\n","protected":false},"excerpt":{"rendered":"<p>Argentina pierde 40 pymes y 500 empleos por d\u00eda bajo el gobierno de Milei; la falta de cr\u00e9dito, el ajuste y el modelo solo beneficia a unos pocos, alertan desde ENAC y el sector empresario.<\/p>\n","protected":false},"author":4,"featured_media":7249,"comment_status":"open","ping_status":"open","sticky":false,"template":"","format":"standard","meta":{"_monsterinsights_skip_tracking":false,"_monsterinsights_sitenote_active":false,"_monsterinsights_sitenote_note":"","_monsterinsights_sitenote_category":0,"footnotes":"","jetpack_publicize_message":"\ud83d\udea8 \u201cCierran 40 pymes por d\u00eda\u201d: la Argentina productiva, en emergencia mientras el gobierno mira para otro lado","jetpack_publicize_feature_enabled":true,"jetpack_social_post_already_shared":false,"jetpack_social_options":{"image_generator_settings":{"template":"highway","default_image_id":0,"font":"","enabled":false},"version":2}},"categories":[3,2],"tags":[2683,2681,2682,2588,2678,179,57,225,32,2471,2684,106,2685,2679,930,301,101,2680,1265,2387],"class_list":["post-7248","post","type-post","status-publish","format-standard","has-post-thumbnail","hentry","category-economia","category-politica","tag-niunapymemenos","tag-agroexportadores","tag-aparato-productivo","tag-c5n","tag-cierre-de-empresas","tag-crisis-economica","tag-desempleo","tag-economia-argentina","tag-empleo","tag-enac","tag-falta-de-credito","tag-javier-milei","tag-lacteos-veronica","tag-leo-bilanski","tag-luis-caputo","tag-pymes","tag-recesion","tag-rentabilidad-pyme","tag-santa-fe","tag-tasas-de-interes"],"jetpack_publicize_connections":[],"_links":{"self":[{"href":"https:\/\/www.enorsai.com\/noticias\/wp-json\/wp\/v2\/posts\/7248","targetHints":{"allow":["GET"]}}],"collection":[{"href":"https:\/\/www.enorsai.com\/noticias\/wp-json\/wp\/v2\/posts"}],"about":[{"href":"https:\/\/www.enorsai.com\/noticias\/wp-json\/wp\/v2\/types\/post"}],"author":[{"embeddable":true,"href":"https:\/\/www.enorsai.com\/noticias\/wp-json\/wp\/v2\/users\/4"}],"replies":[{"embeddable":true,"href":"https:\/\/www.enorsai.com\/noticias\/wp-json\/wp\/v2\/comments?post=7248"}],"version-history":[{"count":1,"href":"https:\/\/www.enorsai.com\/noticias\/wp-json\/wp\/v2\/posts\/7248\/revisions"}],"predecessor-version":[{"id":7250,"href":"https:\/\/www.enorsai.com\/noticias\/wp-json\/wp\/v2\/posts\/7248\/revisions\/7250"}],"wp:featuredmedia":[{"embeddable":true,"href":"https:\/\/www.enorsai.com\/noticias\/wp-json\/wp\/v2\/media\/7249"}],"wp:attachment":[{"href":"https:\/\/www.enorsai.com\/noticias\/wp-json\/wp\/v2\/media?parent=7248"}],"wp:term":[{"taxonomy":"category","embeddable":true,"href":"https:\/\/www.enorsai.com\/noticias\/wp-json\/wp\/v2\/categories?post=7248"},{"taxonomy":"post_tag","embeddable":true,"href":"https:\/\/www.enorsai.com\/noticias\/wp-json\/wp\/v2\/tags?post=7248"}],"curies":[{"name":"wp","href":"https:\/\/api.w.org\/{rel}","templated":true}]}}