{"id":7233,"date":"2025-08-06T10:02:20","date_gmt":"2025-08-06T13:02:20","guid":{"rendered":"https:\/\/www.enorsai.com\/noticias\/?p=7233"},"modified":"2025-08-06T10:02:20","modified_gmt":"2025-08-06T13:02:20","slug":"ramos-padilla-explica-los-cambios-clave-en-las-elecciones-bonaerenses-votan-mas-cerca-el-padron-es-mas-limpio-y-hay-plan-para-evitar-el-ausentismo","status":"publish","type":"post","link":"https:\/\/www.enorsai.com\/noticias\/politica\/ramos-padilla-explica-los-cambios-clave-en-las-elecciones-bonaerenses-votan-mas-cerca-el-padron-es-mas-limpio-y-hay-plan-para-evitar-el-ausentismo\/","title":{"rendered":"Ramos Padilla explica los cambios clave en las elecciones bonaerenses: \u201cVotan m\u00e1s cerca, el padr\u00f3n es m\u00e1s limpio y hay plan para evitar el ausentismo\u201d"},"content":{"rendered":"\n<p>8 de agosto de 2025 | Por Redacci\u00f3n Enorsai<\/p>\n\n\n\n<figure class=\"wp-block-image\"><img decoding=\"async\" src=\"https:\/\/tuservidor.com\/imagenes\/ramos-padilla-elecciones-pba-2025.jpg\" alt=\"Alejo Ramos Padilla elecciones bonaerenses cambios circuitos 2025\"\/><figcaption class=\"wp-element-caption\">Alejo Ramos Padilla, juez federal electoral bonaerense, explica las reformas en la organizaci\u00f3n y padr\u00f3n de las elecciones 2025.<\/figcaption><\/figure>\n\n\n\n<h2 class=\"wp-block-heading\">Voto m\u00e1s accesible y circuito sincero: los nuevos ejes de la organizaci\u00f3n electoral bonaerense<\/h2>\n\n\n\n<p>El juez federal con competencia electoral en Buenos Aires, <strong><a href=\"https:\/\/es.wikipedia.org\/wiki\/Alejo_Ramos_Padilla\">Alejo Ramos Padilla<\/a><\/strong>, explic\u00f3 en Radio 10 los profundos cambios log\u00edsticos, geogr\u00e1ficos y t\u00e9cnicos de cara a las elecciones legislativas bonaerenses del 7 de septiembre.<\/p>\n\n\n\n<p>\u201cLa Provincia representa el 40% del padr\u00f3n nacional: votar en condiciones \u00f3ptimas es un derecho, no una excepci\u00f3n\u201d, afirm\u00f3. Entre las novedades m\u00e1s relevantes:<\/p>\n\n\n\n<ul class=\"wp-block-list\">\n<li><strong>Se incorporaron 500 nuevos lugares de votaci\u00f3n<\/strong> (mayoritariamente escuelas), priorizando accesibilidad, ba\u00f1os y techos para autoridades de mesa.<\/li>\n\n\n\n<li>Con la colaboraci\u00f3n de municipios y el <a href=\"https:\/\/es.wikipedia.org\/wiki\/Registro_Nacional_de_las_Personas_(Argentina)\">RENAPER<\/a>, <strong>se geolocaliz\u00f3 cada escuela y se sinceraron los domicilios<\/strong> para que el votante no deba tomar dos colectivos ni trasladarse lejos, salvo excepciones log\u00edsticas puntuales.<\/li>\n\n\n\n<li>En los distritos que lo pidieron (San Mart\u00edn, Almirante Brown, Mar del Plata, entre otros) se realiz\u00f3 una \u201crecircuitaci\u00f3n\u201d para achicar distancias y que cada circuito tenga locales pr\u00f3ximos y bien distribuidos. <\/li>\n<\/ul>\n\n\n\n<h2 class=\"wp-block-heading\">\u00bfPor qu\u00e9 se implementaron tantos cambios y qui\u00e9n los pidi\u00f3?<\/h2>\n\n\n\n<p>La decisi\u00f3n surge tanto de <strong>nueva normativa nacional<\/strong> (Boleta \u00danica de Papel, suspensi\u00f3n de PASO nacionales y bonaerenses, desdoblamiento electoral) como de <strong>pedidos t\u00e9cnicos<\/strong> del juzgado y de los municipios, en acuerdo con el gobierno provincial.<\/p>\n\n\n\n<figure class=\"wp-block-embed is-type-wp-embed is-provider-incrustado wp-block-embed-incrustado\"><div class=\"wp-block-embed__wrapper\">\n<blockquote class=\"wp-embedded-content\" data-secret=\"9ldO9onSLi\"><a href=\"https:\/\/www.enorsai.com\/noticias\/economia\/la-uia-advierte-se-pierden-1-500-empleos-por-mes-y-las-pymis-no-resisten-mas\/\">La UIA advierte: \u201cSe pierden 1.500 empleos por mes y las PyMIs no resisten m\u00e1s\u201d<\/a><\/blockquote><iframe loading=\"lazy\" class=\"wp-embedded-content\" sandbox=\"allow-scripts\" security=\"restricted\" style=\"position: absolute; visibility: hidden;\" title=\"\u00abLa UIA advierte: \u201cSe pierden 1.500 empleos por mes y las PyMIs no resisten m\u00e1s\u201d\u00bb \u2014 \" src=\"https:\/\/www.enorsai.com\/noticias\/economia\/la-uia-advierte-se-pierden-1-500-empleos-por-mes-y-las-pymis-no-resisten-mas\/embed\/#?secret=CfPVavYbNw#?secret=9ldO9onSLi\" data-secret=\"9ldO9onSLi\" width=\"600\" height=\"338\" frameborder=\"0\" marginwidth=\"0\" marginheight=\"0\" scrolling=\"no\"><\/iframe>\n<\/div><\/figure>\n\n\n\n<p>\u201cNo hay injerencia pol\u00edtico-partidaria: es un trabajo t\u00e9cnico y log\u00edstico estructural, que lleva a\u00f1os, y apunta a un padr\u00f3n m\u00e1s limpio, accesible y transparente\u201d, aclar\u00f3 Ramos Padilla, resaltando la colaboraci\u00f3n de 135 municipios y la Direcci\u00f3n General de Escuelas.<\/p>\n\n\n\n<p>Se eliminaron inconsistencias, como doble domicilio o fallecidos, y se georreferenciaron escuelas para acomodar la mayor cantidad de mesas cerca del domicilio real del votante.<\/p>\n\n\n\n<h2 class=\"wp-block-heading\">\u00bfHabr\u00e1 m\u00e1s o menos ausentismo electoral?<\/h2>\n\n\n\n<p>Consultado sobre el impacto real en la participaci\u00f3n, Ramos Padilla fue contundente:<\/p>\n\n\n\n<blockquote class=\"wp-block-quote is-layout-flow wp-block-quote-is-layout-flow\">\n<p>\u201cNo hay evidencia en ciencia pol\u00edtica de que votar en otra escuela del circuito cause mayor ausentismo. De hecho, en 2011, cuando el padr\u00f3n femenino y masculino se unific\u00f3 y todos cambiaron de lugar, la participaci\u00f3n fue del 81%. En 2021, con corrimientos por pandemia, fue del 68%. Las razones de la baja involucrancia pasan por la fatiga electoral, el clima general&#8230; no por la log\u00edstica escolar.\u201d<\/p>\n\n\n\n<p><a href=\"https:\/\/www.enorsai.com.ar\/politica\/42713-la-antipolitica-deja-al-pais-sin-futuro--mayans--categorico-sobre-milei-y-el-ajuste.html\"><strong>\u00abLa antipol\u00edtica deja al pa\u00eds sin futuro\u201d<\/strong><\/a><\/p>\n<\/blockquote>\n\n\n\n<p>Adem\u00e1s, destaca que este a\u00f1o los lugares de votaci\u00f3n se publican incluso antes de la obligaci\u00f3n legal (30 d\u00edas antes), lo que permite estar informados y consultar con tiempo.<\/p>\n\n\n\n<p>Se capacitar\u00e1n autoridades de mesa en los 135 municipios y habr\u00e1 coordinaci\u00f3n especial con universidades p\u00fablicas, sumando mayores garant\u00edas log\u00edsticas y de transparencia.<\/p>\n\n\n\n<figure class=\"wp-block-embed is-type-wp-embed is-provider-incrustado wp-block-embed-incrustado\"><div class=\"wp-block-embed__wrapper\">\n<blockquote class=\"wp-embedded-content\" data-secret=\"Fcj67S5SOC\"><a href=\"https:\/\/www.enorsai.com\/noticias\/politica\/plan-milei-apertura-total-atraso-cambiario-y-caida-de-margenes-industriales-el-regreso-a-los-90-segun-sellaro\/\">Plan Milei: Apertura total, atraso cambiario y ca\u00edda de m\u00e1rgenes industriales, el regreso a los \u201990 seg\u00fan Sellaro<\/a><\/blockquote><iframe loading=\"lazy\" class=\"wp-embedded-content\" sandbox=\"allow-scripts\" security=\"restricted\" style=\"position: absolute; visibility: hidden;\" title=\"\u00abPlan Milei: Apertura total, atraso cambiario y ca\u00edda de m\u00e1rgenes industriales, el regreso a los \u201990 seg\u00fan Sellaro\u00bb \u2014 \" src=\"https:\/\/www.enorsai.com\/noticias\/politica\/plan-milei-apertura-total-atraso-cambiario-y-caida-de-margenes-industriales-el-regreso-a-los-90-segun-sellaro\/embed\/#?secret=JeFBsWQ6Z1#?secret=Fcj67S5SOC\" data-secret=\"Fcj67S5SOC\" width=\"600\" height=\"338\" frameborder=\"0\" marginwidth=\"0\" marginheight=\"0\" scrolling=\"no\"><\/iframe>\n<\/div><\/figure>\n\n\n\n<h2 class=\"wp-block-heading\">Resumen: claves pr\u00e1cticas para el votante bonaerense<\/h2>\n\n\n\n<ul class=\"wp-block-list\">\n<li>El lugar de votaci\u00f3n puede cambiar, pero en la gran mayor\u00eda votar\u00e1n <strong>m\u00e1s cerca y en mejores condiciones<\/strong> de accesibilidad.<\/li>\n\n\n\n<li>Escuelas, no jardines de infantes: se prioriza mobiliario y ba\u00f1os aptos para mayores y personas con discapacidad.<\/li>\n\n\n\n<li>El padr\u00f3n est\u00e1 \u201climpio\u201d, no hay fallecidos ni domicilios declarativos ajenos.<\/li>\n\n\n\n<li>Si hay cambio de escuela es por organizaci\u00f3n de circuito, no por intenci\u00f3n pol\u00edtica.<\/li>\n\n\n\n<li>Pod\u00e9s consultar tu lugar de votaci\u00f3n ya mismo y sugerir mejoras si tu caso es excepcional.<\/li>\n<\/ul>\n\n\n\n<h3 class=\"wp-block-heading\">Te puede interesar<\/h3>\n\n\n\n<ul class=\"wp-block-list\">\n<li><a href=\"https:\/\/enorsai.com.ar\/actualidad\/2025\/08\/como-consultar-lugar-votacion-pba.html\">C\u00f3mo consultar tu nuevo lugar de votaci\u00f3n en las elecciones bonaerenses 2025<\/a><\/li>\n\n\n\n<li><a href=\"https:\/\/enorsai.com.ar\/analisis\/2025\/07\/cambios-padronelectoral-buenosaires.html\">\u00bfPor qu\u00e9 cambi\u00f3 el padr\u00f3n y qu\u00e9 significa votar en otro circuito?<\/a><\/li>\n\n\n\n<li><a href=\"https:\/\/enorsai.com.ar\/opinion\/2025\/08\/participacion-electoral-buenosaires.html\">C\u00f3mo evitar el ausentismo y defender tu voto<\/a><\/li>\n<\/ul>\n\n\n\n<p>Fuente: <a href=\"https:\/\/www.radio10.com.ar\/\" rel=\"noreferrer noopener\" target=\"_blank\">Radio 10 &#8211; Ma\u00f1ana Sylvestre<\/a><\/p>\n","protected":false},"excerpt":{"rendered":"<p>8 de agosto de 2025 | Por Redacci\u00f3n Enorsai Voto m\u00e1s accesible y circuito sincero: los nuevos ejes de la organizaci\u00f3n electoral bonaerense El juez federal con competencia electoral en Buenos Aires, Alejo Ramos Padilla, explic\u00f3 en Radio 10 los profundos cambios log\u00edsticos, geogr\u00e1ficos y t\u00e9cnicos de cara a las elecciones legislativas bonaerenses del 7&#8230;<\/p>\n","protected":false},"author":4,"featured_media":7234,"comment_status":"open","ping_status":"open","sticky":false,"template":"","format":"standard","meta":{"_monsterinsights_skip_tracking":false,"_monsterinsights_sitenote_active":false,"_monsterinsights_sitenote_note":"","_monsterinsights_sitenote_category":0,"footnotes":"","jetpack_publicize_message":"\ud83d\uddf3\ufe0f Ramos Padilla: \u201cEn las elecciones bonaerenses, el 70% vota m\u00e1s cerca y el padr\u00f3n est\u00e1 m\u00e1s limpio que nunca\u201d","jetpack_publicize_feature_enabled":true,"jetpack_social_post_already_shared":false,"jetpack_social_options":{"image_generator_settings":{"template":"highway","default_image_id":0,"font":"","enabled":false},"version":2}},"categories":[2,4],"tags":[2676,2670,2672,2667,2665,2677,2669,1632,2673,2671,2675,2666,285,2362,2668,2674],"class_list":["post-7233","post","type-post","status-publish","format-standard","has-post-thumbnail","hentry","category-politica","category-sociedad","tag-2676","tag-accesibilidad","tag-ausentismo-electoral","tag-boleta-unica-papel","tag-cambios-circuito-electoral","tag-desdoblamiento-elecciones","tag-elecciones-bonaerenses","tag-escuelas","tag-logistica-electoral","tag-lugar-de-votacion","tag-municipios-bonaerenses","tag-padron-electoral","tag-provincia-de-buenos-aires","tag-radio-10","tag-ramos-padilla","tag-recircuitacion"],"jetpack_publicize_connections":[],"_links":{"self":[{"href":"https:\/\/www.enorsai.com\/noticias\/wp-json\/wp\/v2\/posts\/7233","targetHints":{"allow":["GET"]}}],"collection":[{"href":"https:\/\/www.enorsai.com\/noticias\/wp-json\/wp\/v2\/posts"}],"about":[{"href":"https:\/\/www.enorsai.com\/noticias\/wp-json\/wp\/v2\/types\/post"}],"author":[{"embeddable":true,"href":"https:\/\/www.enorsai.com\/noticias\/wp-json\/wp\/v2\/users\/4"}],"replies":[{"embeddable":true,"href":"https:\/\/www.enorsai.com\/noticias\/wp-json\/wp\/v2\/comments?post=7233"}],"version-history":[{"count":1,"href":"https:\/\/www.enorsai.com\/noticias\/wp-json\/wp\/v2\/posts\/7233\/revisions"}],"predecessor-version":[{"id":7235,"href":"https:\/\/www.enorsai.com\/noticias\/wp-json\/wp\/v2\/posts\/7233\/revisions\/7235"}],"wp:featuredmedia":[{"embeddable":true,"href":"https:\/\/www.enorsai.com\/noticias\/wp-json\/wp\/v2\/media\/7234"}],"wp:attachment":[{"href":"https:\/\/www.enorsai.com\/noticias\/wp-json\/wp\/v2\/media?parent=7233"}],"wp:term":[{"taxonomy":"category","embeddable":true,"href":"https:\/\/www.enorsai.com\/noticias\/wp-json\/wp\/v2\/categories?post=7233"},{"taxonomy":"post_tag","embeddable":true,"href":"https:\/\/www.enorsai.com\/noticias\/wp-json\/wp\/v2\/tags?post=7233"}],"curies":[{"name":"wp","href":"https:\/\/api.w.org\/{rel}","templated":true}]}}