{"id":7228,"date":"2025-08-06T08:54:54","date_gmt":"2025-08-06T11:54:54","guid":{"rendered":"https:\/\/www.enorsai.com\/noticias\/?p=7228"},"modified":"2025-08-06T08:54:54","modified_gmt":"2025-08-06T11:54:54","slug":"plan-milei-apertura-total-atraso-cambiario-y-caida-de-margenes-industriales-el-regreso-a-los-90-segun-sellaro","status":"publish","type":"post","link":"https:\/\/www.enorsai.com\/noticias\/politica\/plan-milei-apertura-total-atraso-cambiario-y-caida-de-margenes-industriales-el-regreso-a-los-90-segun-sellaro\/","title":{"rendered":"Plan Milei: Apertura total, atraso cambiario y ca\u00edda de m\u00e1rgenes industriales, el regreso a los \u201990 seg\u00fan Sellaro"},"content":{"rendered":"\n<p>7 de agosto de 2025 | Por Redacci\u00f3n Enorsai<\/p>\n\n\n\n<figure class=\"wp-block-image\"><img decoding=\"async\" src=\"https:\/\/tuservidor.com\/imagenes\/plan-milei-analisis-sellaro-2025.jpg\" alt=\"Plan econ\u00f3mico Milei an\u00e1lisis Carlos Sellaro, apertura y crisis industrial\"\/><figcaption class=\"wp-element-caption\">Para el economista Sellaro, el modelo Milei repite el de los<strong> <a href=\"https:\/\/es.wikipedia.org\/wiki\/Crisis_econ%C3%B3mica_en_Argentina_(1998-2002)\" data-type=\"link\" data-id=\"https:\/\/es.wikipedia.org\/wiki\/Crisis_econ%C3%B3mica_en_Argentina_(1998-2002)\">a\u00f1os 90<\/a><\/strong>: apertura, atraso cambiario y ca\u00edda de la industria.<\/figcaption><\/figure>\n\n\n\n<h2 class=\"wp-block-heading\">El plan Milei: apertura, bimonetarismo y ajuste fiscal con sello noventista<\/h2>\n\n\n\n<p>El economista <strong>Carlos Sellaro<\/strong> analiz\u00f3 en Radio Victoria que el plan econ\u00f3mico de Javier Milei replica los lineamientos de la <a href=\"https:\/\/www.enorsai.com.ar\/politica\/41989-el-circulo-vicioso--de-martinez-de-hoz-a-javier-mile--el-ataque-sistematico-a-la-industria-nacional-y-los-trabajadores.html\"><strong>d\u00e9cada del \u201990<\/strong><\/a>, asentado en cuatro pilares:<\/p>\n\n\n\n<ul class=\"wp-block-list\">\n<li><strong>Apertura econ\u00f3mica acelerada<\/strong> (importaciones sin freno);<\/li>\n\n\n\n<li><strong>Desregulaci\u00f3n<\/strong> \u2013con Sturzenegger al frente\u2013;<\/li>\n\n\n\n<li><strong>Sistema bimonetario<\/strong> (d\u00f3lar o peso, opci\u00f3n libre);<\/li>\n\n\n\n<li><strong>Ajuste fiscal<\/strong> para garantizar super\u00e1vit a cualquier precio.<\/li>\n<\/ul>\n\n\n\n<p>\u201cNo hay sorpresas: Milei hace exactamente lo que prometi\u00f3 en campa\u00f1a\u201d, remarc\u00f3 Sellaro, recordando la promesa de abrir la econom\u00eda \u201ca la chilena\u201d y bajar la inflaci\u00f3n \u201ccueste lo que cueste\u201d.<\/p>\n\n\n\n<h2 class=\"wp-block-heading\">Baja de inflaci\u00f3n, pero a costa del poder adquisitivo y la competitividad<\/h2>\n\n\n\n<p>Si bien el descenso de la inflaci\u00f3n es visible, Sellaro advierte que el precio es alt\u00edsimo: \u201cSe paga con ca\u00edda del poder adquisitivo, atraso cambiario y baja de la competitividad sectorial\u201d. Ejemplo: <strong>Argentina importa ahora carne y cerdo de Brasil<\/strong>, se\u00f1al de p\u00e9rdida de competitividad interna. El modelo de frenar el d\u00f3lar para domar la inflaci\u00f3n \u2013repetido por todos los gobiernos, de Menem a Cristina, Macri y ahora Milei\u2013 siempre termina en menor rentabilidad y mayores problemas para la industria nacional.<\/p>\n\n\n\n<h2 class=\"wp-block-heading\">Importaciones versus industria: ganadores y perdedores<\/h2>\n\n\n\n<p>La apertura extrema divide la econom\u00eda en dos: algunos sectores productores \u2013como el agro que ahora puede importar maquinaria agr\u00edcola usada, a precios impensados antes\u2013 encuentran ventajas, pero la <strong>industria local y muchas pymes quedan condenadas<\/strong>. \u201cEn cada rubro hay ganadores y perdedores. El problema es la velocidad: pocas empresas industriales pueden reconvertirse a tiempo\u201d, explic\u00f3 Sellaro, citando casos de productores que ya importan cosechadoras usadas a menos de un tercio del precio local. <\/p>\n\n\n\n<figure class=\"wp-block-embed is-type-wp-embed is-provider-incrustado wp-block-embed-incrustado\"><div class=\"wp-block-embed__wrapper\">\n<blockquote class=\"wp-embedded-content\" data-secret=\"O3ewF5RrXL\"><a href=\"https:\/\/www.enorsai.com\/noticias\/economia\/la-uia-advierte-se-pierden-1-500-empleos-por-mes-y-las-pymis-no-resisten-mas\/\">La UIA advierte: \u201cSe pierden 1.500 empleos por mes y las PyMIs no resisten m\u00e1s\u201d<\/a><\/blockquote><iframe loading=\"lazy\" class=\"wp-embedded-content\" sandbox=\"allow-scripts\" security=\"restricted\" style=\"position: absolute; visibility: hidden;\" title=\"\u00abLa UIA advierte: \u201cSe pierden 1.500 empleos por mes y las PyMIs no resisten m\u00e1s\u201d\u00bb \u2014 \" src=\"https:\/\/www.enorsai.com\/noticias\/economia\/la-uia-advierte-se-pierden-1-500-empleos-por-mes-y-las-pymis-no-resisten-mas\/embed\/#?secret=lZ2szFlk90#?secret=O3ewF5RrXL\" data-secret=\"O3ewF5RrXL\" width=\"600\" height=\"338\" frameborder=\"0\" marginwidth=\"0\" marginheight=\"0\" scrolling=\"no\"><\/iframe>\n<\/div><\/figure>\n\n\n\n<h2 class=\"wp-block-heading\">El derrumbe de los m\u00e1rgenes y la estrategia de sobrevivir<\/h2>\n\n\n\n<p>El margen de rentabilidad en la industria, el comercio y los servicios \u201ccae a m\u00ednimos hist\u00f3ricos\u201d. Ante el avance de las importaciones y la presi\u00f3n fiscal, las empresas enfrentan el dilema: reconvertir tecnolog\u00eda, ajustar costos o aumentar escala, pero casi sin margen. \u201cMuchos empresarios en Entre R\u00edos, Santa Fe y C\u00f3rdoba hoy solo hablan de c\u00f3mo achicar costos y sobrevivir; algunos podr\u00e1n adaptarse, otros quedar\u00e1n en el camino\u201d, alert\u00f3 Sellaro.<\/p>\n\n\n\n<p>El ajuste, reconoci\u00f3, no es novedoso: <strong>es la versi\u00f3n acelerada del experimento de los a\u00f1os \u201990, pero con menos tiempo de adaptaci\u00f3n y un contexto global que impide sostener el mismo modelo<\/strong>.<\/p>\n\n\n\n<h2 class=\"wp-block-heading\">\u00bfInflaci\u00f3n de un d\u00edgito&#8230; a qu\u00e9 costo?<\/h2>\n\n\n\n<p>Sellaro no descarta que, si siguen los mismos ejes, \u201cla inflaci\u00f3n a un d\u00edgito en 2026 es posible, pero el camino es un pa\u00eds que importa lo que antes produc\u00eda, salarios depreciados y empresas en crisis\u201d. El debate ya no es solo bajarla, sino c\u00f3mo y a qu\u00e9 precio social y productivo.<\/p>\n\n\n\n<h3 class=\"wp-block-heading\">Te puede interesar<\/h3>\n\n\n\n<ul class=\"wp-block-list\">\n<li><a href=\"https:\/\/enorsai.com.ar\/economia\/2025\/07\/caida-industria-apertura-importaciones.html\">La industria frente a la apertura: ganadores, perdedores y futuro<\/a><\/li>\n\n\n\n<li><a href=\"https:\/\/enorsai.com.ar\/economia\/2025\/08\/modelo-90s-milei.html\">\u00bfVuelve el modelo de los \u201990? Claves de la econom\u00eda Milei<\/a><\/li>\n\n\n\n<li><a href=\"https:\/\/enorsai.com.ar\/analisis\/2025\/07\/ajuste-costo-social-milei.html\">El ajuste de Milei: impacto en salarios y calidad de vida<\/a><\/li>\n<\/ul>\n\n\n\n<p>Fuente: <a href=\"https:\/\/am980radiovictoria.com.ar\/\" rel=\"noreferrer noopener\" target=\"_blank\">AM 980 Radio Victoria<\/a><\/p>\n","protected":false},"excerpt":{"rendered":"<p>7 de agosto de 2025 | Por Redacci\u00f3n Enorsai El plan Milei: apertura, bimonetarismo y ajuste fiscal con sello noventista El economista Carlos Sellaro analiz\u00f3 en Radio Victoria que el plan econ\u00f3mico de Javier Milei replica los lineamientos de la d\u00e9cada del \u201990, asentado en cuatro pilares: \u201cNo hay sorpresas: Milei hace exactamente lo que&#8230;<\/p>\n","protected":false},"author":4,"featured_media":7229,"comment_status":"open","ping_status":"open","sticky":false,"template":"","format":"standard","meta":{"_monsterinsights_skip_tracking":false,"_monsterinsights_sitenote_active":false,"_monsterinsights_sitenote_note":"","_monsterinsights_sitenote_category":0,"footnotes":"","jetpack_publicize_message":"\ud83d\udea8 C\u00f3rdoba, Santa Fe y Entre R\u00edos bajo presi\u00f3n: el \u201cplan Milei\u201d dispara importaciones y achica la industria, advierte Sellaro","jetpack_publicize_feature_enabled":true,"jetpack_social_post_already_shared":false,"jetpack_social_options":{"image_generator_settings":{"template":"highway","default_image_id":0,"font":"","enabled":false},"version":2}},"categories":[3,2],"tags":[58,2664,2657,2659,2660,2656,2655,2658,225,936,288,227,2663,2010,2662,2661,53,226],"class_list":["post-7228","post","type-post","status-publish","format-standard","has-post-thumbnail","hentry","category-economia","category-politica","tag-ajuste","tag-am-980-radio-victoria","tag-apertura-economica","tag-atraso-cambiario","tag-bimonetarismo","tag-carlos-sellaro","tag-competitividad","tag-decada-del-90","tag-economia-argentina","tag-importaciones","tag-industria-nacional","tag-inflacion","tag-modelo-menemista","tag-plan-economico-milei","tag-poder-adquisitivo","tag-rentabilidad-empresas","tag-sector-agropecuario","tag-superavit-fiscal"],"jetpack_publicize_connections":[],"_links":{"self":[{"href":"https:\/\/www.enorsai.com\/noticias\/wp-json\/wp\/v2\/posts\/7228","targetHints":{"allow":["GET"]}}],"collection":[{"href":"https:\/\/www.enorsai.com\/noticias\/wp-json\/wp\/v2\/posts"}],"about":[{"href":"https:\/\/www.enorsai.com\/noticias\/wp-json\/wp\/v2\/types\/post"}],"author":[{"embeddable":true,"href":"https:\/\/www.enorsai.com\/noticias\/wp-json\/wp\/v2\/users\/4"}],"replies":[{"embeddable":true,"href":"https:\/\/www.enorsai.com\/noticias\/wp-json\/wp\/v2\/comments?post=7228"}],"version-history":[{"count":1,"href":"https:\/\/www.enorsai.com\/noticias\/wp-json\/wp\/v2\/posts\/7228\/revisions"}],"predecessor-version":[{"id":7230,"href":"https:\/\/www.enorsai.com\/noticias\/wp-json\/wp\/v2\/posts\/7228\/revisions\/7230"}],"wp:featuredmedia":[{"embeddable":true,"href":"https:\/\/www.enorsai.com\/noticias\/wp-json\/wp\/v2\/media\/7229"}],"wp:attachment":[{"href":"https:\/\/www.enorsai.com\/noticias\/wp-json\/wp\/v2\/media?parent=7228"}],"wp:term":[{"taxonomy":"category","embeddable":true,"href":"https:\/\/www.enorsai.com\/noticias\/wp-json\/wp\/v2\/categories?post=7228"},{"taxonomy":"post_tag","embeddable":true,"href":"https:\/\/www.enorsai.com\/noticias\/wp-json\/wp\/v2\/tags?post=7228"}],"curies":[{"name":"wp","href":"https:\/\/api.w.org\/{rel}","templated":true}]}}